{"id":8305,"date":"2025-05-28T07:55:48","date_gmt":"2025-05-28T07:55:48","guid":{"rendered":"https:\/\/revistacienciaecultura.org.br\/?p=8305"},"modified":"2025-10-15T13:10:23","modified_gmt":"2025-10-15T13:10:23","slug":"8305","status":"publish","type":"post","link":"https:\/\/revistacienciaecultura.org.br\/?p=8305","title":{"rendered":"O encontro da medicina com a f\u00edsica qu\u00e2ntica"},"content":{"rendered":"<h4 id=\"diagnosticos-tratamentos-e-pesquisas\">Diagn\u00f3sticos, tratamentos e pesquisas<\/h4>\n<p>&nbsp;<\/p>\n<p>Quando algo \u00e9 t\u00e3o pequeno que at\u00e9 mesmo as leis da f\u00edsica tradicional deixam de funcionar, entra em cena um conjunto especial de regras e princ\u00edpios que \u00e9 capaz de explicar a intera\u00e7\u00e3o entre part\u00edculas menores que um \u00e1tomo \u2013 a f\u00edsica qu\u00e2ntica. Prestes a completar cem anos, essa \u00e1rea da ci\u00eancia j\u00e1 \u00e9 a base de diversas tecnologias bem conhecidas, como o GPS, as canetas laser e alguns dos componentes fundamentais para o funcionamento de chips e smartphones. No entanto, avan\u00e7os recentes mostraram que os processos qu\u00e2nticos est\u00e3o presentes de uma forma ainda mais \u00edntima em nosso cotidiano, tendo efeito, inclusive, nas c\u00e9lulas que formam os organismos vivos. Essa percep\u00e7\u00e3o abriu caminho para a aplica\u00e7\u00e3o dos preceitos da f\u00edsica qu\u00e2ntica em diversos n\u00edveis na \u00e1rea da sa\u00fade, desde a pesquisa cl\u00ednica at\u00e9 a cria\u00e7\u00e3o de terapias pouco invasivas e com efeitos colaterais reduzidos. A partir dessas ideias, a \u201cmedicina qu\u00e2ntica\u201d come\u00e7a a dissolver as fronteiras entre a f\u00edsica e a medicina e transforma o modo como entendemos e tratamos o corpo humano.<\/p>\n<p>Embora, popularmente, o nome \u201cmedicina qu\u00e2ntica\u201d j\u00e1 tenha sido associado a pr\u00e1ticas sem respaldo cient\u00edfico, em laborat\u00f3rios e centros de pesquisa, a express\u00e3o designa a aplica\u00e7\u00e3o leg\u00edtima da f\u00edsica qu\u00e2ntica na medicina, com foco em resultados mensur\u00e1veis e test\u00e1veis. Com essa abordagem, \u00e9 poss\u00edvel observar e manipular rea\u00e7\u00f5es que ocorrem no interior das c\u00e9lulas em escalas extremamente pequenas, revelando possibilidades antes invis\u00edveis. \u201cO ind\u00edcio de fen\u00f4menos qu\u00e2nticos ocorrendo em certos processos biol\u00f3gicos faz com que a gente veja a biologia por outra perspectiva\u201d, diz Eveliny Nery, pesquisadora no departamento de Neuroci\u00eancia e Engenharia Biom\u00e9dica da <strong><a href=\"https:\/\/www.aalto.fi\/en\" target=\"_blank\" rel=\"noopener\"><span style=\"color: #800000;\">Universidade de Aalto<\/span><\/a><\/strong>, na Finl\u00e2ndia. \u201cEnquanto a biologia qu\u00e2ntica investiga se e como fen\u00f4menos qu\u00e2nticos podem persistir de forma relevante em organismos vivos, a medicina qu\u00e2ntica procura utilizar tal conhecimento no tratamento de certas doen\u00e7as, por exemplo\u201d, aponta a pesquisadora. Em alguns casos, as promessas v\u00e3o al\u00e9m. \u201cSensores baseados em efeitos qu\u00e2nticos dever\u00e3o melhorar a detec\u00e7\u00e3o de doen\u00e7as antes mesmo de elas mostrarem seus sintomas cl\u00ednicos\u201d, revela o f\u00edsico Vanderlei Bagnato, do Centro de Pesquisa em \u00d3ptica e Fot\u00f4nica da <span style=\"color: #800000;\"><strong><a style=\"color: #800000;\" href=\"https:\/\/www5.usp.br\/\" target=\"_blank\" rel=\"noopener\">Universidade de S\u00e3o Paulo (USP)<\/a><\/strong><\/span>.<\/p>\n<p>&nbsp;<\/p>\n<h4 id=\"fisica-quantica-tecnologia-e-o-diagnostico-de-doencas\"><strong>F\u00edsica qu\u00e2ntica, tecnologia e o diagn\u00f3stico de doen\u00e7as<\/strong><\/h4>\n<p>Ainda que essas ideias pare\u00e7am ter sa\u00eddo diretamente de um filme de fic\u00e7\u00e3o cient\u00edfica, muitas delas j\u00e1 est\u00e3o em desenvolvimento e outras, como a resson\u00e2ncia magn\u00e9tica, fazem parte da rotina di\u00e1ria de hospitais e centros de pesquisa ao redor do planeta. Pedro Alvarez, mestre em F\u00edsica pela <span style=\"color: #800000;\"><strong><a style=\"color: #800000;\" href=\"https:\/\/unicamp.br\/\" target=\"_blank\" rel=\"noopener\">Universidade de Campinas (Unicamp)<\/a><\/strong><\/span> e doutorando na <span style=\"color: #800000;\"><strong><a style=\"color: #800000;\" href=\"https:\/\/uol.de\/en\/\" target=\"_blank\" rel=\"noopener\">Universidade de Oldenburg<\/a><\/strong><\/span>, na Alemanha, explica que o princ\u00edpio por tr\u00e1s dessa tecnologia est\u00e1 em uma propriedade fundamental das part\u00edculas subat\u00f4micas, chamada <em>spin<\/em>. \u201cNa resson\u00e2ncia magn\u00e9tica, usamos campos magn\u00e9ticos extremamente fortes para manipular essa propriedade\u201d, diz o pesquisador. Segundo ele, o <em>spin <\/em>faz com que \u00e1tomos em tecidos que cont\u00eam \u00e1gua se comportem como pequenos \u00edm\u00e3s e respondam \u00e0 aplica\u00e7\u00e3o do campo magn\u00e9tico com um alinhamento de posi\u00e7\u00e3o tempor\u00e1rio. Ao interromper o campo, esses \u00e1tomos voltam ao seu estado original, emitindo sinais que podem ser detectados e convertidos em imagens. \u201c\u00c9 assim que a resson\u00e2ncia magn\u00e9tica utiliza propriedades qu\u00e2nticas dos \u00e1tomos para ver dentro do seu corpo sem nenhum risco \u00e0 sua sa\u00fade\u201d, complementa. (<strong>Figura 1<\/strong>)<\/p>\n<h6 id=\"figura-1-espectro%cc%82metro-de-ressona%cc%82ncia-magnetica-do-grupo-de-pesquisa-em-ressonancia-magnetica-nuclear-de-proteinasfoto-bianca-bosso\" style=\"text-align: center;\"><img loading=\"lazy\" class=\"aligncenter wp-image-8307\" src=\"https:\/\/revistacienciaecultura.org.br\/wp-content\/uploads\/2025\/05\/CC-2E25-reportagem-O-encontro-da-medicina-com-a-fi\u0301sica-qua\u0302ntica-figura1-222x300.jpg\" alt=\"\" width=\"371\" height=\"500\" srcset=\"https:\/\/revistacienciaecultura.org.br\/wp-content\/uploads\/2025\/05\/CC-2E25-reportagem-O-encontro-da-medicina-com-a-fi\u0301sica-qua\u0302ntica-figura1-222x300.jpg 222w, https:\/\/revistacienciaecultura.org.br\/wp-content\/uploads\/2025\/05\/CC-2E25-reportagem-O-encontro-da-medicina-com-a-fi\u0301sica-qua\u0302ntica-figura1-759x1024.jpg 759w, https:\/\/revistacienciaecultura.org.br\/wp-content\/uploads\/2025\/05\/CC-2E25-reportagem-O-encontro-da-medicina-com-a-fi\u0301sica-qua\u0302ntica-figura1-768x1036.jpg 768w, https:\/\/revistacienciaecultura.org.br\/wp-content\/uploads\/2025\/05\/CC-2E25-reportagem-O-encontro-da-medicina-com-a-fi\u0301sica-qua\u0302ntica-figura1-9x12.jpg 9w, https:\/\/revistacienciaecultura.org.br\/wp-content\/uploads\/2025\/05\/CC-2E25-reportagem-O-encontro-da-medicina-com-a-fi\u0301sica-qua\u0302ntica-figura1-800x1079.jpg 800w, https:\/\/revistacienciaecultura.org.br\/wp-content\/uploads\/2025\/05\/CC-2E25-reportagem-O-encontro-da-medicina-com-a-fi\u0301sica-qua\u0302ntica-figura1.jpg 1095w\" sizes=\"(max-width: 371px) 100vw, 371px\" \/><br \/>\n<strong>Figura 1. Espectro\u0302metro de Ressona\u0302ncia Magne\u0301tica do Grupo de Pesquisa em Resson\u00e2ncia Magn\u00e9tica Nuclear de Prote\u00ednas<br \/>\n<\/strong>(Foto: Bianca Bosso)<\/h6>\n<p>&nbsp;<\/p>\n<p>Os conhecimentos de f\u00edsica qu\u00e2ntica e resson\u00e2ncia magn\u00e9tica tamb\u00e9m t\u00eam sido utilizados para estudar prote\u00ednas humanas. Leonardo Tanaka, especialista em mecanobiologia, destacou os resultados de um dos trabalhos dessa linha de pesquisa no primeiro epis\u00f3dio da segunda temporada da webs\u00e9rie \u201c<span style=\"color: #800000;\"><strong><em><a style=\"color: #800000;\" href=\"https:\/\/www.youtube.com\/watch?v=-FhFH3vqwsU\" target=\"_blank\" rel=\"noopener\">Biologia Qu\u00e2ntica na Medicina<\/a><\/em><\/strong><\/span>\u201d, um projeto liderado pela Equipe Quantum Bio BR, da <strong><a href=\"https:\/\/www.youtube.com\/@cienciapioneira\" target=\"_blank\" rel=\"noopener\"><span style=\"color: #800000;\">Ci\u00eancia Pioneira<\/span><\/a><\/strong>, gravado em 2024. \u201cOs autores analisaram uma assinatura [formada por prote\u00ednas] que \u00e9 responsiva a campos magn\u00e9ticos\u201d destacou o pesquisador. \u201cEssas prote\u00ednas t\u00eam uma fluoresc\u00eancia intr\u00ednseca (&#8230;), mas, quando voc\u00ea aplica um campo magn\u00e9tico de baixa intensidade (&#8230;), a fluoresc\u00eancia diminui\u201d, afirma. Para ele, a descoberta cria espa\u00e7o para o desenvolvimento de novos sensores biol\u00f3gicos ultraprecisos. \u201cVoc\u00ea coloca uma c\u00e9lula para come\u00e7ar a expressar essa prote\u00edna e, depois, aplica um campo magn\u00e9tico para ver a fluoresc\u00eancia caindo\u201d, previu e exemplificou Leonardo Tanaka.<\/p>\n<p>Os sensores qu\u00e2nticos trazem resultados promissores h\u00e1 anos. No artigo \u201c<strong><em><a href=\"https:\/\/www.nature.com\/articles\/s41598-018-34535-z\" target=\"_blank\" rel=\"noopener\"><span style=\"color: #800000;\">Magnetocardiografia em um cora\u00e7\u00e3o animal isolado com um magnet\u00f4metro opticamente bombeado \u00e0 temperatura ambiente<\/span><\/a><\/em><\/strong>\u201d, publicado em 2018 na revista <strong><em><a href=\"https:\/\/www.nature.com\/srep\/\" target=\"_blank\" rel=\"noopener\"><span style=\"color: #800000;\">Scientific Reports<\/span><\/a><\/em><\/strong>, pesquisadores da Universidade de Copenhague demonstraram que as propriedades qu\u00e2nticas do vapor de c\u00e9sio podem ser empregadas para medir, de forma n\u00e3o invasiva, o sinal card\u00edaco de um feto. A t\u00e9cnica utilizada \u00e9 baseada na medida dos sinais magn\u00e9ticos emitidos pelo cora\u00e7\u00e3o durante seu funcionamento e se mostrou capaz de fornecer resultados altamente precisos a uma dist\u00e2ncia equivalente \u00e0 do cora\u00e7\u00e3o do feto no \u00fatero materno. \u201cNa f\u00edsica qu\u00e2ntica, conseguimos medir frequ\u00eancias de oscila\u00e7\u00e3o com muita precis\u00e3o\u201d, explica Gabriel Landi, professor do Instituto de F\u00edsica e coordenador do grupo de Termodin\u00e2mica Qu\u00e2ntica e Transporte Qu\u00e2ntico da USP. O pesquisador destaca que os sensores qu\u00e2nticos se baseiam nesse conceito. \u201cPor exemplo, se colocamos um \u00e1tomo na presen\u00e7a de um campo magn\u00e9tico, a energia dos el\u00e9trons oscila no tempo; essa oscila\u00e7\u00e3o \u00e9 muito limpa, consegue ser medida com alta precis\u00e3o e a frequ\u00eancia depende do campo magn\u00e9tico\u201d, diz. A ideia pode ser empregada para identificar arritmias card\u00edacas antes do parto, o que pode facilitar a detec\u00e7\u00e3o de anomalias e diminuir os riscos para o beb\u00ea. <strong>(Figura 2)<\/strong><\/p>\n<h6 id=\"figura-2-as-amostras-sa%cc%83o-colocadas-em-tubos-como-esse-ou-menores-e-inseridas-no-topo-do-espectro%cc%82metro-de-ressona%cc%82ncia-magneticafoto-bianca-bosso\" style=\"text-align: center;\"><img loading=\"lazy\" class=\"aligncenter wp-image-8308\" src=\"https:\/\/revistacienciaecultura.org.br\/wp-content\/uploads\/2025\/05\/CC-2E25-reportagem-O-encontro-da-medicina-com-a-fi\u0301sica-qua\u0302ntica-figura2-222x300.jpg\" alt=\"\" width=\"371\" height=\"500\" srcset=\"https:\/\/revistacienciaecultura.org.br\/wp-content\/uploads\/2025\/05\/CC-2E25-reportagem-O-encontro-da-medicina-com-a-fi\u0301sica-qua\u0302ntica-figura2-222x300.jpg 222w, https:\/\/revistacienciaecultura.org.br\/wp-content\/uploads\/2025\/05\/CC-2E25-reportagem-O-encontro-da-medicina-com-a-fi\u0301sica-qua\u0302ntica-figura2-759x1024.jpg 759w, https:\/\/revistacienciaecultura.org.br\/wp-content\/uploads\/2025\/05\/CC-2E25-reportagem-O-encontro-da-medicina-com-a-fi\u0301sica-qua\u0302ntica-figura2-768x1036.jpg 768w, https:\/\/revistacienciaecultura.org.br\/wp-content\/uploads\/2025\/05\/CC-2E25-reportagem-O-encontro-da-medicina-com-a-fi\u0301sica-qua\u0302ntica-figura2-9x12.jpg 9w, https:\/\/revistacienciaecultura.org.br\/wp-content\/uploads\/2025\/05\/CC-2E25-reportagem-O-encontro-da-medicina-com-a-fi\u0301sica-qua\u0302ntica-figura2-800x1079.jpg 800w, https:\/\/revistacienciaecultura.org.br\/wp-content\/uploads\/2025\/05\/CC-2E25-reportagem-O-encontro-da-medicina-com-a-fi\u0301sica-qua\u0302ntica-figura2.jpg 1095w\" sizes=\"(max-width: 371px) 100vw, 371px\" \/><br \/>\n<strong>Figura 2. As amostras sa\u0303o colocadas em tubos como esse (ou menores) e inseridas no topo do Espectro\u0302metro de Ressona\u0302ncia Magne\u0301tica<br \/>\n<\/strong>(Foto: Bianca Bosso)<\/h6>\n<p>&nbsp;<\/p>\n<p>Para al\u00e9m dos sensores, os conhecimentos da f\u00edsica qu\u00e2ntica tamb\u00e9m podem ajudar a antecipar processos m\u00e9dicos. No terceiro epis\u00f3dio da webs\u00e9rie <span style=\"color: #800000;\"><strong><em><a style=\"color: #800000;\" href=\"https:\/\/m.youtube.com\/watch?v=fr57Ku7nGvo\" target=\"_blank\" rel=\"noopener\">\u201cBiologia Qu\u00e2ntica na Medicina\u201d<\/a><\/em><\/strong><\/span>, D\u00e9bora Dummer Meira, especialista em oncologia molecular e gen\u00e9tica do c\u00e2ncer, revelou que a uni\u00e3o dessa \u00e1rea de pesquisa com a medicina pode ajudar a prever o desenvolvimento de doen\u00e7as causadas por muta\u00e7\u00f5es gen\u00e9ticas, como alguns tipos de c\u00e2ncer, muito antes de seu surgimento. \u201cA caracter\u00edstica principal do c\u00e2ncer \u00e9 o crescimento celular desordenado (&#8230;) causado por muta\u00e7\u00f5es gen\u00e9ticas que se alinham progressivamente no DNA da c\u00e9lula\u201d, explicou. De acordo com a pesquisadora, observar esse fen\u00f4meno por uma perspectiva qu\u00e2ntica pode ser essencial para desenvolver previs\u00f5es matem\u00e1ticas que ditem a possibilidade do surgimento do c\u00e2ncer, o que permitiria a\u00e7\u00f5es de preven\u00e7\u00e3o ou a ado\u00e7\u00e3o de tratamentos mais r\u00e1pidos e eficazes.<\/p>\n<p>&nbsp;<\/p>\n<h4 id=\"lasers-luz-e-novos-tratamentos-para-cancer-e-dor\"><strong>Lasers, luz e novos tratamentos para c\u00e2ncer e dor<\/strong><\/h4>\n<p>Uma das principais contribui\u00e7\u00f5es da f\u00edsica qu\u00e2ntica para o avan\u00e7o das ci\u00eancias foi a descoberta dos quanta, pequenos pacotes de energia que s\u00f3 podem ser emitidos ou absorvidos em unidades inteiras, nunca em fra\u00e7\u00f5es. Isso significa que um material pode liberar um, dois, tr\u00eas ou mais quanta de energia, mas jamais um quantum e meio. Uma das principais formas de energia que funciona de maneira quantizada \u00e9 a luz e os pacotes de energia transmitidos por ela s\u00e3o chamados de f\u00f3tons. A descoberta de que a luz \u00e9 quantizada permitiu que os conceitos da f\u00edsica qu\u00e2ntica fossem empregados na cria\u00e7\u00e3o de terapias que a utilizam como ferramenta de cura, nas quais o f\u00edsico Vanderlei Bagnato \u00e9 um dos pioneiros.<\/p>\n<p>&nbsp;<\/p>\n<h4 id=\"enquanto-a-biologia-quantica-investiga-se-e-como-fenomenos-quanticos-podem-persistir-de-forma-relevante-em-organismos-vivos-a-medicina-quantica-procura-utilizar-tal-conhecimento-no-tratament\" style=\"text-align: center;\"><span style=\"color: #800000;\"><em>\u201cEnquanto a biologia qu\u00e2ntica investiga se e como fen\u00f4menos qu\u00e2nticos podem persistir de forma relevante em organismos vivos, a medicina qu\u00e2ntica procura utilizar tal conhecimento no tratamento de certas doen\u00e7as, por exemplo.\u201d<\/em><\/span><\/h4>\n<p>&nbsp;<\/p>\n<p>O pesquisador, que tamb\u00e9m participou da webs\u00e9rie \u201c<em>Biologia Qu\u00e2ntica na Medicina<\/em>\u201d, explicou, em entrevista ao <span style=\"color: #800000;\"><strong><a style=\"color: #800000;\" href=\"https:\/\/g1.globo.com\/sp\/sao-carlos-regiao\/noticia\/2024\/10\/04\/quem-e-o-fisico-pioneiro-no-uso-da-luz-como-instrumento-para-combater-o-cancer-e-dores-cronicas.ghtml\" target=\"_blank\" rel=\"noopener\">portal G1<\/a><\/strong><\/span>, que seu trabalho busca entender como a luz modifica as rea\u00e7\u00f5es biol\u00f3gicas. Esse conhecimento torna poss\u00edvel, por exemplo, induzir rea\u00e7\u00f5es qu\u00edmicas nas c\u00e9lulas tumorais ou no interior das c\u00e9lulas bacterianas, provocando a morte do pat\u00f3geno ou da estrutura com muta\u00e7\u00f5es prejudiciais. \u201cA chamada terapia fotodin\u00e2mica tem muito a ver com efici\u00eancia qu\u00e2ntica na transfer\u00eancia de energia de uma mol\u00e9cula para outras mol\u00e9culas quando ela interage com a luz, inclusive o oxig\u00eanio, resultando na morte celular ou de bact\u00e9rias\u201d, aponta Vanderlei Bagnato.<\/p>\n<p>O trabalho liderado por ele resultou em uma tecnologia inovadora capaz de tratar c\u00e2nceres de pele do tipo n\u00e3o melanoma, oferecendo uma abordagem r\u00e1pida e com menos efeitos colaterais do que os m\u00e9todos tradicionais. \u201cEsse neg\u00f3cio \u00e9 t\u00e3o poderoso que voc\u00ea vai vendo o tumor murchar em tempo real\u201d, afirmou no terceiro epis\u00f3dio da webs\u00e9rie. O processo envolvido, chamado de oxida\u00e7\u00e3o fotoqu\u00edmica, \u00e9 comparado por Vanderlei Bagnato a uma esp\u00e9cie de queimadura qu\u00edmica controlada. \u201cEm 20 minutos, conseguimos resolver o problema de um tumor de pele ou de colo de \u00fatero\u201d, celebrou. O equipamento desenvolvido por sua equipe, que utiliza lasers, j\u00e1 est\u00e1 dispon\u00edvel e \u00e9 utilizado pelo <span style=\"color: #800000;\"><strong><a style=\"color: #800000;\" href=\"https:\/\/www.gov.br\/saude\/pt-br\/sus\" target=\"_blank\" rel=\"noopener\">Sistema \u00danico de Sa\u00fade (SUS)<\/a><\/strong><\/span> desde 2023. \u201cEstamos trabalhando para chegar o mais pr\u00f3ximo de 100% com a efici\u00eancia dessas t\u00e9cnicas\u201d, ressalta.<\/p>\n<p>Os esfor\u00e7os do pesquisador tamb\u00e9m v\u00e3o ao encontro do tratamento de doen\u00e7as que causam dores cr\u00f4nicas, como a fibromialgia e a artrose. Pedro Alvarez ressalta que estrat\u00e9gias baseadas no uso de lasers tamb\u00e9m podem ser usadas para a cria\u00e7\u00e3o de alternativas com esse objetivo. \u201c\u00c9 o caso de fotobiomodula\u00e7\u00e3o, em que lasers altamente precisos e calibrados individualmente s\u00e3o usados para estimular rea\u00e7\u00f5es moleculares que produzem analg\u00e9sicos diretamente nas c\u00e9lulas do paciente\u201d, diz. Segundo o pesquisador, essa \u00e9 apenas uma das abordagens que aproveitam o conhecimento sobre os processos qu\u00e2nticos para manipular as ferramentas j\u00e1 presentes no corpo, sem precisar prescrever medicamentos ao paciente.<\/p>\n<p>&nbsp;<\/p>\n<h4 id=\"quantica-e-o-delivery-de-medicamentos-no-organismo\"><strong>Qu\u00e2ntica e o \u201cdelivery\u201d de medicamentos no organismo\u00a0<\/strong><\/h4>\n<p>Quando a doen\u00e7a est\u00e1 localizada em uma \u00e1rea restrita ou em uma estrutura espec\u00edfica do corpo, os princ\u00edpios da f\u00edsica qu\u00e2ntica tamb\u00e9m podem ser aplicados para direcionar o tratamento com alta precis\u00e3o, tornando-o mais eficiente, menos invasivo e com menor impacto para o paciente. Na webs\u00e9rie \u201c<em>Biologia Qu\u00e2ntica na Medicina<\/em>\u201d, Leonardo Tanaka trouxe \u00e0 tona a possibilidade de usar prote\u00ednas responsivas a campos magn\u00e9ticos para fazer o \u201cdelivery\u201d direcionado de subst\u00e2ncias para os alvos desejados. A ideia se baseia no conceito de que essas prote\u00ednas sofrem uma altera\u00e7\u00e3o na conforma\u00e7\u00e3o, ou seja, no formato, quando expostas a esses campos. Essa altera\u00e7\u00e3o cria um mecanismo de libera\u00e7\u00e3o em escala nanom\u00e9trica. \u201cVoc\u00ea conecta essas prote\u00ednas no f\u00e1rmaco que quer entregar em uma regi\u00e3o espec\u00edfica (&#8230;) e ativa com um campo magn\u00e9tico para mudar a conforma\u00e7\u00e3o e mandar esse f\u00e1rmaco para essa regi\u00e3o\u201d, descreveu o pesquisador.<\/p>\n<p>&nbsp;<\/p>\n<h4 id=\"muita-gente-ainda-tem-uma-visao-muito-equivocada-do-que-e-a-biologia-e-a-medicina-quantica-o-que-poe-a-area-em-risco-de-ser-rotulada-como-pseudociencia\" style=\"text-align: center;\"><span style=\"color: #800000;\"><em>\u201cMuita gente ainda tem uma vis\u00e3o muito equivocada do que \u00e9 a biologia e a medicina qu\u00e2ntica, o que p\u00f5e a \u00e1rea em risco de ser rotulada como pseudoci\u00eancia.\u201d<\/em><\/span><\/h4>\n<p>&nbsp;<\/p>\n<p>A incorpora\u00e7\u00e3o de outras tecnologias avan\u00e7adas pode potencializar as vantagens desses minientregadores qu\u00e2nticos. No artigo \u201c<span style=\"color: #800000;\"><strong><em><a style=\"color: #800000;\" href=\"https:\/\/www.sciencedirect.com\/science\/article\/abs\/pii\/S0165993620302429#bib7\" target=\"_blank\" rel=\"noopener\">O papel dos pontos qu\u00e2nticos na an\u00e1lise farmac\u00eautica e biom\u00e9dica e sua aplica\u00e7\u00e3o na administra\u00e7\u00e3o de medicamentos<\/a><\/em><\/strong><\/span>\u201d, de 2020, pesquisadores da Turquia e do Ir\u00e3 relataram que o uso de inv\u00f3lucros, como metais nobres ou pol\u00edmeros, tem potencial para aumentar o desempenho desses sistemas de entrega \u2013 baseados nos chamados pontos qu\u00e2nticos. A ideia funciona como uma c\u00e1psula: o envolt\u00f3rio protege e interage com o conte\u00fado, oferecendo benef\u00edcios adicionais. O estudo cita que pesquisas que adotaram essa abordagem observaram melhorias significativas, como maior contraste para visualiza\u00e7\u00e3o durante a aplica\u00e7\u00e3o do medicamento ou em t\u00e9cnicas diagn\u00f3sticas, por exemplo.<\/p>\n<p>&nbsp;<\/p>\n<h4 id=\"ciencias-quanticas-e-biologia-molecular-no-estudo-de-causadores-de-doencas\"><strong>Ci\u00eancias qu\u00e2nticas e biologia molecular no estudo de causadores de doen\u00e7as\u00a0<\/strong><\/h4>\n<p>Al\u00e9m de impulsionar a cria\u00e7\u00e3o de novas estrat\u00e9gias para diagnosticar, prevenir e tratar doen\u00e7as, os avan\u00e7os da f\u00edsica qu\u00e2ntica tamb\u00e9m ajudam a desvendar os mecanismos biol\u00f3gicos envolvidos no desenvolvimento de diversas condi\u00e7\u00f5es \u2013 conhecimento que pode ser essencial para impedir que elas aconte\u00e7am. \u00c9 o caso de um dos estudos realizados pela equipe de Roberto Kopke Salinas, pesquisador no Instituto de Qu\u00edmica (IQ) da USP e no Centro de Pesquisas em Biologia de Bact\u00e9rias e Bacteri\u00f3fagos (<strong><a href=\"https:\/\/cepidb3.iq.usp.br\/\" target=\"_blank\" rel=\"noopener\"><span style=\"color: #800000;\">CEPID B3<\/span><\/a><\/strong>), onde lidera o Grupo de Pesquisa em Resson\u00e2ncia Magn\u00e9tica Nuclear de Prote\u00ednas.<\/p>\n<p>Em colabora\u00e7\u00e3o com cientistas do Instituto de Bioci\u00eancias (IB) da USP e com o <span style=\"color: #800000;\"><strong><a style=\"color: #800000;\" href=\"https:\/\/www.cnr.it\/\" target=\"_blank\" rel=\"noopener\">Conselho Nacional de Pesquisa Italiano<\/a><\/strong><\/span> (CRN), o grupo une pr\u00e1ticas de biof\u00edsica e biologia molecular para investigar uma prote\u00edna espec\u00edfica do parasita <em>Leishmania amazonensis<\/em>, causador da leishmaniose no Brasil. \u201cTemos utilizado v\u00e1rias t\u00e9cnicas para entender a fun\u00e7\u00e3o dessa prote\u00edna; a resson\u00e2ncia magn\u00e9tica, por exemplo, tem sido usada para analisar as intera\u00e7\u00f5es dela com poss\u00edveis ligantes\u201d, explica o pesquisador. Uma das hip\u00f3teses \u00e9 a de que a prote\u00edna estudada participe do mecanismo pelo qual o organismo infecta as c\u00e9lulas humanas. Se a ideia for comprovada, o trabalho pode contribuir para a formula\u00e7\u00e3o de t\u00e1ticas preventivas que poderiam reduzir a incid\u00eancia da doen\u00e7a, que conta com cerca de 21 mil novos casos por ano apenas no Brasil.<\/p>\n<p>Em outros estudos, a equipe tamb\u00e9m usa a resson\u00e2ncia magn\u00e9tica como ferramenta para compreender mecanismos envolvidos na secre\u00e7\u00e3o de subst\u00e2ncias por bact\u00e9rias. \u201cN\u00f3s estudamos o sistema de secre\u00e7\u00e3o do tipo IV em <em>Xanthomonas citri<\/em>, uma bact\u00e9ria que infecta plantas; mas esse mesmo sistema est\u00e1 envolvido na patogenicidade de outras esp\u00e9cies que infectam humanos\u201d, destaca. Ele cita o exemplo da <em>Helicobacter pylori<\/em>, que tem a capacidade de causar c\u00e2ncer no est\u00f4mago e utiliza o sistema de secre\u00e7\u00e3o do tipo IV para liberar toxinas no organismo do hospedeiro.<\/p>\n<p>&nbsp;<\/p>\n<h4 id=\"charlatanismo-quantico-e-perspectivas\"><strong>Charlatanismo qu\u00e2ntico e perspectivas<\/strong><\/h4>\n<p>Ainda que o potencial do uso das ci\u00eancias qu\u00e2nticas no avan\u00e7o da medicina seja genu\u00edno, o termo \u201cmedicina qu\u00e2ntica\u201d ainda aparece mesclado com conceitos que t\u00eam pouco ou nenhum embasamento cient\u00edfico. \u201cPessoas, \u00e0s vezes, bem intencionadas, por\u00e9m leigas, e, \u00e0s vezes, mal intencionadas, usam esses termos para vender tratamentos quase milagrosos e que, no melhor dos casos, n\u00e3o surtem efeitos, e, no pior dos casos, podem ferir gravemente algu\u00e9m\u201d, explica Pedro Alvarez. Eveliny Nery concorda: \u201cmuita gente ainda tem uma vis\u00e3o muito equivocada do que \u00e9 a biologia e a medicina qu\u00e2ntica, o que p\u00f5e a \u00e1rea em risco de ser rotulada como pseudoci\u00eancia\u201d, acrescenta. O fen\u00f4meno de promover pr\u00e1ticas e cren\u00e7as que n\u00e3o t\u00eam suporte cient\u00edfico sob o v\u00e9u do \u201cqu\u00e2ntico\u201d leva o nome de \u201ccharlatanismo qu\u00e2ntico\u201d e, embora se misture, nas ferramentas de pesquisa, com trabalhos na \u00e1rea da sa\u00fade que envolvem conceitos qu\u00e2nticos reais, tem m\u00e9todos e objetivos bem diferentes.<\/p>\n<p>Para que uma t\u00e9cnica ou ideia seja reconhecida como confi\u00e1vel na ci\u00eancia, ela precisa passar pelo chamado m\u00e9todo cient\u00edfico. Isso significa que especialistas fazem perguntas, criam hip\u00f3teses, testam, analisam e reproduzem os experimentos. Quando esses processos s\u00e3o ignorados, n\u00e3o \u00e9 poss\u00edvel afirmar que uma hip\u00f3tese tem base em evid\u00eancias \u2013 e \u00e9 isso o que acontece, por vezes, com as terapias qu\u00e2nticas pseudocient\u00edficas promovidas sem qualquer teste cl\u00ednico, valida\u00e7\u00e3o cient\u00edfica ou aprova\u00e7\u00e3o por \u00f3rg\u00e3os de sa\u00fade. Pedro Alvarez alerta que \u00e9 preciso aten\u00e7\u00e3o redobrada para prevenir incidentes. \u201cRecomendo cuidado com tratamentos que parecem mais f\u00e1ceis, especialmente se tiverem o nome \u201cqu\u00e2ntico\u201d bem na frente. Se busca algum tipo de tratamento ou complemento, sempre fale com um m\u00e9dico antes\u201d, defende.<\/p>\n<p>&nbsp;<\/p>\n<h4 id=\"a-fisica-quantica-ja-tem-cem-anos-de-vida-mas-antigamente-nos-nao-tinhamos-tanto-controle-sobre-as-propriedades-quanticas\" style=\"text-align: center;\"><span style=\"color: #800000;\"><em>\u201cA f\u00edsica qu\u00e2ntica j\u00e1 tem cem anos de vida, mas, antigamente n\u00f3s n\u00e3o t\u00ednhamos tanto controle sobre as propriedades qu\u00e2nticas.\u201d<\/em><\/span><\/h4>\n<p>&nbsp;<\/p>\n<p>Apesar do desafio de diferenciar as abordagens e refor\u00e7ar a confian\u00e7a em pesquisas s\u00e9rias, as ci\u00eancias qu\u00e2nticas seguem evoluindo e t\u00eam nos horizontes possibilidades ainda mais inovadoras. \u201cA segunda revolu\u00e7\u00e3o das ci\u00eancias qu\u00e2nticas j\u00e1 est\u00e1 ocorrendo e se trata da aplica\u00e7\u00e3o de conceitos fundamentais da mec\u00e2nica qu\u00e2ntica \u00e0 engenharia e outras \u00e1reas do conhecimento\u201d, diz Pedro Alvarez. Ele destaca que dois dos protagonistas dessa nova era devem ser os computadores qu\u00e2nticos e os j\u00e1 conhecidos sensores qu\u00e2nticos. \u201cOs sensores qu\u00e2nticos j\u00e1 v\u00eam mostrando seu potencial e os computadores qu\u00e2nticos ainda s\u00e3o jovens, mas sua principal aplica\u00e7\u00e3o futura, a meu ver, \u00e9 na simula\u00e7\u00e3o de rea\u00e7\u00f5es qu\u00edmicas que nos permitir\u00e3o uma precis\u00e3o muito maior ao simular intera\u00e7\u00f5es\u201d. Para Gabriel Landi, a palavra-chave para definir o novo per\u00edodo \u00e9 \u201ccontrole\u201d. \u201cA f\u00edsica qu\u00e2ntica j\u00e1 tem cem anos de vida, mas, antigamente, n\u00f3s n\u00e3o t\u00ednhamos tanto controle sobre as propriedades qu\u00e2nticas\u201d. Segundo o pesquisador, a ideia \u00e9 que, com alto n\u00edvel de controle, seja poss\u00edvel realizar tarefas que antes eram imposs\u00edveis, como sistemas de computa\u00e7\u00e3o e comunica\u00e7\u00e3o avan\u00e7ados.<\/p>\n<p>Com essas perspectivas em mente, pesquisadores brasileiros buscam seguir o exemplo de pioneirismo de Vanderlei Bagnato com a <strong><a href=\"https:\/\/www.escolabioquantica.com.br\/\" target=\"_blank\" rel=\"noopener\"><span style=\"color: #800000;\">Escola de Biologia Qu\u00e2ntica<\/span><\/a><\/strong>, a primeira iniciativa do modelo no pa\u00eds, que est\u00e1 prevista para acontecer em pleno Ano Internacional da Ci\u00eancia e Tecnologia Qu\u00e2nticas, 2025. O evento ser\u00e1 realizado na cidade de Paraty, no Rio de Janeiro, entre os dias 11 e 15 de agosto, e pretende reunir alunos e palestrantes de diversas institui\u00e7\u00f5es para discutir fundamentos e o futuro da \u00e1rea. Os di\u00e1logos deste encontro podem ser fundamentais para encaminhar a f\u00edsica qu\u00e2ntica para o futuro previsto por Vanderlei Bagnato: \u201cvamos viver, de fato, uma nova era qu\u00e2ntica\u201d.<\/p>\n<p>&nbsp;<\/p>\n<h6 id=\"capa-de-particulas-subatomicas-ao-corpo-humano-os-principios-da-fisica-quantica-estao-transformando-diagnosticos-terapias-e-a-forma-de-entender-a-saude-fonte-freepik-com-reproducao\"><strong>Capa.<\/strong> <strong>De part\u00edculas subat\u00f4micas ao corpo humano, os princ\u00edpios da f\u00edsica qu\u00e2ntica est\u00e3o transformando diagn\u00f3sticos, terapias e a forma de entender a sa\u00fade.<br \/>\n<\/strong>(Fonte: Freepik.com. Reprodu\u00e7\u00e3o)<\/h6>\n<p>&nbsp;<\/p>\n<h6 id=\"ciencia-cultura-2022-by-sbpc-is-licensed-under-cc-by-sa-4-0\" style=\"text-align: center;\"><span style=\"color: #808080;\"><a style=\"color: #808080;\" href=\"https:\/\/revistacienciaecultura.org.br\/\">Ci\u00eancia &amp; Cultura<\/a>\u00a0\u00a9 2022 by\u00a0<a style=\"color: #808080;\" href=\"http:\/\/www.sbpcnet.org.br\/\">SBPC<\/a>\u00a0is licensed under\u00a0<a style=\"color: #808080;\" href=\"https:\/\/creativecommons.org\/licenses\/by-sa\/4.0\/\">CC BY-SA 4.0 \u00a0 <\/a><img loading=\"lazy\" class=\"\" src=\"https:\/\/mirrors.creativecommons.org\/presskit\/icons\/cc.svg\" alt=\"\" width=\"30\" height=\"30\" \/><img loading=\"lazy\" class=\"\" src=\"https:\/\/mirrors.creativecommons.org\/presskit\/icons\/by.svg\" alt=\"\" width=\"30\" height=\"30\" \/><img loading=\"lazy\" class=\"\" src=\"https:\/\/mirrors.creativecommons.org\/presskit\/icons\/sa.svg\" alt=\"\" width=\"30\" height=\"30\" \/><\/span><\/h6>\n","protected":false},"excerpt":{"rendered":"Diagn\u00f3sticos, tratamentos e pesquisas &nbsp; Quando algo \u00e9 t\u00e3o pequeno que at\u00e9&hellip;\n","protected":false},"author":124,"featured_media":8306,"comment_status":"open","ping_status":"open","sticky":false,"template":"","format":"standard","meta":[],"categories":[51],"tags":[],"acf":[],"_links":{"self":[{"href":"https:\/\/revistacienciaecultura.org.br\/index.php?rest_route=\/wp\/v2\/posts\/8305"}],"collection":[{"href":"https:\/\/revistacienciaecultura.org.br\/index.php?rest_route=\/wp\/v2\/posts"}],"about":[{"href":"https:\/\/revistacienciaecultura.org.br\/index.php?rest_route=\/wp\/v2\/types\/post"}],"author":[{"embeddable":true,"href":"https:\/\/revistacienciaecultura.org.br\/index.php?rest_route=\/wp\/v2\/users\/124"}],"replies":[{"embeddable":true,"href":"https:\/\/revistacienciaecultura.org.br\/index.php?rest_route=%2Fwp%2Fv2%2Fcomments&post=8305"}],"version-history":[{"count":4,"href":"https:\/\/revistacienciaecultura.org.br\/index.php?rest_route=\/wp\/v2\/posts\/8305\/revisions"}],"predecessor-version":[{"id":9128,"href":"https:\/\/revistacienciaecultura.org.br\/index.php?rest_route=\/wp\/v2\/posts\/8305\/revisions\/9128"}],"wp:featuredmedia":[{"embeddable":true,"href":"https:\/\/revistacienciaecultura.org.br\/index.php?rest_route=\/wp\/v2\/media\/8306"}],"wp:attachment":[{"href":"https:\/\/revistacienciaecultura.org.br\/index.php?rest_route=%2Fwp%2Fv2%2Fmedia&parent=8305"}],"wp:term":[{"taxonomy":"category","embeddable":true,"href":"https:\/\/revistacienciaecultura.org.br\/index.php?rest_route=%2Fwp%2Fv2%2Fcategories&post=8305"},{"taxonomy":"post_tag","embeddable":true,"href":"https:\/\/revistacienciaecultura.org.br\/index.php?rest_route=%2Fwp%2Fv2%2Ftags&post=8305"}],"curies":[{"name":"wp","href":"https:\/\/api.w.org\/{rel}","templated":true}]}}