{"id":8333,"date":"2025-05-27T07:30:31","date_gmt":"2025-05-27T07:30:31","guid":{"rendered":"https:\/\/revistacienciaecultura.org.br\/?p=8333"},"modified":"2025-05-26T18:29:26","modified_gmt":"2025-05-26T18:29:26","slug":"confira-os-destaques-da-programacao-da-77a-reuniao-anual-da-sbpc","status":"publish","type":"post","link":"https:\/\/revistacienciaecultura.org.br\/?p=8333","title":{"rendered":"Confira os destaques da programa\u00e7\u00e3o da 77\u00aa Reuni\u00e3o Anual da SBPC"},"content":{"rendered":"<h4 id=\"calendario-de-atividades-inclui-conferencias-mesas-redondas-e-sessoes-especiais-com-o-objetivo-de-fornecer-aos-participantes-um-amplo-panorama-do-que-ha-de-melhor-em-cti-no-brasil-evento\"><span style=\"color: #808080;\">Calend\u00e1rio de atividades inclui confer\u00eancias, mesas-redondas e sess\u00f5es especiais, com o objetivo de fornecer aos participantes um amplo panorama do que h\u00e1 de melhor em CT&amp;I no Brasil.\u00a0Evento acontece de 13 a 19 de julho na UFRPE, em Recife<\/span><\/h4>\n<p>&nbsp;<\/p>\n<p>Com o tema\u00a0<strong>\u201cProgresso \u00e9 Ci\u00eancia em todos os Territ\u00f3rios\u201d<\/strong>, a Sociedade Brasileira para o Progresso da Ci\u00eancia (SBPC) divulgou a programa\u00e7\u00e3o preliminar da sua\u00a0<strong>77\u00aa Reuni\u00e3o Anual<\/strong>, que ser\u00e1 realizada de\u00a0<strong>13 a 19 de julho<\/strong>, na\u00a0<strong>Universidade Federal Rural de Pernambuco (UFRPE), em Recife<\/strong>. O evento \u2014 gratuito e aberto ao p\u00fablico \u2014 reunir\u00e1 centenas de atividades que celebram o conhecimento como for\u00e7a transformadora presente em todos os cantos do pa\u00eds.<\/p>\n<p>A programa\u00e7\u00e3o combina\u00a0<strong>confer\u00eancias, mesas-redondas, sess\u00f5es especiais e encontros interativos<\/strong>\u00a0que abordam desde os desafios da seguran\u00e7a h\u00eddrica e das mudan\u00e7as clim\u00e1ticas at\u00e9 os avan\u00e7os da computa\u00e7\u00e3o qu\u00e2ntica e da rob\u00f3tica educacional. Especialistas de diversas \u00e1reas, regi\u00f5es e institui\u00e7\u00f5es discutem temas urgentes como a equidade de g\u00eanero e ra\u00e7a na ci\u00eancia, os impactos dos agrot\u00f3xicos na sa\u00fade, a valoriza\u00e7\u00e3o de saberes tradicionais, o uso da IA na medicina, e pol\u00edticas p\u00fablicas para o desenvolvimento do semi\u00e1rido.<\/p>\n<p>Entre os destaques, est\u00e1 a\u00a0<strong>ampla presen\u00e7a de pesquisadores do Nordeste<\/strong>, a participa\u00e7\u00e3o ativa de\u00a0<strong>comunidades ind\u00edgenas, quilombolas, cientistas populares e lideran\u00e7as locais<\/strong>, al\u00e9m de pain\u00e9is voltados \u00e0 inclus\u00e3o, \u00e0 diversidade e \u00e0 descentraliza\u00e7\u00e3o da ci\u00eancia. Uma sess\u00e3o especial marca os 40 anos do Minist\u00e9rio da Ci\u00eancia, Tecnologia e Inova\u00e7\u00e3o, e a programa\u00e7\u00e3o ainda traz duas inova\u00e7\u00f5es.\u00a0 \u00a0A SBPC Afro e Ind\u00edgena abra\u00e7a os povos tradicionais e tornando-se\u00a0<strong>SBPC Afro, Ind\u00edgena e Povos Tradicionais\u00a0<\/strong>e a contribui\u00e7\u00e3o das mulheres em temas e \u00e1reas diversas tem participa\u00e7\u00e3o destacada pela nova trilha\u00a0<strong>SBPC Mulher<\/strong>, com olhares interseccionais sobre ci\u00eancia, poder e territ\u00f3rio.<\/p>\n<p>H\u00e1 grande expectativa e entusiasmo em torno desta edi\u00e7\u00e3o da Reuni\u00e3o Anual, afirma\u00a0<strong>Claudia Linhares Sales<\/strong>, secret\u00e1ria-geral da SBPC e coordenadora-geral do evento. Segundo ela, o retorno a Recife, pela sexta vez, ganha um significado especial por marcar a estreia da UFRPE como sede do evento.<\/p>\n<p>\u201cVoltar sempre traz o desafio de manter \u2014 e superar \u2014 o sucesso das edi\u00e7\u00f5es anteriores. Por isso, buscamos representar a diversidade de territ\u00f3rios e p\u00fablicos que participam das reuni\u00f5es anuais. A programa\u00e7\u00e3o foi cuidadosamente pensada para apresentar as principais inova\u00e7\u00f5es em ci\u00eancia, tecnologia, educa\u00e7\u00e3o e outros temas estrat\u00e9gicos, com um olhar voltado para o futuro\u201d, destaca.<\/p>\n<p>\u201cPensamos em uma programa\u00e7\u00e3o plural, que dialoga com o Brasil real e valoriza a ci\u00eancia como ferramenta de transforma\u00e7\u00e3o social\u201d, complementa Sales. Segundo ela, a escolha da UFRPE tamb\u00e9m representa um gesto simb\u00f3lico importante: levar a ci\u00eancia ao interior, ao semi\u00e1rido, \u00e0s universidades que muitas vezes n\u00e3o est\u00e3o nos grandes centros, mas s\u00e3o fundamentais para o desenvolvimento do Pa\u00eds.<\/p>\n<p>&nbsp;<\/p>\n<h4 id=\"a-reuniao-anual\"><strong>A Reuni\u00e3o Anual<\/strong><\/h4>\n<p>Fundada em 1948, a Sociedade Brasileira para o Progresso da Ci\u00eancia (SBPC) \u00e9 uma entidade dedicada \u00e0 promo\u00e7\u00e3o da ci\u00eancia, tecnologia, educa\u00e7\u00e3o e cultura no Brasil. Desde 1949, organiza anualmente \u2014 sem interrup\u00e7\u00f5es \u2014 sua Reuni\u00e3o Anual, reconhecida como o maior evento cient\u00edfico da Am\u00e9rica Latina.<\/p>\n<p>Realizada a cada ano em um estado diferente, preferencialmente em institui\u00e7\u00f5es p\u00fablicas de ensino superior, a Reuni\u00e3o Anual re\u00fane milhares de participantes: pesquisadores, professores, estudantes de todos os n\u00edveis, profissionais de diversas \u00e1reas, al\u00e9m de autoridades e gestores p\u00fablicos.<\/p>\n<p>A participa\u00e7\u00e3o no evento \u00e9 gratuita e aberta ao p\u00fablico. H\u00e1 cobran\u00e7a de taxa apenas para:<\/p>\n<ul>\n<li>Participa\u00e7\u00e3o nos minicursos e webminicursos;<\/li>\n<li>Autores com trabalhos aprovados na Sess\u00e3o de P\u00f4steres;<\/li>\n<li>Aquisi\u00e7\u00e3o do material do evento (opcional).<\/li>\n<\/ul>\n<p>Com uma programa\u00e7\u00e3o intensa e diversa, a 77\u00aa Reuni\u00e3o Anual da SBPC busca\u00a0<strong>construir pontes entre o conhecimento e a sociedade, entre a tradi\u00e7\u00e3o e a tecnologia, entre o local e o global<\/strong>. A expectativa \u00e9 reunir milhares de participantes de todo o pa\u00eds \u2014 cientistas, estudantes, professores, gestores p\u00fablicos, lideran\u00e7as sociais e o p\u00fablico geral \u2014 em uma verdadeira celebra\u00e7\u00e3o do saber em todas as suas formas.<\/p>\n<p>Acesse a programa\u00e7\u00e3o preliminar em PDF:<\/p>\n<p><span style=\"color: #800000;\"><strong><a style=\"color: #800000;\" href=\"https:\/\/ra.sbpcnet.org.br\/77RA\/wp-content\/uploads\/2025\/05\/programa_preliminar_77RA.pdf\" target=\"_blank\" rel=\"noopener\">https:\/\/ra.sbpcnet.org.br\/77RA\/wp-content\/uploads\/2025\/05\/programa_preliminar_77RA.pdf<\/a><\/strong><\/span><\/p>\n<p>Mais informa\u00e7\u00f5es sobre o evento:\u00a0<strong><span style=\"color: #800000;\"><a style=\"color: #800000;\" href=\"https:\/\/ra.sbpcnet.org.br\/77RA\" target=\"_blank\" rel=\"noopener\">https:\/\/ra.sbpcnet.org.br\/77RA<\/a><\/span><\/strong><\/p>\n<p><span style=\"color: #808080;\"><em>Jornal da Ci\u00eancia<\/em><\/span><\/p>\n","protected":false},"excerpt":{"rendered":"Calend\u00e1rio de atividades inclui confer\u00eancias, mesas-redondas e sess\u00f5es especiais, com o objetivo&hellip;\n","protected":false},"author":19,"featured_media":7566,"comment_status":"open","ping_status":"open","sticky":false,"template":"","format":"standard","meta":[],"categories":[1,2],"tags":[],"acf":[],"_links":{"self":[{"href":"https:\/\/revistacienciaecultura.org.br\/index.php?rest_route=\/wp\/v2\/posts\/8333"}],"collection":[{"href":"https:\/\/revistacienciaecultura.org.br\/index.php?rest_route=\/wp\/v2\/posts"}],"about":[{"href":"https:\/\/revistacienciaecultura.org.br\/index.php?rest_route=\/wp\/v2\/types\/post"}],"author":[{"embeddable":true,"href":"https:\/\/revistacienciaecultura.org.br\/index.php?rest_route=\/wp\/v2\/users\/19"}],"replies":[{"embeddable":true,"href":"https:\/\/revistacienciaecultura.org.br\/index.php?rest_route=%2Fwp%2Fv2%2Fcomments&post=8333"}],"version-history":[{"count":2,"href":"https:\/\/revistacienciaecultura.org.br\/index.php?rest_route=\/wp\/v2\/posts\/8333\/revisions"}],"predecessor-version":[{"id":8335,"href":"https:\/\/revistacienciaecultura.org.br\/index.php?rest_route=\/wp\/v2\/posts\/8333\/revisions\/8335"}],"wp:featuredmedia":[{"embeddable":true,"href":"https:\/\/revistacienciaecultura.org.br\/index.php?rest_route=\/wp\/v2\/media\/7566"}],"wp:attachment":[{"href":"https:\/\/revistacienciaecultura.org.br\/index.php?rest_route=%2Fwp%2Fv2%2Fmedia&parent=8333"}],"wp:term":[{"taxonomy":"category","embeddable":true,"href":"https:\/\/revistacienciaecultura.org.br\/index.php?rest_route=%2Fwp%2Fv2%2Fcategories&post=8333"},{"taxonomy":"post_tag","embeddable":true,"href":"https:\/\/revistacienciaecultura.org.br\/index.php?rest_route=%2Fwp%2Fv2%2Ftags&post=8333"}],"curies":[{"name":"wp","href":"https:\/\/api.w.org\/{rel}","templated":true}]}}