{"id":8376,"date":"2025-05-28T08:00:53","date_gmt":"2025-05-28T08:00:53","guid":{"rendered":"https:\/\/revistacienciaecultura.org.br\/?p=8376"},"modified":"2025-06-26T10:21:48","modified_gmt":"2025-06-26T10:21:48","slug":"o-ano-internacional-da-ciencia-e-da-tecnologia-quanticas","status":"publish","type":"post","link":"https:\/\/revistacienciaecultura.org.br\/?p=8376","title":{"rendered":"O Ano Internacional da Ci\u00eancia e das Tecnologias Qu\u00e2nticas"},"content":{"rendered":"<h4 id=\"onu-declara-2025-como-marco-para-celebrar-a-teoria-quantica-e-suas-inovacoes-que-transformam-a-ciencia-a-industria-e-a-cultura\"><span style=\"color: #808080;\">ONU declara 2025 como marco para celebrar a teoria qu\u00e2ntica e suas inova\u00e7\u00f5es que transformam a ci\u00eancia, a ind\u00fastria e a cultura<\/span><\/h4>\n<p><strong>\u00a0<\/strong><strong>\u00a0<\/strong><\/p>\n<p>Em 7 de junho de 2024, a Organiza\u00e7\u00e3o das Na\u00e7\u00f5es Unidas (ONU) proclamou que 2025 seria destinado, sob os ausp\u00edcios da UNESCO, \u00e0 comemora\u00e7\u00e3o do centen\u00e1rio da teoria qu\u00e2ntica e do desenvolvimento posterior de suas tecnologias associadas. Estabeleceu-se, assim, o <span style=\"color: #800000;\"><a style=\"color: #800000;\" href=\"https:\/\/quantum2025-org.translate.goog\/?_x_tr_sl=en&amp;_x_tr_tl=pt&amp;_x_tr_hl=pt&amp;_x_tr_pto=tc\" target=\"_blank\" rel=\"noopener\"><strong>Ano Internacional da Ci\u00eancia e da Tecnologia Qu\u00e2nticas (AIQ)<\/strong><\/a><\/span> e todos os pa\u00edses foram convidados a realizar atividades comemorativas.<\/p>\n<p>&nbsp;<\/p>\n<h4 id=\"o-surgimento-da-teoria-quantica-foi-um-dos-avancos-mais-revolucionarios-criados-pela-ciencia\" style=\"text-align: center;\"><span style=\"color: #800000;\"><em>\u201cO surgimento da teoria qu\u00e2ntica foi um dos avan\u00e7os mais revolucion\u00e1rios criados pela ci\u00eancia.\u201d<\/em><\/span><\/h4>\n<p>&nbsp;<\/p>\n<p>O surgimento da teoria qu\u00e2ntica foi um dos avan\u00e7os mais revolucion\u00e1rios criados pela ci\u00eancia, e o AIQ celebra os seus desdobramentos, em v\u00e1rias frentes, incluindo desde discuss\u00f5es sobre os fundamentos te\u00f3ricos e experimentais at\u00e9 aplica\u00e7\u00f5es avan\u00e7adas como aparatos m\u00e9dicos, criptografia ou metrologia qu\u00e2nticas. Celebra-se, assim, n\u00e3o apenas o artigo ousado e temer\u00e1rio do jovem Werner Heisenberg (1901-1976), assim como os de Erwin Schr\u00f6dinger (1887-1961) e de outros cientistas, anteriores ou na sequ\u00eancia, que contribu\u00edram para a formula\u00e7\u00e3o da teoria, mas tamb\u00e9m os imensos impactos tecnol\u00f3gicos dela decorrentes. Esses avan\u00e7os resultaram dos esfor\u00e7os de in\u00fameros cientistas e inovadores e de institui\u00e7\u00f5es de pesquisa e empresas transnacionais, associados a pol\u00edticas de interesse privado ou governamental, como, por exemplo, na busca pela constru\u00e7\u00e3o de um computador qu\u00e2ntico.<\/p>\n<p>A qu\u00e2ntica n\u00e3o \u00e9 apenas uma teoria cient\u00edfica comprovada, e com in\u00fameras tecnol\u00f3gicos presentes no cotidiano de uma grande parcela dos seres humanos, mas \u00e9 tamb\u00e9m uma fonte para reflex\u00f5es e afirma\u00e7\u00f5es que alcan\u00e7am o mundo da cultura, que gera muitos debates e controv\u00e9rsias, ainda que, muitas vezes, seja apresentada equivocadamente. N\u00e3o \u00e9 exagero afirmar que a ci\u00eancia qu\u00e2ntica tornou-se uma realidade global e com enorme impacto atualmente. A decis\u00e3o da ONU destaca, portanto, a import\u00e2ncia que ela e suas aplica\u00e7\u00f5es possuem nos dias de hoje, sendo praticamente imposs\u00edvel prever como tal movimento prosseguir\u00e1 e com qual ritmo.<\/p>\n<p>&nbsp;<\/p>\n<h4 id=\"a-quantica-nao-e-apenas-uma-teoria-cientifica-comprovada-mas-e-tambem-uma-fonte-para-reflexoes-e-afirmacoes-que-alcancam-o-mundo-da-cultura\" style=\"text-align: center;\"><span style=\"color: #800000;\"><em>\u201cA qu\u00e2ntica n\u00e3o \u00e9 apenas uma teoria cient\u00edfica comprovada, mas \u00e9 tamb\u00e9m uma fonte para reflex\u00f5es e afirma\u00e7\u00f5es que alcan\u00e7am o mundo da cultura.\u201d<\/em><\/span><\/h4>\n<p>&nbsp;<\/p>\n<p>A revista <span style=\"color: #800000;\"><a style=\"color: #800000;\" href=\"https:\/\/revistacienciaecultura.org.br\/\"><strong>Ci\u00eancia &amp; Cultura<\/strong><\/a><\/span> convidou um grupo de conhecidos especialistas para apresentar e discutir, neste n\u00famero especial, alguns dos aspectos mais instigantes da teoria qu\u00e2ntica que, se \u00e9 complexa do ponto de vista matem\u00e1tico, \u00e9 ainda mais sutil do lado conceitual, al\u00e9m de gerar desafiadoras aplica\u00e7\u00f5es tecnol\u00f3gicas. Como um instrumento importante e tradicional de comunica\u00e7\u00e3o da <span style=\"color: #800000;\"><a style=\"color: #800000;\" href=\"http:\/\/www.sbpcnet.org.br\/\" target=\"_blank\" rel=\"noopener\"><strong>Sociedade Brasileira para o Progresso da Ci\u00eancia (SBPC)<\/strong><\/a><\/span>, que procura pensar e influenciar sobre o lugar da ci\u00eancia no Pa\u00eds, alguns dos artigos alertam para a necessidade premente de o Brasil n\u00e3o ficar atrasado neste dom\u00ednio, sob pena de ver aumentada, no cen\u00e1rio internacional, a sua depend\u00eancia econ\u00f4mica, cient\u00edfica, tecnol\u00f3gica e cultural. \u00c9 necess\u00e1rio, pois, estabelecer e apoiar, de forma consistente e continuada, pol\u00edticas p\u00fablicas que favore\u00e7am o ensino e a pesquisa na \u00e1rea qu\u00e2ntica, bem como a gera\u00e7\u00e3o e o aproveitamento de novas tecnologias nessa \u00e1rea, que j\u00e1 influencia fortemente os rumos da humanidade, como continuar\u00e1 a faz\u00ea-lo nas pr\u00f3ximas d\u00e9cadas.<\/p>\n<p>Com a publica\u00e7\u00e3o deste n\u00famero dedicado \u00e0 ci\u00eancia qu\u00e2ntica, a <span style=\"color: #800000;\"><a style=\"color: #800000;\" href=\"https:\/\/revistacienciaecultura.org.br\/\"><strong>Ci\u00eancia &amp; Cultura<\/strong><\/a><\/span> refor\u00e7a o seu compromisso e a sua cren\u00e7a de que, independentemente das complexidades inerentes \u00e0s teorias f\u00edsicas, a discuss\u00e3o de seu conte\u00fado essencial, de sua relev\u00e2ncia e de seus impactos n\u00e3o pode permanecer restrita \u00e0 comunidade cient\u00edfica. Disseminar informa\u00e7\u00f5es de qualidade e debater o significado e os usos de teorias cient\u00edficas, para que pessoas de todos os quadrantes possam participar, da melhor maneira poss\u00edvel, do processo coletivo de constru\u00e7\u00e3o e apropria\u00e7\u00e3o da ci\u00eancia \u00e9 sinal de responsabilidade social e um compromisso permanente da SBPC.<\/p>\n<p>&nbsp;<\/p>\n<h4 id=\"nao-e-exagero-afirmar-que-a-ciencia-quantica-tornou-se-uma-realidade-global-e-com-enorme-impacto-nos-dias-atuais\" style=\"text-align: center;\"><span style=\"color: #800000;\"><em>\u201cN\u00e3o \u00e9 exagero afirmar que a ci\u00eancia qu\u00e2ntica tornou-se uma realidade global e com enorme impacto nos dias atuais.\u201d<\/em><\/span><\/h4>\n<p>&nbsp;<\/p>\n<h6 id=\"capa-e-preciso-estabelecer-e-apoiar-politicas-publicas-para-o-ensino-pesquisa-e-inovacao-na-area-quantica-fonte-freepik-com-reproducao\"><strong>Capa. \u00c9 preciso estabelecer e apoiar pol\u00edticas p\u00fablicas para o ensino, pesquisa e inova\u00e7\u00e3o na \u00e1rea qu\u00e2ntica.<br \/>\n<\/strong>(Fonte: Freepik.com. Reprodu\u00e7\u00e3o)<\/h6>\n","protected":false},"excerpt":{"rendered":"ONU declara 2025 como marco para celebrar a teoria qu\u00e2ntica e suas&hellip;\n","protected":false},"author":20,"featured_media":8377,"comment_status":"open","ping_status":"open","sticky":false,"template":"","format":"standard","meta":[],"categories":[52,21],"tags":[],"acf":[],"_links":{"self":[{"href":"https:\/\/revistacienciaecultura.org.br\/index.php?rest_route=\/wp\/v2\/posts\/8376"}],"collection":[{"href":"https:\/\/revistacienciaecultura.org.br\/index.php?rest_route=\/wp\/v2\/posts"}],"about":[{"href":"https:\/\/revistacienciaecultura.org.br\/index.php?rest_route=\/wp\/v2\/types\/post"}],"author":[{"embeddable":true,"href":"https:\/\/revistacienciaecultura.org.br\/index.php?rest_route=\/wp\/v2\/users\/20"}],"replies":[{"embeddable":true,"href":"https:\/\/revistacienciaecultura.org.br\/index.php?rest_route=%2Fwp%2Fv2%2Fcomments&post=8376"}],"version-history":[{"count":2,"href":"https:\/\/revistacienciaecultura.org.br\/index.php?rest_route=\/wp\/v2\/posts\/8376\/revisions"}],"predecessor-version":[{"id":8495,"href":"https:\/\/revistacienciaecultura.org.br\/index.php?rest_route=\/wp\/v2\/posts\/8376\/revisions\/8495"}],"wp:featuredmedia":[{"embeddable":true,"href":"https:\/\/revistacienciaecultura.org.br\/index.php?rest_route=\/wp\/v2\/media\/8377"}],"wp:attachment":[{"href":"https:\/\/revistacienciaecultura.org.br\/index.php?rest_route=%2Fwp%2Fv2%2Fmedia&parent=8376"}],"wp:term":[{"taxonomy":"category","embeddable":true,"href":"https:\/\/revistacienciaecultura.org.br\/index.php?rest_route=%2Fwp%2Fv2%2Fcategories&post=8376"},{"taxonomy":"post_tag","embeddable":true,"href":"https:\/\/revistacienciaecultura.org.br\/index.php?rest_route=%2Fwp%2Fv2%2Ftags&post=8376"}],"curies":[{"name":"wp","href":"https:\/\/api.w.org\/{rel}","templated":true}]}}