{"id":8382,"date":"2025-05-29T07:30:18","date_gmt":"2025-05-29T07:30:18","guid":{"rendered":"https:\/\/revistacienciaecultura.org.br\/?p=8382"},"modified":"2025-06-02T16:23:47","modified_gmt":"2025-06-02T16:23:47","slug":"brasil-celebra-a-importancia-dos-dados-na-ciencia-com-o-love-data-day-2025","status":"publish","type":"post","link":"https:\/\/revistacienciaecultura.org.br\/?p=8382","title":{"rendered":"Celebrando a import\u00e2ncia dos dados na ci\u00eancia com o Love Data Day Brasil 2025"},"content":{"rendered":"<h4 id=\"inspirado-em-movimento-internacional-evento-nacional-quer-conscientizar-sobre-boas-praticas-na-gestao-de-dados-e-estimular-a-cultura-de-ciencia-aberta-em-universidades-e-centros-de-pesquisa\"><span style=\"color: #808080;\">Inspirado em movimento internacional, evento nacional quer conscientizar sobre boas pr\u00e1ticas na gest\u00e3o de dados e estimular a cultura de ci\u00eancia aberta em universidades e centros de pesquisa<\/span><\/h4>\n<p>&nbsp;<\/p>\n<p>No dia 3 de junho de 2025, a <span style=\"color: #800000;\"><strong><a style=\"color: #800000;\" href=\"https:\/\/www.sbc.org.br\/\" target=\"_blank\" rel=\"noopener\">Sociedade Brasileira de Computa\u00e7\u00e3o (SBC)<\/a><\/strong><\/span> realizar\u00e1 o <span style=\"color: #800000;\"><strong><a style=\"color: #800000;\" href=\"https:\/\/www.sbc.org.br\/sbc-convida-instituicoes-a-participarem-do-love-data-day-brasil-em-junho\/?fbclid=IwY2xjawKipJhleHRuA2FlbQIxMABicmlkETFyMW1ZSDJQVEhpV0I2YjVkAR4fP6LUw0MO1TNBR5Z3LmY5EIRHLxwF86lUMHYAHUFsvCxj7ZsFUt_q2LkiIA_aem_3Rm9Ox8NtH3wVWkd-zJBtg\" target=\"_blank\" rel=\"noopener\">Love Data Day Brasil<\/a><\/strong><\/span>, uma iniciativa em rede que busca mobilizar institui\u00e7\u00f5es, estudantes, profissionais e pesquisadores de todo o pa\u00eds para refletirem sobre a import\u00e2ncia dos dados em todas as etapas do processo cient\u00edfico. O evento acontecer\u00e1 em v\u00e1rias institui\u00e7\u00f5es, ao longo do dia, cada uma com programa\u00e7\u00e3o espec\u00edfica, em torno do tema de dados abertos.<\/p>\n<p>A programa\u00e7\u00e3o inclui palestras, semin\u00e1rios, workshops, mesas-redondas, pr\u00e1ticas e hackathons \u2014 exemplos de atividades t\u00edpicas desse tipo de evento. Alguns dos eventos j\u00e1 definidos est\u00e3o numa <span style=\"color: #800000;\"><strong><a style=\"color: #800000;\" href=\"https:\/\/www.sbc.org.br\/love-data-day-brasil\" target=\"_blank\" rel=\"noopener\">p\u00e1gina especial online da SBC<\/a><\/strong><\/span>, que continuar\u00e1 a ser atualizada \u00e0 medida que cheguem mais ades\u00f5es.<\/p>\n<p>&nbsp;<\/p>\n<h4 id=\"amor-pelos-dados\"><strong>Amor pelos dados<\/strong><\/h4>\n<p>Fora do Brasil, a iniciativa j\u00e1 \u00e9 tradicional: desde 2016 ocorre a Love Data Week, realizada na semana do Valentine\u2019s Day (14 de fevereiro) em centenas de universidades da Am\u00e9rica do Norte, Europa e Oceania, com o objetivo de estimular a curiosidade e disseminar o conhecimento sobre boas pr\u00e1ticas no uso e gest\u00e3o de dados. O prop\u00f3sito inicial foi refor\u00e7ar a conscientiza\u00e7\u00e3o sobre o papel central dos dados na pesquisa, nos neg\u00f3cios, no governo e na vida cotidiana. Desde ent\u00e3o, transformou-se em um movimento global, com centenas de eventos realizados anualmente.<\/p>\n<p>No Brasil, a primeira edi\u00e7\u00e3o ocorreu em 2024, promovida pela Pr\u00f3-Reitoria de Pesquisa da Unicamp. Em 2025, a SBC amplia a proposta, convidando institui\u00e7\u00f5es de ensino e pesquisa a organizarem suas pr\u00f3prias atividades \u2014 presenciais ou online \u2014 com foco na promo\u00e7\u00e3o da cultura de boa gest\u00e3o de dados. \u201cNeste ano, o Love Data Day ser\u00e1 no m\u00eas dos namorados no Brasil (junho) e vamos tentar continuar estendendo para outras universidades e centros de pesquisa nos pr\u00f3ximos anos, sempre em junho\u201d, explica Claudia Bauzer Medeiros, professora do Instituto de Computa\u00e7\u00e3o da Universidade Estadual de Campinas (Unicamp).<\/p>\n<p>De acordo com o Grupo de Trabalho em Ci\u00eancia Aberta da SBC \u2014 composto por especialistas de diversas universidades e centros de pesquisa \u2014 a forma\u00e7\u00e3o de uma cultura s\u00f3lida de gest\u00e3o de dados \u00e9 fundamental para o avan\u00e7o da ci\u00eancia no pa\u00eds e para a consolida\u00e7\u00e3o de pr\u00e1ticas de ci\u00eancia aberta, um dos pilares das pol\u00edticas p\u00fablicas e da inova\u00e7\u00e3o tecnol\u00f3gica no s\u00e9culo XXI.<\/p>\n<p>\u201cA conscientiza\u00e7\u00e3o passa pela necessidade de fazer com que pesquisadores entendam que s\u00f3 t\u00eam a lucrar no compartilhamento dos dados que produzem, pois isso promove colabora\u00e7\u00e3o, maior visibilidade e facilita auditoria. Obviamente, nem tudo pode ser aberto, mas a abertura \u00e9 ben\u00e9fica\u201d, destaca Claudia Bauzer Medeiros. Para ela, o treinamento \u00e9 essencial: \u201c\u00e9 preciso saber preparar os dados para compartilhar, sen\u00e3o quem quer reusar n\u00e3o vai entender. E, al\u00e9m disso, saber o que pode e o que n\u00e3o pode ser compartilhado, entrando em quest\u00f5es como direito autoral (dos dados), patente (dos dados) e outros\u201d. O treinamento tamb\u00e9m inclui orienta\u00e7\u00f5es sobre como garantir a autoria adequada dos dados, licen\u00e7as de uso e demais aspectos. \u201cMas, para isso, cientistas brasileiros precisam valorizar a abertura de dados como uma forma de publica\u00e7\u00e3o e dissemina\u00e7\u00e3o da ci\u00eancia\u201d, ressalta.<\/p>\n<p>Claudia Bauzer Medeiros avalia que, embora o Brasil esteja atrasado em rela\u00e7\u00e3o a regi\u00f5es como Am\u00e9rica do Norte, Europa e Oceania, \u00e9 pioneiro na Am\u00e9rica do Sul. Ela observa que a gest\u00e3o \u00e9tica de dados cient\u00edficos j\u00e1 \u00e9 praticada h\u00e1 d\u00e9cadas em algumas \u00e1reas, como Ci\u00eancias Sociais e Sa\u00fade. \u201cAgora, com a chegada da internet e de mecanismos de busca muito avan\u00e7ados, as quest\u00f5es \u00e9ticas ficaram mais complicadas, e por isso \u00e9 preciso que os comit\u00eas de \u00e9tica se conscientizem que \u00e9 preciso considerar novos algoritmos e novas formas de processamento de dados que tornam certas pol\u00edticas ineficientes\u201d, afirma. A pesquisadora tamb\u00e9m destaca a necessidade de forma\u00e7\u00e3o especializada e a import\u00e2ncia de reconhecer que dados e softwares, quando bem organizados e documentados, s\u00e3o parte da produ\u00e7\u00e3o cient\u00edfica e intelectual de uma pesquisa: \u201cS\u00e3o cit\u00e1veis, referenci\u00e1veis e, em muitos pa\u00edses, promovem a reputa\u00e7\u00e3o de um pesquisador. Basta ver o Pr\u00eamio Nobel de F\u00edsica de 2024, concedido a dois pesquisadores em Computa\u00e7\u00e3o, pelos algoritmos (e teoria associada) que criaram, ligados ao aprendizado de m\u00e1quina (uma \u00e1rea da Computa\u00e7\u00e3o)\u201d, finaliza.<\/p>\n<p>&nbsp;<\/p>\n<h4 id=\"como-participar\"><strong>Como participar?<\/strong><\/h4>\n<p>As institui\u00e7\u00f5es interessadas devem enviar suas propostas por meio de um <span style=\"color: #800000;\"><strong><a style=\"color: #800000;\" href=\"https:\/\/forms.gle\/ifLZDArXyprtB79B6\" target=\"_blank\" rel=\"noopener\">formul\u00e1rio<\/a><\/strong><\/span> online. AA SBC se encarregar\u00e1 de consolidar as atividades em um hotsite, promovendo ampla divulga\u00e7\u00e3o. Al\u00e9m disso, conte\u00fados produzidos durante o evento, como v\u00eddeos e materiais did\u00e1ticos, poder\u00e3o ser publicados na SOL \u2014 a biblioteca digital de acesso aberto da SBC \u2014 e no canal de YouTube da entidade.<\/p>\n","protected":false},"excerpt":{"rendered":"Inspirado em movimento internacional, evento nacional quer conscientizar sobre boas pr\u00e1ticas na&hellip;\n","protected":false},"author":19,"featured_media":8383,"comment_status":"open","ping_status":"open","sticky":false,"template":"","format":"standard","meta":[],"categories":[1,2],"tags":[],"acf":[],"_links":{"self":[{"href":"https:\/\/revistacienciaecultura.org.br\/index.php?rest_route=\/wp\/v2\/posts\/8382"}],"collection":[{"href":"https:\/\/revistacienciaecultura.org.br\/index.php?rest_route=\/wp\/v2\/posts"}],"about":[{"href":"https:\/\/revistacienciaecultura.org.br\/index.php?rest_route=\/wp\/v2\/types\/post"}],"author":[{"embeddable":true,"href":"https:\/\/revistacienciaecultura.org.br\/index.php?rest_route=\/wp\/v2\/users\/19"}],"replies":[{"embeddable":true,"href":"https:\/\/revistacienciaecultura.org.br\/index.php?rest_route=%2Fwp%2Fv2%2Fcomments&post=8382"}],"version-history":[{"count":3,"href":"https:\/\/revistacienciaecultura.org.br\/index.php?rest_route=\/wp\/v2\/posts\/8382\/revisions"}],"predecessor-version":[{"id":8411,"href":"https:\/\/revistacienciaecultura.org.br\/index.php?rest_route=\/wp\/v2\/posts\/8382\/revisions\/8411"}],"wp:featuredmedia":[{"embeddable":true,"href":"https:\/\/revistacienciaecultura.org.br\/index.php?rest_route=\/wp\/v2\/media\/8383"}],"wp:attachment":[{"href":"https:\/\/revistacienciaecultura.org.br\/index.php?rest_route=%2Fwp%2Fv2%2Fmedia&parent=8382"}],"wp:term":[{"taxonomy":"category","embeddable":true,"href":"https:\/\/revistacienciaecultura.org.br\/index.php?rest_route=%2Fwp%2Fv2%2Fcategories&post=8382"},{"taxonomy":"post_tag","embeddable":true,"href":"https:\/\/revistacienciaecultura.org.br\/index.php?rest_route=%2Fwp%2Fv2%2Ftags&post=8382"}],"curies":[{"name":"wp","href":"https:\/\/api.w.org\/{rel}","templated":true}]}}