{"id":8405,"date":"2025-06-05T07:30:21","date_gmt":"2025-06-05T07:30:21","guid":{"rendered":"https:\/\/revistacienciaecultura.org.br\/?p=8405"},"modified":"2025-06-02T14:19:19","modified_gmt":"2025-06-02T14:19:19","slug":"a-forca-dos-oceanos-a-urgencia-da-protecao-e-os-desafios-para-o-futuro","status":"publish","type":"post","link":"https:\/\/revistacienciaecultura.org.br\/?p=8405","title":{"rendered":"A for\u00e7a dos oceanos: A urg\u00eancia da prote\u00e7\u00e3o e os desafios para o futuro"},"content":{"rendered":"<h4 id=\"no-dia-mundial-dos-oceanos-confira-a-importancia-dos-mares-na-luta-contra-as-mudancas-climaticas-e-a-preservacao-das-culturas-tradicionais\"><span style=\"color: #808080;\">No Dia Mundial dos Oceanos, confira a import\u00e2ncia dos mares na luta contra as mudan\u00e7as clim\u00e1ticas e a preserva\u00e7\u00e3o das culturas tradicionais.<\/span><\/h4>\n<p>&nbsp;<\/p>\n<p>Comemorado em 8 de junho, o <em>World Oceans Day<\/em> foi proclamado pelas <span style=\"color: #800000;\"><strong><a style=\"color: #800000;\" href=\"https:\/\/brasil.un.org\/pt-br\" target=\"_blank\" rel=\"noopener\">Na\u00e7\u00f5es Unidas<\/a><\/strong><\/span> em 2008, com o objetivo de promover a conscientiza\u00e7\u00e3o global sobre os oceanos e as quest\u00f5es que afetam esses ecossistemas vitais. A data busca engajar a sociedade civil, os governos e as organiza\u00e7\u00f5es internacionais na preserva\u00e7\u00e3o dos oceanos, reconhecendo sua import\u00e2ncia n\u00e3o apenas para o meio ambiente, mas tamb\u00e9m para a economia, a alimenta\u00e7\u00e3o e a sa\u00fade global.<\/p>\n<p>A origem da celebra\u00e7\u00e3o remonta \u00e0 <span style=\"color: #800000;\"><strong><a style=\"color: #800000;\" href=\"https:\/\/translate.google.com\/translate?u=https:\/\/www.un.org\/en\/conferences\/environment\/rio1992&amp;hl=pt&amp;sl=en&amp;tl=pt&amp;client=srp\" target=\"_blank\" rel=\"noopener\">Confer\u00eancia das Na\u00e7\u00f5es Unidas sobre o Meio Ambiente e o Desenvolvimento de 1992<\/a><\/strong><\/span>, no Rio de Janeiro, onde foi discutida a necessidade de intensificar a prote\u00e7\u00e3o dos oceanos. O <em>World Oceans Day<\/em> surgiu como uma forma de focar a aten\u00e7\u00e3o p\u00fablica sobre os desafios enfrentados pelos mares e os ecossistemas marinhos, que desempenham um papel crucial na regula\u00e7\u00e3o do clima, na produ\u00e7\u00e3o de oxig\u00eanio e na alimenta\u00e7\u00e3o de bilh\u00f5es de pessoas ao redor do mundo.<\/p>\n<p>&nbsp;<\/p>\n<h4 id=\"os-ecossistemas-marinhos-desempenham-um-papel-crucial-na-regulacao-do-clima-na-producao-de-oxigenio-e-na-alimentacao-de-bilhoes-de-pessoas-ao-redor-do-mundo\" style=\"text-align: center;\"><span style=\"color: #800000;\"><em>\u201cOs ecossistemas marinhos desempenham um papel crucial na regula\u00e7\u00e3o do clima, na produ\u00e7\u00e3o de oxig\u00eanio e na alimenta\u00e7\u00e3o de bilh\u00f5es de pessoas ao redor do mundo.\u201d<\/em><\/span><\/h4>\n<p>&nbsp;<\/p>\n<p>Em 2025, a import\u00e2ncia do Dia Mundial dos Oceanos ser\u00e1 mais relevante do que nunca, com a crescente conscientiza\u00e7\u00e3o sobre as amea\u00e7as que os mares enfrentam. As Na\u00e7\u00f5es Unidas renovaram seu compromisso com os Objetivos de Desenvolvimento Sustent\u00e1vel (ODS), com \u00eanfase especial no ODS 14, que visa conservar e usar de maneira sustent\u00e1vel os oceanos, mares e recursos marinhos. O desafio para os pr\u00f3ximos anos ser\u00e1 unir esfor\u00e7os para implementar pol\u00edticas globais e locais que possam efetivamente combater as amea\u00e7as que afetam os oceanos.<\/p>\n<h6 id=\"figura-1-a-conscientizacao-sobre-o-papel-vital-dos-oceanos-e-importante-para-que-o-mundo-adote-acoes-para-a-sua-preservacao-alem-de-enfrentar-as-mudancas-climaticas-foto-agencia-brasil-reproduca\" style=\"text-align: center;\"><img loading=\"lazy\" class=\"aligncenter wp-image-8407\" src=\"https:\/\/revistacienciaecultura.org.br\/wp-content\/uploads\/2025\/06\/pescador-300x179.jpg\" alt=\"\" width=\"500\" height=\"299\" srcset=\"https:\/\/revistacienciaecultura.org.br\/wp-content\/uploads\/2025\/06\/pescador-300x179.jpg 300w, https:\/\/revistacienciaecultura.org.br\/wp-content\/uploads\/2025\/06\/pescador-1024x613.jpg 1024w, https:\/\/revistacienciaecultura.org.br\/wp-content\/uploads\/2025\/06\/pescador-768x459.jpg 768w, https:\/\/revistacienciaecultura.org.br\/wp-content\/uploads\/2025\/06\/pescador-18x12.jpg 18w, https:\/\/revistacienciaecultura.org.br\/wp-content\/uploads\/2025\/06\/pescador-800x479.jpg 800w, https:\/\/revistacienciaecultura.org.br\/wp-content\/uploads\/2025\/06\/pescador-1160x694.jpg 1160w, https:\/\/revistacienciaecultura.org.br\/wp-content\/uploads\/2025\/06\/pescador.jpg 1170w\" sizes=\"(max-width: 500px) 100vw, 500px\" \/><br \/>\n<strong>Figura 1. A conscientiza\u00e7\u00e3o sobre o papel vital dos oceanos \u00e9 importante para que o mundo adote a\u00e7\u00f5es para a sua preserva\u00e7\u00e3o, al\u00e9m de enfrentar as mudan\u00e7as clim\u00e1ticas.<\/strong><br \/>\n(Foto: Ag\u00eancia Brasil. Reprodu\u00e7\u00e3o)<\/h6>\n<p>&nbsp;<\/p>\n<p>Atualmente, as principais amea\u00e7as contra os oceanos incluem a polui\u00e7\u00e3o pl\u00e1stica, a sobrepesca, a acidifica\u00e7\u00e3o dos mares, e a destrui\u00e7\u00e3o dos habitats marinhos, como os recifes de corais. O impacto das mudan\u00e7as clim\u00e1ticas tamb\u00e9m est\u00e1 agravando esses problemas, com o aumento das temperaturas da \u00e1gua, que prejudica a biodiversidade e altera os padr\u00f5es de migra\u00e7\u00e3o das esp\u00e9cies marinhas. Al\u00e9m disso, a perda de \u00e1reas costeiras e a degrada\u00e7\u00e3o de ecossistemas essenciais, como as florestas de mangue, intensificam os riscos para as comunidades que dependem diretamente dos oceanos.<\/p>\n<p>Proteger os oceanos \u00e9 uma tarefa urgente, pois eles s\u00e3o fundamentais para a vida na Terra. Al\u00e9m de desempenharem um papel central na regula\u00e7\u00e3o do clima, os oceanos s\u00e3o respons\u00e1veis por absorver cerca de 30% do di\u00f3xido de carbono emitido pela humanidade, ajudando a mitigar os efeitos das mudan\u00e7as clim\u00e1ticas. Sua preserva\u00e7\u00e3o n\u00e3o s\u00f3 garante a manuten\u00e7\u00e3o da biodiversidade marinha, mas tamb\u00e9m contribui para a seguran\u00e7a alimentar de milh\u00f5es de pessoas, especialmente em pa\u00edses costeiros.<\/p>\n<p>&nbsp;<\/p>\n<h4 id=\"proteger-os-oceanos-e-uma-tarefa-urgente-pois-eles-sao-fundamentais-para-a-vida-na-terra\" style=\"text-align: center;\"><span style=\"color: #800000;\"><em>\u201cProteger os oceanos \u00e9 uma tarefa urgente, pois eles s\u00e3o fundamentais para a vida na Terra.\u201d<\/em><\/span><\/h4>\n<p>&nbsp;<\/p>\n<p>As popula\u00e7\u00f5es ind\u00edgenas e as comunidades tradicionais t\u00eam desempenhado um papel vital na preserva\u00e7\u00e3o dos oceanos. Com seu conhecimento ancestral e pr\u00e1ticas de manejo sustent\u00e1vel, essas comunidades demonstram uma profunda conex\u00e3o com os mares e s\u00e3o fundamentais na defesa de pr\u00e1ticas de conserva\u00e7\u00e3o eficazes. Seu papel \u00e9 muitas vezes negligenciado em pol\u00edticas p\u00fablicas, mas sua experi\u00eancia \u00e9 crucial para a constru\u00e7\u00e3o de solu\u00e7\u00f5es ambientais que considerem as necessidades de todos, especialmente as dos ecossistemas locais.<\/p>\n<p>A import\u00e2ncia dos oceanos na mitiga\u00e7\u00e3o das mudan\u00e7as clim\u00e1ticas tamb\u00e9m est\u00e1 ligada aos ecossistemas marinhos, como os manguezais, as pradarias marinhas e os recifes de corais, que atuam como sumidouros de carbono. Esses ambientes ajudam a absorver o CO2 da atmosfera, enquanto protegem as costas e a biodiversidade. O aumento da conscientiza\u00e7\u00e3o sobre o papel vital dos oceanos \u00e9 essencial para que o mundo adote a\u00e7\u00f5es mais amplas para a sua preserva\u00e7\u00e3o, al\u00e9m de enfrentar os impactos das mudan\u00e7as clim\u00e1ticas.<\/p>\n<p>&nbsp;<\/p>\n<h6 id=\"capa-freepik-reproducao\">Capa. Freepik. Reprodu\u00e7\u00e3o<\/h6>\n","protected":false},"excerpt":{"rendered":"No Dia Mundial dos Oceanos, confira a import\u00e2ncia dos mares na luta&hellip;\n","protected":false},"author":11,"featured_media":8406,"comment_status":"open","ping_status":"open","sticky":false,"template":"","format":"standard","meta":[],"categories":[1,2],"tags":[],"acf":[],"_links":{"self":[{"href":"https:\/\/revistacienciaecultura.org.br\/index.php?rest_route=\/wp\/v2\/posts\/8405"}],"collection":[{"href":"https:\/\/revistacienciaecultura.org.br\/index.php?rest_route=\/wp\/v2\/posts"}],"about":[{"href":"https:\/\/revistacienciaecultura.org.br\/index.php?rest_route=\/wp\/v2\/types\/post"}],"author":[{"embeddable":true,"href":"https:\/\/revistacienciaecultura.org.br\/index.php?rest_route=\/wp\/v2\/users\/11"}],"replies":[{"embeddable":true,"href":"https:\/\/revistacienciaecultura.org.br\/index.php?rest_route=%2Fwp%2Fv2%2Fcomments&post=8405"}],"version-history":[{"count":2,"href":"https:\/\/revistacienciaecultura.org.br\/index.php?rest_route=\/wp\/v2\/posts\/8405\/revisions"}],"predecessor-version":[{"id":8409,"href":"https:\/\/revistacienciaecultura.org.br\/index.php?rest_route=\/wp\/v2\/posts\/8405\/revisions\/8409"}],"wp:featuredmedia":[{"embeddable":true,"href":"https:\/\/revistacienciaecultura.org.br\/index.php?rest_route=\/wp\/v2\/media\/8406"}],"wp:attachment":[{"href":"https:\/\/revistacienciaecultura.org.br\/index.php?rest_route=%2Fwp%2Fv2%2Fmedia&parent=8405"}],"wp:term":[{"taxonomy":"category","embeddable":true,"href":"https:\/\/revistacienciaecultura.org.br\/index.php?rest_route=%2Fwp%2Fv2%2Fcategories&post=8405"},{"taxonomy":"post_tag","embeddable":true,"href":"https:\/\/revistacienciaecultura.org.br\/index.php?rest_route=%2Fwp%2Fv2%2Ftags&post=8405"}],"curies":[{"name":"wp","href":"https:\/\/api.w.org\/{rel}","templated":true}]}}