{"id":8412,"date":"2025-06-03T07:30:52","date_gmt":"2025-06-03T07:30:52","guid":{"rendered":"https:\/\/revistacienciaecultura.org.br\/?p=8412"},"modified":"2025-06-02T18:29:41","modified_gmt":"2025-06-02T18:29:41","slug":"eleicoes-sbpc-2025-aberto-o-processo-de-votacao","status":"publish","type":"post","link":"https:\/\/revistacienciaecultura.org.br\/?p=8412","title":{"rendered":"Elei\u00e7\u00f5es SBPC 2025: aberto o processo de vota\u00e7\u00e3o"},"content":{"rendered":"<h4 id=\"os-socios-ativos-tem-ate-o-dia-16-de-junho-para-votar\"><span style=\"color: #808080;\">Os s\u00f3cios ativos t\u00eam at\u00e9 o dia 16 de junho para votar<\/span><\/h4>\n<p>&nbsp;<\/p>\n<p>O processo de vota\u00e7\u00e3o das Elei\u00e7\u00f5es 2025 da SBPC para os cargos da Diretoria (bi\u00eanio 2025-2027), parte do Conselho (quadri\u00eanio 2025-2029) e Secretarias Regionais (bi\u00eanio 2025-2027) est\u00e1 aberto.<\/p>\n<p>Foram encaminhadas para todos os s\u00f3cios ativos as instru\u00e7\u00f5es sobre a vota\u00e7\u00e3o, que come\u00e7ou nesta segunda-feira (02) e vai at\u00e9 o dia 16 de junho.\u00a0 A recomenda\u00e7\u00e3o para os s\u00f3cios \u00e9 que votem o quanto antes e divulguem aos seus colegas que a vota\u00e7\u00e3o est\u00e1 em andamento.<\/p>\n<p>Est\u00e3o aptos a votar os s\u00f3cios ativos, ou seja, aqueles que tenham sido admitidos at\u00e9 o dia 28 de abril de 2025 e que tenham quitado a anuidade referente a 2024 e\/ou 2025 at\u00e9 o dia 29 de maio.<\/p>\n<p>As circulares anteriores, a lista de todos os candidatos aos diversos cargos, bem como seus curr\u00edculos resumidos e outros textos de interesse por eles disponibilizados tamb\u00e9m podem ser acessados na\u00a0<a href=\"https:\/\/portal.sbpcnet.org.br\/eleicoes-2025\/\" target=\"_blank\" rel=\"noopener\">p\u00e1gina das elei\u00e7\u00f5es<\/a>.<\/p>\n<p>O sistema utilizado no processo de vota\u00e7\u00e3o deste ano ser\u00e1 uma vers\u00e3o do\u00a0<em>Helios Voting<\/em>, cedida pela Universidade de S\u00e3o Paulo (USP). O sistema \u00e9 amplamente utilizado por grandes organiza\u00e7\u00f5es, incluindo sociedades cient\u00edficas e profissionais, al\u00e9m de in\u00fameras Institui\u00e7\u00f5es de Ensino Superior, e \u00e9 dotado de um mecanismo altamente seguro de computa\u00e7\u00e3o e apura\u00e7\u00e3o eletr\u00f4nicas dos votos, que s\u00e3o criptografados antes de serem enviados pela rede. Os s\u00f3cios podem verificar o passo a passo para vota\u00e7\u00e3o neste documento em<span style=\"color: #800000;\"><strong>\u00a0<\/strong><\/span><a href=\"https:\/\/portal.sbpcnet.org.br\/wp-content\/uploads\/2025\/05\/Passo-a-passo-vota%C3%A7ao-eleicoes-2025.pdf\" target=\"_blank\" rel=\"noopener\"><span style=\"color: #800000;\"><strong>PDF<\/strong><\/span><\/a>.<\/p>\n<p>Participe! A for\u00e7a da SBPC reside nesta participa\u00e7\u00e3o e na atua\u00e7\u00e3o ativa de todos os s\u00f3cios. Mais informa\u00e7\u00f5es est\u00e3o dispon\u00edveis no site da SBPC:\u00a0<span style=\"color: #800000;\"><strong><a style=\"color: #800000;\" href=\"https:\/\/portal.sbpcnet.org.br\/eleicoes-2025\/\" target=\"_blank\" rel=\"noopener\">https:\/\/portal.sbpcnet.org.br\/eleicoes-2025\/<\/a><\/strong><\/span><\/p>\n<p><span style=\"color: #808080;\"><em>SBPC<\/em><\/span><\/p>\n","protected":false},"excerpt":{"rendered":"Os s\u00f3cios ativos t\u00eam at\u00e9 o dia 16 de junho para votar&hellip;\n","protected":false},"author":19,"featured_media":8413,"comment_status":"open","ping_status":"open","sticky":false,"template":"","format":"standard","meta":[],"categories":[1,2],"tags":[],"acf":[],"_links":{"self":[{"href":"https:\/\/revistacienciaecultura.org.br\/index.php?rest_route=\/wp\/v2\/posts\/8412"}],"collection":[{"href":"https:\/\/revistacienciaecultura.org.br\/index.php?rest_route=\/wp\/v2\/posts"}],"about":[{"href":"https:\/\/revistacienciaecultura.org.br\/index.php?rest_route=\/wp\/v2\/types\/post"}],"author":[{"embeddable":true,"href":"https:\/\/revistacienciaecultura.org.br\/index.php?rest_route=\/wp\/v2\/users\/19"}],"replies":[{"embeddable":true,"href":"https:\/\/revistacienciaecultura.org.br\/index.php?rest_route=%2Fwp%2Fv2%2Fcomments&post=8412"}],"version-history":[{"count":2,"href":"https:\/\/revistacienciaecultura.org.br\/index.php?rest_route=\/wp\/v2\/posts\/8412\/revisions"}],"predecessor-version":[{"id":8415,"href":"https:\/\/revistacienciaecultura.org.br\/index.php?rest_route=\/wp\/v2\/posts\/8412\/revisions\/8415"}],"wp:featuredmedia":[{"embeddable":true,"href":"https:\/\/revistacienciaecultura.org.br\/index.php?rest_route=\/wp\/v2\/media\/8413"}],"wp:attachment":[{"href":"https:\/\/revistacienciaecultura.org.br\/index.php?rest_route=%2Fwp%2Fv2%2Fmedia&parent=8412"}],"wp:term":[{"taxonomy":"category","embeddable":true,"href":"https:\/\/revistacienciaecultura.org.br\/index.php?rest_route=%2Fwp%2Fv2%2Fcategories&post=8412"},{"taxonomy":"post_tag","embeddable":true,"href":"https:\/\/revistacienciaecultura.org.br\/index.php?rest_route=%2Fwp%2Fv2%2Ftags&post=8412"}],"curies":[{"name":"wp","href":"https:\/\/api.w.org\/{rel}","templated":true}]}}