{"id":8422,"date":"2025-06-18T07:30:26","date_gmt":"2025-06-18T07:30:26","guid":{"rendered":"https:\/\/revistacienciaecultura.org.br\/?p=8422"},"modified":"2025-06-03T11:39:44","modified_gmt":"2025-06-03T11:39:44","slug":"o-dna-da-cana-a-revolucao-genetica-que-esta-redefinindo-a-agricultura-brasileira","status":"publish","type":"post","link":"https:\/\/revistacienciaecultura.org.br\/?p=8422","title":{"rendered":"O DNA da cana: a revolu\u00e7\u00e3o gen\u00e9tica que est\u00e1 redefinindo a agricultura brasileira"},"content":{"rendered":"<h4 id=\"com-resistencia-a-pragas-e-herbicidas-nova-variedade-de-cana-transgenica-marca-avanco-da-biotecnologia-no-brasil-e-projeta-um-futuro-mais-sustentavel-para-o-setor-sucroenergetico\"><span style=\"color: #808080;\">Com resist\u00eancia a pragas e herbicidas, nova variedade de cana transg\u00eanica marca avan\u00e7o da biotecnologia no Brasil e projeta um futuro mais sustent\u00e1vel para o setor sucroenerg\u00e9tico.<\/span><\/h4>\n<p>&nbsp;<\/p>\n<p>A cana-de-a\u00e7\u00facar, s\u00edmbolo da economia agroindustrial brasileira, est\u00e1 passando por uma revolu\u00e7\u00e3o silenciosa, mas promissora, no campo da biotecnologia. Em parceria com a <strong><a href=\"https:\/\/www.embrapa.br\/agroenergia\" target=\"_blank\" rel=\"noopener\"><span style=\"color: #800000;\">Embrapa Agroenergia<\/span><\/a><\/strong>, a empresa-filha da Unicamp <span style=\"color: #800000;\"><strong><a style=\"color: #800000;\" href=\"https:\/\/parque.inova.unicamp.br\/portfolio\/pangeia-biotech\/\" target=\"_blank\" rel=\"noopener\">PangeiaBiotech<\/a><\/strong><\/span> acaba de dar um salto significativo ao desenvolver uma nova variedade geneticamente modificada da planta \u2014 a cana BtRR. Com resist\u00eancia \u00e0 principal praga da cultura, a broca-da-cana, e ao herbicida glifosato, amplamente utilizado no mundo, a inova\u00e7\u00e3o alia ganhos econ\u00f4micos, produtivos e ambientais.<\/p>\n<p>A cana ainda \u00e9 cultivada majoritariamente de forma convencional no Brasil. A nova tecnologia incorpora dois modos distintos de a\u00e7\u00e3o gen\u00e9tica, numa combina\u00e7\u00e3o que representa um divisor de \u00e1guas para a cultura mais estrat\u00e9gica do pa\u00eds. A promessa n\u00e3o \u00e9 apenas melhorar o desempenho agr\u00edcola e reduzir o uso de defensivos, mas tamb\u00e9m preservar a biodiversidade ao redor das planta\u00e7\u00f5es.<\/p>\n<p>&nbsp;<\/p>\n<h4 id=\"a-promessa-nao-e-apenas-melhorar-o-desempenho-agricola-e-reduzir-o-uso-de-defensivos-mas-tambem-preservar-a-biodiversidade-ao-redor-das-plantacoes\" style=\"text-align: center;\"><span style=\"color: #800000;\"><em>\u201cA promessa n\u00e3o \u00e9 apenas melhorar o desempenho agr\u00edcola e reduzir o uso de defensivos, mas tamb\u00e9m preservar a biodiversidade ao redor das planta\u00e7\u00f5es.\u201d<\/em><\/span><\/h4>\n<p>&nbsp;<\/p>\n<p>Al\u00e9m disso, a cana BtRR abre novas possibilidades para a produ\u00e7\u00e3o de etanol \u2014 tanto o de primeira quanto o de segunda gera\u00e7\u00e3o \u2014 por meio do aumento da biomassa dispon\u00edvel. Isso refor\u00e7a o papel da biotecnologia como aliada da transi\u00e7\u00e3o energ\u00e9tica e da descarboniza\u00e7\u00e3o da economia, pontos centrais na agenda ambiental brasileira e global.<\/p>\n<h6 id=\"foto-embrapa-reproducao\" style=\"text-align: center;\"><img loading=\"lazy\" class=\"aligncenter wp-image-8423\" src=\"https:\/\/revistacienciaecultura.org.br\/wp-content\/uploads\/2025\/06\/cana-300x214.jpeg\" alt=\"\" width=\"500\" height=\"357\" srcset=\"https:\/\/revistacienciaecultura.org.br\/wp-content\/uploads\/2025\/06\/cana-300x214.jpeg 300w, https:\/\/revistacienciaecultura.org.br\/wp-content\/uploads\/2025\/06\/cana-768x548.jpeg 768w, https:\/\/revistacienciaecultura.org.br\/wp-content\/uploads\/2025\/06\/cana-18x12.jpeg 18w, https:\/\/revistacienciaecultura.org.br\/wp-content\/uploads\/2025\/06\/cana-800x571.jpeg 800w, https:\/\/revistacienciaecultura.org.br\/wp-content\/uploads\/2025\/06\/cana.jpeg 900w\" sizes=\"(max-width: 500px) 100vw, 500px\" \/><br \/>\n(Foto: Embrapa. Reprodu\u00e7\u00e3o)<\/h6>\n<p>&nbsp;<\/p>\n<p>Outro trunfo da inova\u00e7\u00e3o \u00e9 que os genes utilizados na nova variedade s\u00e3o classificados como FTO (<em>Freedom to Operate<\/em>), ou seja, livres para explora\u00e7\u00e3o comercial. O certificado foi obtido em 2019 e garante seguran\u00e7a jur\u00eddica e liberdade para escalar a produ\u00e7\u00e3o. Atualmente, a PangeiaBiotech e a Embrapa Agroenergia buscam parcerias estrat\u00e9gicas com o setor produtivo para colocar a nova variedade no mercado.<\/p>\n<p>&nbsp;<\/p>\n<h4 id=\"as-raizes-da-genomica-no-brasil\"><strong>As ra\u00edzes da gen\u00f4mica no Brasil<\/strong><\/h4>\n<p>O desenvolvimento da cana BtRR n\u00e3o \u00e9 um ponto isolado. Ele se apoia em mais de duas d\u00e9cadas de constru\u00e7\u00e3o do conhecimento gen\u00f4mico no Brasil. Tudo come\u00e7ou em 1997, quando o pa\u00eds decidiu, de forma pioneira, sequenciar o genoma de uma bact\u00e9ria fitopatog\u00eanica \u2014 a <em>Xylella fastidiosa<\/em>, respons\u00e1vel pela clorose variegada dos citros, praga devastadora dos laranjais. O projeto envolveu 30 laborat\u00f3rios paulistas, coordenados em rede, e recebeu US$ 12 milh\u00f5es em investimentos da <strong><a href=\"https:\/\/fapesp.br\/\" target=\"_blank\" rel=\"noopener\"><span style=\"color: #800000;\">Fapesp<\/span><\/a><\/strong>.<\/p>\n<p>O feito colocou o Brasil no mapa da ci\u00eancia mundial: fomos o primeiro pa\u00eds a decifrar o genoma de um pat\u00f3geno vegetal. Esse marco deu origem a uma onda de novos projetos, como o sequenciamento parcial da cana-de-a\u00e7\u00facar em 1998 e o da <em>Xanthomonas citri<\/em> \u2014 causadora do cancro c\u00edtrico \u2014 no ano 2000. Esses esfor\u00e7os consolidaram uma base s\u00f3lida de conhecimento e infraestrutura para que, anos depois, inova\u00e7\u00f5es como a cana BtRR se tornassem realidade.<\/p>\n<h6 id=\"foto-agencia-brasil-reproducao\" style=\"text-align: center;\"><img loading=\"lazy\" class=\"aligncenter wp-image-8425\" src=\"https:\/\/revistacienciaecultura.org.br\/wp-content\/uploads\/2025\/06\/etanol-300x200.jpeg\" alt=\"\" width=\"500\" height=\"333\" srcset=\"https:\/\/revistacienciaecultura.org.br\/wp-content\/uploads\/2025\/06\/etanol-300x200.jpeg 300w, https:\/\/revistacienciaecultura.org.br\/wp-content\/uploads\/2025\/06\/etanol-18x12.jpeg 18w, https:\/\/revistacienciaecultura.org.br\/wp-content\/uploads\/2025\/06\/etanol.jpeg 768w\" sizes=\"(max-width: 500px) 100vw, 500px\" \/><br \/>\n(Foto: Ag\u00eancia Brasil. Reprodu\u00e7\u00e3o)<\/h6>\n<p>&nbsp;<\/p>\n<p>Desde ent\u00e3o, o campo da gen\u00f4mica se expandiu para todas as regi\u00f5es do pa\u00eds, mobilizando universidades, institutos de pesquisa e empresas. Em Bras\u00edlia, por exemplo, a <span style=\"color: #800000;\"><strong><a style=\"color: #800000;\" href=\"https:\/\/www.embrapa.br\/recursos-geneticos-e-biotecnologia\" target=\"_blank\" rel=\"noopener\">Embrapa Recursos Gen\u00e9ticos e Biotecnologia<\/a><\/strong><\/span> tem se destacado em \u00e1reas como clonagem animal e biof\u00e1bricas. Em 2003, foi respons\u00e1vel pelo nascimento da bezerra Vit\u00f3ria, primeiro clone bovino brasileiro por transfer\u00eancia nuclear \u2014 um feito que, al\u00e9m do valor cient\u00edfico, mostrou o potencial de uso da biotecnologia para produzir medicamentos em animais geneticamente modificados.<\/p>\n<p>&nbsp;<\/p>\n<h4 id=\"do-laboratorio-ao-campo\"><strong>Do laborat\u00f3rio ao campo<\/strong><\/h4>\n<p>A hist\u00f3ria da cana BtRR \u00e9, portanto, a ponta de um iceberg tecnol\u00f3gico em constante evolu\u00e7\u00e3o. \u00c9 o retrato de como o Brasil vem conectando pesquisa de ponta \u00e0 realidade do agroneg\u00f3cio, com foco em produtividade, sustentabilidade e soberania cient\u00edfica. E mostra que o investimento em ci\u00eancia, feito com vis\u00e3o estrat\u00e9gica e colabora\u00e7\u00e3o entre institui\u00e7\u00f5es p\u00fablicas e privadas, pode gerar frutos concretos \u2014 ou melhor, colmos mais fortes, verdes e valiosos.<\/p>\n<p>&nbsp;<\/p>\n<h4 id=\"fomos-o-primeiro-pais-a-decifrar-o-genoma-de-um-patogeno-vegetal\" style=\"text-align: center;\"><span style=\"color: #800000;\"><em>\u201cFomos o primeiro pa\u00eds a decifrar o genoma de um pat\u00f3geno vegetal.\u201d<\/em><\/span><\/h4>\n<p>&nbsp;<\/p>\n<p>Se o s\u00e9culo 21 come\u00e7ou com o sequenciamento de genomas, a nova fase \u00e9 a da transforma\u00e7\u00e3o desses dados em solu\u00e7\u00f5es pr\u00e1ticas. E a cana transg\u00eanica BtRR talvez seja um dos exemplos mais simb\u00f3licos de como a biotecnologia brasileira est\u00e1 come\u00e7ando, de fato, a florescer no campo.<\/p>\n<p>&nbsp;<\/p>\n<h6 id=\"capa-embrapa-reproducao\">Capa. Embrapa. Reprodu\u00e7\u00e3o.<\/h6>\n","protected":false},"excerpt":{"rendered":"Com resist\u00eancia a pragas e herbicidas, nova variedade de cana transg\u00eanica marca&hellip;\n","protected":false},"author":19,"featured_media":8424,"comment_status":"open","ping_status":"open","sticky":false,"template":"","format":"standard","meta":[],"categories":[1,2],"tags":[],"acf":[],"_links":{"self":[{"href":"https:\/\/revistacienciaecultura.org.br\/index.php?rest_route=\/wp\/v2\/posts\/8422"}],"collection":[{"href":"https:\/\/revistacienciaecultura.org.br\/index.php?rest_route=\/wp\/v2\/posts"}],"about":[{"href":"https:\/\/revistacienciaecultura.org.br\/index.php?rest_route=\/wp\/v2\/types\/post"}],"author":[{"embeddable":true,"href":"https:\/\/revistacienciaecultura.org.br\/index.php?rest_route=\/wp\/v2\/users\/19"}],"replies":[{"embeddable":true,"href":"https:\/\/revistacienciaecultura.org.br\/index.php?rest_route=%2Fwp%2Fv2%2Fcomments&post=8422"}],"version-history":[{"count":2,"href":"https:\/\/revistacienciaecultura.org.br\/index.php?rest_route=\/wp\/v2\/posts\/8422\/revisions"}],"predecessor-version":[{"id":8427,"href":"https:\/\/revistacienciaecultura.org.br\/index.php?rest_route=\/wp\/v2\/posts\/8422\/revisions\/8427"}],"wp:featuredmedia":[{"embeddable":true,"href":"https:\/\/revistacienciaecultura.org.br\/index.php?rest_route=\/wp\/v2\/media\/8424"}],"wp:attachment":[{"href":"https:\/\/revistacienciaecultura.org.br\/index.php?rest_route=%2Fwp%2Fv2%2Fmedia&parent=8422"}],"wp:term":[{"taxonomy":"category","embeddable":true,"href":"https:\/\/revistacienciaecultura.org.br\/index.php?rest_route=%2Fwp%2Fv2%2Fcategories&post=8422"},{"taxonomy":"post_tag","embeddable":true,"href":"https:\/\/revistacienciaecultura.org.br\/index.php?rest_route=%2Fwp%2Fv2%2Ftags&post=8422"}],"curies":[{"name":"wp","href":"https:\/\/api.w.org\/{rel}","templated":true}]}}