{"id":8443,"date":"2025-06-10T07:30:33","date_gmt":"2025-06-10T07:30:33","guid":{"rendered":"https:\/\/revistacienciaecultura.org.br\/?p=8443"},"modified":"2025-06-09T17:46:03","modified_gmt":"2025-06-09T17:46:03","slug":"cmaih-participa-da-9a-semana-nacional-de-arquivos","status":"publish","type":"post","link":"https:\/\/revistacienciaecultura.org.br\/?p=8443","title":{"rendered":"CMAIH participa da 9\u00aa Semana Nacional de Arquivos"},"content":{"rendered":"<h4 id=\"programacao-comecara-nesta-segunda-e-seguira-ate-o-dia-13-envolvendo-instituicoes-de-pesquisa-de-todo-o-pais\"><span style=\"color: #808080;\">Programa\u00e7\u00e3o come\u00e7ar\u00e1 nesta segunda e seguir\u00e1 at\u00e9 o dia 13 envolvendo institui\u00e7\u00f5es de pesquisa de todo o Pa\u00eds<\/span><\/h4>\n<p>&nbsp;<\/p>\n<p>O Centro de Mem\u00f3ria Am\u00e9lia Imp\u00e9rio Hamburger (CMAIH), da Sociedade Brasileira para o Progresso da Ci\u00eancia (SBPC), integrar\u00e1 a programa\u00e7\u00e3o da 9\u00aa Semana Nacional de Arquivos, que come\u00e7a nesta segunda-feira e seguir\u00e1 at\u00e9 o dia 13.<\/p>\n<p>A Semana Nacional de Arquivos \u00e9 uma a\u00e7\u00e3o articulada pelo Arquivo Nacional como comemora\u00e7\u00e3o ao Dia Internacional dos Arquivos (9 de junho). A iniciativa convida bibliotecas, museus, centros de mem\u00f3ria, funda\u00e7\u00f5es, institutos de pesquisa, universidades e demais institui\u00e7\u00f5es a realizarem uma programa\u00e7\u00e3o conjunta de semin\u00e1rios, mesas-redondas, oficinas, exposi\u00e7\u00f5es, lan\u00e7amentos de publica\u00e7\u00f5es, mostras de filmes e visitas mediadas.<\/p>\n<p>Partindo da tem\u00e1tica principal do evento neste ano, \u201cMudan\u00e7as Clim\u00e1ticas: preserva\u00e7\u00e3o e acessibilidade\u201d, o CMAIH apresenta uma palestra em v\u00eddeo do professor Andrea Cavicchioli (EACH-USP), especialista em ci\u00eancia do patrim\u00f4nio e gest\u00e3o ambiental.<\/p>\n<p>\u201cNo Brasil, de acordo com o IPCC (Painel Intergovernamental sobre Mudan\u00e7as Clim\u00e1ticas), praticamente todas as regi\u00f5es sofrer\u00e3o mudan\u00e7as nos padr\u00f5es clim\u00e1ticos, com maiores temperaturas m\u00e9dias, ondas de calor mais frequentes e mais intensas e precipita\u00e7\u00f5es. Para refletir sobre o enfrentamento deste futuro desafiador por parte de institui\u00e7\u00f5es engajadas com a preserva\u00e7\u00e3o do patrim\u00f4nio cultural, todos temos que abra\u00e7ar a ideia da conserva\u00e7\u00e3o preventiva, como sendo a abordagem mais convincente e eficaz para se contrapor \u00e0 degrada\u00e7\u00e3o dos materiais\u201d, explica o pesquisador.<\/p>\n<p>Cavicchioli orientou o projeto Lambda (2016), um programa de monitoramento de ambientes de guarda de acervos com participa\u00e7\u00e3o da SBPC, do Arquivo Geral da USP (SAUSP), do Centro de Preserva\u00e7\u00e3o Cultural da USP (CPC-USP) e do Centro MariAntonia da USP (CEUMA-USP). Desde ent\u00e3o, a SBPC mant\u00e9m uma parceria com o professor.<\/p>\n<p>A palestra completa est\u00e1 dispon\u00edvel no<a href=\"https:\/\/www.youtube.com\/watch?v=56PmAHPks2U&amp;ab_channel=SBPCnet\" target=\"_blank\" rel=\"noopener\">\u00a0<span style=\"color: #800000;\"><strong>canal da SBPC no YouTube<\/strong><\/span><\/a>. Confira tamb\u00e9m toda a programa\u00e7\u00e3o da 9\u00aa Semana Nacional de Arquivos no\u00a0<span style=\"color: #800000;\"><strong><a style=\"color: #800000;\" href=\"https:\/\/www.gov.br\/arquivonacional\/pt-br\/sites_eventos\/SNA\" target=\"_blank\" rel=\"noopener\">site oficial do evento<\/a><\/strong><\/span>.<\/p>\n<p><span style=\"color: #808080;\"><em>Jornal da Ci\u00eancia<\/em><\/span><\/p>\n","protected":false},"excerpt":{"rendered":"Programa\u00e7\u00e3o come\u00e7ar\u00e1 nesta segunda e seguir\u00e1 at\u00e9 o dia 13 envolvendo institui\u00e7\u00f5es&hellip;\n","protected":false},"author":19,"featured_media":8445,"comment_status":"open","ping_status":"open","sticky":false,"template":"","format":"standard","meta":[],"categories":[1,2],"tags":[],"acf":[],"_links":{"self":[{"href":"https:\/\/revistacienciaecultura.org.br\/index.php?rest_route=\/wp\/v2\/posts\/8443"}],"collection":[{"href":"https:\/\/revistacienciaecultura.org.br\/index.php?rest_route=\/wp\/v2\/posts"}],"about":[{"href":"https:\/\/revistacienciaecultura.org.br\/index.php?rest_route=\/wp\/v2\/types\/post"}],"author":[{"embeddable":true,"href":"https:\/\/revistacienciaecultura.org.br\/index.php?rest_route=\/wp\/v2\/users\/19"}],"replies":[{"embeddable":true,"href":"https:\/\/revistacienciaecultura.org.br\/index.php?rest_route=%2Fwp%2Fv2%2Fcomments&post=8443"}],"version-history":[{"count":2,"href":"https:\/\/revistacienciaecultura.org.br\/index.php?rest_route=\/wp\/v2\/posts\/8443\/revisions"}],"predecessor-version":[{"id":8446,"href":"https:\/\/revistacienciaecultura.org.br\/index.php?rest_route=\/wp\/v2\/posts\/8443\/revisions\/8446"}],"wp:featuredmedia":[{"embeddable":true,"href":"https:\/\/revistacienciaecultura.org.br\/index.php?rest_route=\/wp\/v2\/media\/8445"}],"wp:attachment":[{"href":"https:\/\/revistacienciaecultura.org.br\/index.php?rest_route=%2Fwp%2Fv2%2Fmedia&parent=8443"}],"wp:term":[{"taxonomy":"category","embeddable":true,"href":"https:\/\/revistacienciaecultura.org.br\/index.php?rest_route=%2Fwp%2Fv2%2Fcategories&post=8443"},{"taxonomy":"post_tag","embeddable":true,"href":"https:\/\/revistacienciaecultura.org.br\/index.php?rest_route=%2Fwp%2Fv2%2Ftags&post=8443"}],"curies":[{"name":"wp","href":"https:\/\/api.w.org\/{rel}","templated":true}]}}