{"id":8449,"date":"2025-06-17T07:30:14","date_gmt":"2025-06-17T07:30:14","guid":{"rendered":"https:\/\/revistacienciaecultura.org.br\/?p=8449"},"modified":"2025-06-16T18:09:48","modified_gmt":"2025-06-16T18:09:48","slug":"inscreva-se-gratuitamente-na-77a-reuniao-anual-da-sbpc","status":"publish","type":"post","link":"https:\/\/revistacienciaecultura.org.br\/?p=8449","title":{"rendered":"Inscreva-se gratuitamente na 77\u00aa Reuni\u00e3o Anual da SBPC"},"content":{"rendered":"<h4 id=\"com-conferencias-mesas-redondas-paineis-e-muito-mais-o-evento-sera-realizado-entre-os-dias-13-a-19-e-julho-em-recife-participe\"><span style=\"color: #808080;\">Com confer\u00eancias, mesas-redondas, pain\u00e9is e muito mais, o evento ser\u00e1 realizado entre os dias 13 a 19 e julho, em Recife. Participe!<\/span><\/h4>\n<p>&nbsp;<\/p>\n<p>Faltam apenas quatro semanas para a 77\u00aa Reuni\u00e3o Anual da Sociedade Brasileira para o Progresso da Ci\u00eancia (SBPC), o maior evento cient\u00edfico da Am\u00e9rica Latina! Com inscri\u00e7\u00f5es gratuitas j\u00e1 abertas, o encontro reunir\u00e1 centenas de atividades, como confer\u00eancias, mesas-redondas, pain\u00e9is e muito mais.\u00a0Com o tema\u00a0<strong>\u201cProgresso \u00e9 ci\u00eancia em todos os territ\u00f3rios\u201d,\u00a0<\/strong>o evento come\u00e7a 13 de julho, com cerim\u00f4nia de abertura no\u00a0<strong>Teatro do Parque<\/strong>, e segue de 14 a 19 no campus da Universidade Federal Rural de Pernambuco (UFRPE), em Recife.<\/p>\n<p>Ser\u00e1 a sexta vez que Recife recebe a Reuni\u00e3o Anual da SBPC, reunindo cientistas do Brasil e do exterior, estudantes, educadores, lideran\u00e7as sociais, representantes de povos tradicionais e de diversos setores da sociedade.<\/p>\n<p>Esta edi\u00e7\u00e3o contar\u00e1 com mais de 200 atividades cient\u00edficas, incluindo confer\u00eancias, mesas-redondas, pain\u00e9is, minicursos e a tradicional Sess\u00e3o de P\u00f4steres da Jornada Nacional de Inicia\u00e7\u00e3o Cient\u00edfica. Renomados pesquisadores e especialistas de diversas \u00e1reas v\u00e3o compartilhar seus conhecimentos e vis\u00f5es sobre o papel da ci\u00eancia no desenvolvimento do Pa\u00eds.<\/p>\n<p>Al\u00e9m da programa\u00e7\u00e3o cient\u00edfica, o evento trar\u00e1 espa\u00e7os ampliados e in\u00e9ditos, refor\u00e7ando o compromisso da SBPC com a inclus\u00e3o, a diversidade e o acesso democr\u00e1tico ao conhecimento.<\/p>\n<ul>\n<li><strong>SBPC Crian\u00e7a<\/strong>: Em parceria com a Secretaria Municipal de Educa\u00e7\u00e3o e a Secretaria da Primeira Inf\u00e2ncia, oferece oficinas de inicia\u00e7\u00e3o cient\u00edfica para crian\u00e7as de at\u00e9 cinco anos;<\/li>\n<li><strong>SBPC Afro, Ind\u00edgena e Comunidades Tradicionais<\/strong>: Roda de conversas, oficinas e lan\u00e7amentos com a participa\u00e7\u00e3o de quilombolas, ind\u00edgenas, povos de terreiro e pescadores artesanais;<\/li>\n<li><strong>SBPC Mulher<\/strong>: Nova comiss\u00e3o dedicada \u00e0s interseccionalidades de g\u00eanero, ra\u00e7a, classe e gera\u00e7\u00e3o nas ci\u00eancias;<\/li>\n<li><strong>SBPC Jovem<\/strong>: Com planet\u00e1rio, feira de ci\u00eancias, oficinas interativas e o tradicional Circo da Ci\u00eancia;<\/li>\n<li><strong>SBPC Cultural<\/strong>: Apresenta\u00e7\u00f5es musicais, exposi\u00e7\u00f5es, manifesta\u00e7\u00f5es populares e uma tenda gastron\u00f4mica multicultural com pratos t\u00edpicos de v\u00e1rias regi\u00f5es e povos do Brasil.<\/li>\n<\/ul>\n<p>&nbsp;<\/p>\n<h4 id=\"presencas-de-peso-e-homenagens-especiais\"><strong>Presen\u00e7as de peso e homenagens especiais<\/strong><\/h4>\n<p>Entre os destaques da programa\u00e7\u00e3o est\u00e3o os pesquisadores internacionais\u00a0<strong>Sudip S. Parikh, CEO da American Association for the Advancement of Science (AAAS), e Brian Lin, diretor de conte\u00fado do EurekAlert!<\/strong>. Tamb\u00e9m est\u00e3o previstas participa\u00e7\u00f5es da\u00a0<strong>ministra da Ci\u00eancia, Tecnologia e Inova\u00e7\u00e3o (MCTI), Luciana Santos<\/strong>, e dos presidentes da Finep, Capes e CNPq. Outros ministros foram convidados, mas ainda n\u00e3o recebemos confirma\u00e7\u00e3o deles.<\/p>\n<p>Os debates abordam temas como intelig\u00eancia artificial, computa\u00e7\u00e3o qu\u00e2ntica, agroecologia, mudan\u00e7as clim\u00e1ticas, seguran\u00e7a h\u00eddrica, educa\u00e7\u00e3o e pol\u00edticas p\u00fablicas para o semi\u00e1rido. Haver\u00e1 ainda uma sess\u00e3o especial em\u00a0<strong>homenagem aos 40 anos do MCTI<\/strong>.<\/p>\n<p>No s\u00e1bado, dia 19, o evento se despede com o\u00a0<strong>\u201cDia da Fam\u00edlia na Ci\u00eancia\u201d<\/strong>, recheado de atra\u00e7\u00f5es l\u00fadicas e interativas para todas as idades.<\/p>\n<p>&nbsp;<\/p>\n<h4 id=\"uma-edicao-simbolica-para-a-ciencia-brasileira\"><strong>Uma edi\u00e7\u00e3o simb\u00f3lica para a ci\u00eancia brasileira<\/strong><\/h4>\n<p>Para o presidente da SBPC e ex-ministro da Educa\u00e7\u00e3o, Renato Janine Ribeiro, o retorno a Recife tem um forte significado simb\u00f3lico. \u201c\u00c9 motivo de grande felicidade para a SBPC retornar ao Recife, uma capital importante do Nordeste e do Brasil. A regi\u00e3o tem crescido muito em sua produ\u00e7\u00e3o cient\u00edfica, da Zona da Mata ao Sert\u00e3o. E voltar a uma cidade que tamb\u00e9m \u00e9 um dos grandes centros culturais do pa\u00eds \u2014 terra de Manuel Bandeira, Jo\u00e3o Cabral de Melo Neto, Chico Science, Kleber Mendon\u00e7a Filho, do historiador Evaldo Cabra de Melo e cidade do cora\u00e7\u00e3o de Clarice Lispector \u2014 torna esta edi\u00e7\u00e3o ainda mais especial\u201d, afirma.<\/p>\n<p>A reitora da UFRPE, Maria Jos\u00e9 de Sena, que preside a comiss\u00e3o organizadora local, ressalta a grande mobiliza\u00e7\u00e3o da universidade. \u201cRecebemos um n\u00famero expressivo de propostas para a programa\u00e7\u00e3o cient\u00edfica, com temas conectados \u00e0 realidade de Pernambuco e ao esp\u00edrito desta edi\u00e7\u00e3o, que tem tudo para ser uma das mais marcantes da hist\u00f3ria da SBPC\u201d, diz.<\/p>\n<p>Coordenadora-geral da Reuni\u00e3o e secret\u00e1ria-geral da SBPC, Cl\u00e1udia Linhares Sales refor\u00e7a a miss\u00e3o do evento: \u201c\u00c9 o momento de mostrarmos a for\u00e7a da nossa ci\u00eancia e da universidade p\u00fablica. Queremos reencantar estudantes e mostrar \u00e0 sociedade que fazemos pesquisa de qualidade, com impacto direto na vida das pessoas. Esta \u00e9 uma oportunidade \u00fanica para crian\u00e7as, jovens e fam\u00edlias conhecerem de perto o universo cient\u00edfico\u201d, conclui.<\/p>\n<p>A programa\u00e7\u00e3o completa est\u00e1 dispon\u00edvel no site oficial:<br \/>\n<span style=\"color: #800000;\"><strong><a style=\"color: #800000;\" href=\"https:\/\/ra.sbpcnet.org.br\/77RA\" target=\"_blank\" rel=\"noopener\">https:\/\/ra.sbpcnet.org.br\/77RA<\/a><\/strong><\/span><\/p>\n<p>&nbsp;<\/p>\n<p><span style=\"color: #808080;\"><em>Jornal da Ci\u00eancia<\/em><\/span><\/p>\n","protected":false},"excerpt":{"rendered":"Com confer\u00eancias, mesas-redondas, pain\u00e9is e muito mais, o evento ser\u00e1 realizado entre&hellip;\n","protected":false},"author":19,"featured_media":7566,"comment_status":"open","ping_status":"open","sticky":false,"template":"","format":"standard","meta":[],"categories":[1,2],"tags":[],"acf":[],"_links":{"self":[{"href":"https:\/\/revistacienciaecultura.org.br\/index.php?rest_route=\/wp\/v2\/posts\/8449"}],"collection":[{"href":"https:\/\/revistacienciaecultura.org.br\/index.php?rest_route=\/wp\/v2\/posts"}],"about":[{"href":"https:\/\/revistacienciaecultura.org.br\/index.php?rest_route=\/wp\/v2\/types\/post"}],"author":[{"embeddable":true,"href":"https:\/\/revistacienciaecultura.org.br\/index.php?rest_route=\/wp\/v2\/users\/19"}],"replies":[{"embeddable":true,"href":"https:\/\/revistacienciaecultura.org.br\/index.php?rest_route=%2Fwp%2Fv2%2Fcomments&post=8449"}],"version-history":[{"count":2,"href":"https:\/\/revistacienciaecultura.org.br\/index.php?rest_route=\/wp\/v2\/posts\/8449\/revisions"}],"predecessor-version":[{"id":8451,"href":"https:\/\/revistacienciaecultura.org.br\/index.php?rest_route=\/wp\/v2\/posts\/8449\/revisions\/8451"}],"wp:featuredmedia":[{"embeddable":true,"href":"https:\/\/revistacienciaecultura.org.br\/index.php?rest_route=\/wp\/v2\/media\/7566"}],"wp:attachment":[{"href":"https:\/\/revistacienciaecultura.org.br\/index.php?rest_route=%2Fwp%2Fv2%2Fmedia&parent=8449"}],"wp:term":[{"taxonomy":"category","embeddable":true,"href":"https:\/\/revistacienciaecultura.org.br\/index.php?rest_route=%2Fwp%2Fv2%2Fcategories&post=8449"},{"taxonomy":"post_tag","embeddable":true,"href":"https:\/\/revistacienciaecultura.org.br\/index.php?rest_route=%2Fwp%2Fv2%2Ftags&post=8449"}],"curies":[{"name":"wp","href":"https:\/\/api.w.org\/{rel}","templated":true}]}}