{"id":8487,"date":"2025-06-24T07:30:09","date_gmt":"2025-06-24T07:30:09","guid":{"rendered":"https:\/\/revistacienciaecultura.org.br\/?p=8487"},"modified":"2025-06-23T18:41:08","modified_gmt":"2025-06-23T18:41:08","slug":"ciencia-tem-que-ser-politica-de-estado-para-dar-justica-social-as-pessoas-defende-francilene-garcia-nova-presidente-eleita-da-sbpc","status":"publish","type":"post","link":"https:\/\/revistacienciaecultura.org.br\/?p=8487","title":{"rendered":"\u201cCi\u00eancia tem que ser pol\u00edtica de Estado para dar justi\u00e7a social \u00e0s pessoas\u201d, defende Francilene Garcia, nova presidente eleita da SBPC"},"content":{"rendered":"<h4 id=\"professora-e-pesquisadora-da-ufcg-afirma-que-pais-necessita-consolidar-um-plano-politico-de-cti-para-os-proximos-anos-e-mostrar-o-impacto-cientifico-na-sociedade-quarta-mulher-a-presidir-a-socie\"><span style=\"color: #808080;\"><em>Professora e pesquisadora da UFCG afirma que Pa\u00eds necessita consolidar um plano pol\u00edtico de CT&amp;I para os pr\u00f3ximos anos e mostrar o impacto cient\u00edfico na sociedade. Quarta mulher a presidir a Sociedade Brasileira para o Progresso da Ci\u00eancia tomar\u00e1 posse no dia 17 de julho, durante a 77\u00aa Reuni\u00e3o Anual da entidade, na UFRPE, em Recife<\/em><\/span><\/h4>\n<p>&nbsp;<\/p>\n<p>Considerando o novo arranjo pol\u00edtico global, com ataques \u00e0 Ci\u00eancia principalmente na Argentina e nos Estados Unidos, o papel do Brasil como protagonista nos debates ambientais e a necessidade de o Pa\u00eds ser cada vez mais aut\u00f4nomo tecnologicamente, quais os desafios da comunidade cient\u00edfica brasileira nos pr\u00f3ximos dois anos? Para Francilene Proc\u00f3pio Garcia, presidente eleita da Sociedade Brasileira para o Progresso da Ci\u00eancia (SBPC) para o bi\u00eanio 2025-2027, a resposta \u00e9 olhar para os problemas mundiais e lutar por mais espa\u00e7o da Ci\u00eancia na pol\u00edtica nacional.<\/p>\n<p>\u201cSe a Ci\u00eancia n\u00e3o for pol\u00edtica de Estado, ela n\u00e3o transforma a vida das pessoas como deveria. Eu acredito que a gente tem que ter um equil\u00edbrio de n\u00e3o s\u00f3 continuarmos sendo bons produtores de conhecimento, mas, sobretudo, de mostrar como essa produ\u00e7\u00e3o de conhecimento \u00e9 qualificada para mudar a vida da popula\u00e7\u00e3o\u201d, destaca.<\/p>\n<p>Professora e pesquisadora da Universidade Federal de Campina Grande, Francilene Garcia foi pesquisadora visitante da Tsinghua University (1996-1999), na China, secret\u00e1ria executiva de Ci\u00eancia, Tecnologia e Inova\u00e7\u00e3o (CT&amp;I) do Governo da Para\u00edba (2011-2018), presidiu o Conselho Nacional de Secret\u00e1rios Estaduais para Assuntos de Ci\u00eancia, Tecnologia e Inova\u00e7\u00e3o (Consecti), a Funda\u00e7\u00e3o Parque Tecnol\u00f3gico da Para\u00edba e a Associa\u00e7\u00e3o Nacional de Entidades Promotoras de Empreendimentos Inovadores (Anprotec). Tamb\u00e9m atuou como conselheira de importantes entidades e movimentos, como a Finep (Financiadora de Estudos e Projetos), o Comit\u00ea Gestor da Internet no Brasil (<span style=\"color: #800000;\"><strong><a style=\"color: #800000;\" href=\"http:\/\/cgi.br\/\">CGI.br<\/a><\/strong><\/span>) e o Conselho Deliberativo Nacional do Sebrae (Servi\u00e7o Brasileiro de Apoio \u00e0s Micro e Pequenas Empresas).<\/p>\n<p>Olhando para o Brasil de hoje, Garcia ressalta positivamente o fim dos bloqueios or\u00e7ament\u00e1rios do Fundo Nacional de Desenvolvimento Cient\u00edfico e Tecnol\u00f3gico, o FNDCT, que \u00e9 a principal fonte de recursos para a Ci\u00eancia p\u00fablica brasileira, mas ressalta que, agora, o desafio \u00e9 garantir uma continuidade de verba para o setor, algo que o Brasil ainda n\u00e3o possui.<\/p>\n<p>\u201cTem uma quest\u00e3o central que \u00e9 a gente assegurar a pereniza\u00e7\u00e3o do financiamento \u00e0 Ci\u00eancia no Pa\u00eds, numa expectativa de que esse descontingenciamento dos recursos do FNDCT, obtido desde 2022 no atual Governo Lula, se mantenha e que a gente possa construir em cima disso uma governan\u00e7a melhorada da aplica\u00e7\u00e3o desses recursos.\u201d<\/p>\n<p>Garcia \u00e9 uma das atuais vice-presidentes da SBPC. Entre as a\u00e7\u00f5es de sua gest\u00e3o, a pesquisadora representou a entidade como parte do corpo t\u00e9cnico da 5\u00aa Confer\u00eancia Nacional de Ci\u00eancia, Tecnologia e Inova\u00e7\u00e3o (5\u00aa CNCTI), assumindo a coordena\u00e7\u00e3o da Subcomiss\u00e3o de Sistematiza\u00e7\u00e3o e Documenta\u00e7\u00e3o do evento. Em linhas gerais, a 5\u00aa CNCTI teve como objetivo realizar uma s\u00e9rie de debates para apresentar diretrizes \u00e0s novas pol\u00edticas cient\u00edficas do Pa\u00eds.<\/p>\n<p>\u201cNuma vis\u00e3o bem pragm\u00e1tica, n\u00f3s precisamos de uma Estrat\u00e9gia Nacional de Ci\u00eancia, Tecnologia e Inova\u00e7\u00e3o e um Plano Decenal de Ci\u00eancia, Tecnologia e Inova\u00e7\u00e3o que olhem para os problemas atuais do Pa\u00eds. Tudo isso ancorado pelos debates da 5\u00aa Confer\u00eancia.\u201d<\/p>\n<p>Entre as principais frentes defendidas na 5\u00aa CNCTI, e documentadas no Livro Violeta entregue ao Minist\u00e9rio da Ci\u00eancia, Tecnologia e Inova\u00e7\u00e3o (MCTI), est\u00e3o: a continuidade e evolu\u00e7\u00e3o das infraestruturas de pesquisa no Pa\u00eds; a presen\u00e7a e valoriza\u00e7\u00e3o da Ci\u00eancia nas pol\u00edticas ambientais e um aparato de pol\u00edticas conjuntas entre \u00f3rg\u00e3os de Ci\u00eancia, Meio Ambiente e Sa\u00fade para que o Brasil consiga combater ou estar preparado para novas crises sanit\u00e1rias.<\/p>\n<p>\u201cTem um outro ponto que eu acho fundamental e que tamb\u00e9m \u00e9 emanado da 5\u00aa Confer\u00eancia, que \u00e9 um di\u00e1logo muito pr\u00f3ximo entre desenvolvimento sustent\u00e1vel amparado em evid\u00eancias cient\u00edficas, principalmente na quest\u00e3o do combate \u00e0 desinforma\u00e7\u00e3o. A gente vai ter que ser cada vez mais presente em discuss\u00f5es com as sociedades cient\u00edficas e com demais institui\u00e7\u00f5es sobre como combater a desinforma\u00e7\u00e3o e o negacionismo, que est\u00e1 t\u00e3o presente, e em pautas importantes como a quest\u00e3o clim\u00e1tica\u201d, complementa Garcia.<\/p>\n<p>A futura presidente da SBPC, que assumir\u00e1 o cargo o dia 17 de julho, durante a 77\u00aa Reuni\u00e3o Anual da entidade, em Recife, tamb\u00e9m refor\u00e7a a participa\u00e7\u00e3o dos Institutos Nacionais de Ci\u00eancia e Tecnologia e o papel do Brasil buscar a sua soberania cient\u00edfica e tecnol\u00f3gica em algumas \u00e1reas, como a quest\u00e3o do Plano Brasileiro de Intelig\u00eancia Artificial, anunciado durante a 5\u00aa CNCTI.<\/p>\n<p>&nbsp;<\/p>\n<h4 id=\"ciencia-para-alem-do-fomento-publico\"><strong>Ci\u00eancia para al\u00e9m do fomento p\u00fablico<\/strong><\/h4>\n<p>Al\u00e9m da defesa na periodicidade de recursos \u00e0 Ci\u00eancia, outra quest\u00e3o que preocupa Garcia \u00e9 a origem de recursos. Para a especialista, \u00e9 necess\u00e1rio tamb\u00e9m que o Brasil estimule a participa\u00e7\u00e3o privada no setor, a chamada Ci\u00eancia Filantr\u00f3pica.<\/p>\n<p>\u201cPerenizar mais o financiamento \u00e0 Ci\u00eancia n\u00e3o \u00e9 s\u00f3 pensar no FNDCT, mas tamb\u00e9m ampliar e diversificar as fontes de fomento, e uma dessas linhas de diversifica\u00e7\u00e3o \u00e9 a filantropia. A gente precisa trazer um aculturamento maior de doadores \u00e0 Ci\u00eancia, como acontece em outros pa\u00edses.\u201d<\/p>\n<p>Garcia cita como exemplo positivo a Universidade de Harvard, nos Estados Unidos \u201cToda essa crise que as universidades americanas est\u00e3o vivendo seria bem mais aguda, bem mais danosa se esse modelo de doa\u00e7\u00e3o l\u00e1 n\u00e3o fosse t\u00e3o presente. Harvard, por exemplo, conta com doadores privados e alumni, ex-estudantes que s\u00e3o empres\u00e1rios bem-sucedidos, CEOs de institui\u00e7\u00f5es, e que mant\u00eam uma frente de recursos para a institui\u00e7\u00e3o h\u00e1 muitos anos. Isso faz com que ela, apesar de ter depend\u00eancia de recursos p\u00fablicos, consiga sobreviver em per\u00edodos de crise.\u201d<\/p>\n<p>Para a intensifica\u00e7\u00e3o desse cen\u00e1rio no Brasil, Garcia defende duas frentes: a primeira \u00e9 intensificar a compreens\u00e3o da comunidade cient\u00edfica sobre as leis vigentes no Brasil que tornam esse mecanismo de doa\u00e7\u00e3o presente. J\u00e1 a segunda frente \u00e9 entender leis de outras \u00e1reas que podem beneficiar doa\u00e7\u00f5es \u00e0 Ci\u00eancia, como \u00e9 o caso da Lei do Bem.<\/p>\n<p>\u201cEu tenho discutido com alguns atores do Minist\u00e9rio da Ci\u00eancia e Tecnologia e Inova\u00e7\u00e3o, a possibilidade de que a Lei do Bem n\u00e3o seja utilizada pelas empresas somente naquilo que \u00e9 desenvolver P&amp;D [Pesquisa &amp; Desenvolvimento] nos nichos que elas t\u00eam interesse, mas tamb\u00e9m que elas possam fazer doa\u00e7\u00f5es para grandes infraestruturas de pesquisa no Brasil. Ent\u00e3o, pode ser um caminho esse casamento de mecanismos de incentivos que a gente j\u00e1 tem uso no Brasil e que, com algum ajuste, possibilite a amplia\u00e7\u00e3o da filantropia da Ci\u00eancia e da pesquisa no Pa\u00eds.\u201d<\/p>\n<p>&nbsp;<\/p>\n<h4 id=\"integracao-de-geracoes\"><strong>Integra\u00e7\u00e3o de gera\u00e7\u00f5es<\/strong><\/h4>\n<p>Outra frente de atua\u00e7\u00e3o de Garcia enquanto vice-presidente da SBPC foi a promo\u00e7\u00e3o da igualdade de g\u00eanero Ci\u00eancia brasileira por meio do Pr\u00eamio Carolina Bori \u201cCi\u00eancia &amp; Mulher\u201d, que reconhece meninas e mulheres cientistas. Para a especialista, \u00e9 importante seguir com a premia\u00e7\u00e3o, mas principalmente, criar artif\u00edcios que promovam a integra\u00e7\u00e3o entre gera\u00e7\u00f5es de cientistas.<\/p>\n<p>\u201cA gente tem uma comunidade cient\u00edfica s\u00eanior importante, que vai continuar sendo importante na determina\u00e7\u00e3o de agendas estrat\u00e9gicas para pol\u00edtica cient\u00edfica, principalmente nesse contexto complexo de reconfigura\u00e7\u00f5es geopol\u00edticas no mundo. Mas eu gostaria de ver mais gera\u00e7\u00f5es dialogando. Ent\u00e3o, uma das coisas que eu pretendo fazer \u2013 e o Pr\u00eamio Carolina Bori \u00e9 uma alavanca nessa dire\u00e7\u00e3o -, \u00e9 incentivar a maior presen\u00e7a de jovens cientistas nas discuss\u00f5es que a SBPC comanda e lidera. Eu acho que esse di\u00e1logo \u00e9 bastante importante para um Pa\u00eds como o nosso, considerando o tamanho da agenda e dos desafios que a gente tem.\u201d<\/p>\n<p>A integra\u00e7\u00e3o j\u00e1 come\u00e7ou durante a realiza\u00e7\u00e3o do evento \u201cVozes da Ci\u00eancia\u201d, que teve a coordena\u00e7\u00e3o de Garcia e a participa\u00e7\u00e3o de diferentes gera\u00e7\u00f5es em seus debates, um movimento que deve ser integrado. Garcia defende que esse movimento seja uma caracter\u00edstica estrutural da pr\u00f3pria SBPC:<\/p>\n<p>\u201cA SBPC tem essa caracter\u00edstica de ser uma plataforma inclusiva e diversificada. Que tem a voz das sociedades cient\u00edficas afiliadas, a voz dos pesquisadores de v\u00e1rias gera\u00e7\u00f5es, e que reconhece a import\u00e2ncia da carreira acad\u00eamica. Que valoriza a participa\u00e7\u00e3o das mulheres no ambiente cient\u00edfico; que dialoga com os pesquisadores da Argentina e dos Estados Unidos, que est\u00e3o sofrendo ondas de negacionismo. \u00c9 uma entidade capaz de se expressar junto ao Congresso Nacional para mostrar que as legisla\u00e7\u00f5es precisam melhorar, e tamb\u00e9m \u00e9 capaz de cobrar dos \u00f3rg\u00e3os o monitoramento e os dados com muita transpar\u00eancia, para que a sociedade brasileira entenda para onde esses recursos investidos em Ci\u00eancia v\u00e3o, no que eles se transformam na ponta. A SBPC, com os seus 77 anos de vida, \u00e9 uma das principais representa\u00e7\u00f5es da comunidade cient\u00edfica na busca de fazer Ci\u00eancia como pol\u00edtica de Estado e a gente sabe que Ci\u00eancia \u00e9 importante para promover justi\u00e7a social em um pa\u00eds t\u00e3o desigual como o nosso\u201d, conclui.<\/p>\n<p><span style=\"color: #808080;\"><em>Jornal da Ci\u00eancia<\/em><\/span><\/p>\n","protected":false},"excerpt":{"rendered":"Professora e pesquisadora da UFCG afirma que Pa\u00eds necessita consolidar um plano&hellip;\n","protected":false},"author":19,"featured_media":8491,"comment_status":"open","ping_status":"open","sticky":false,"template":"","format":"standard","meta":[],"categories":[1,2],"tags":[],"acf":[],"_links":{"self":[{"href":"https:\/\/revistacienciaecultura.org.br\/index.php?rest_route=\/wp\/v2\/posts\/8487"}],"collection":[{"href":"https:\/\/revistacienciaecultura.org.br\/index.php?rest_route=\/wp\/v2\/posts"}],"about":[{"href":"https:\/\/revistacienciaecultura.org.br\/index.php?rest_route=\/wp\/v2\/types\/post"}],"author":[{"embeddable":true,"href":"https:\/\/revistacienciaecultura.org.br\/index.php?rest_route=\/wp\/v2\/users\/19"}],"replies":[{"embeddable":true,"href":"https:\/\/revistacienciaecultura.org.br\/index.php?rest_route=%2Fwp%2Fv2%2Fcomments&post=8487"}],"version-history":[{"count":2,"href":"https:\/\/revistacienciaecultura.org.br\/index.php?rest_route=\/wp\/v2\/posts\/8487\/revisions"}],"predecessor-version":[{"id":8490,"href":"https:\/\/revistacienciaecultura.org.br\/index.php?rest_route=\/wp\/v2\/posts\/8487\/revisions\/8490"}],"wp:featuredmedia":[{"embeddable":true,"href":"https:\/\/revistacienciaecultura.org.br\/index.php?rest_route=\/wp\/v2\/media\/8491"}],"wp:attachment":[{"href":"https:\/\/revistacienciaecultura.org.br\/index.php?rest_route=%2Fwp%2Fv2%2Fmedia&parent=8487"}],"wp:term":[{"taxonomy":"category","embeddable":true,"href":"https:\/\/revistacienciaecultura.org.br\/index.php?rest_route=%2Fwp%2Fv2%2Fcategories&post=8487"},{"taxonomy":"post_tag","embeddable":true,"href":"https:\/\/revistacienciaecultura.org.br\/index.php?rest_route=%2Fwp%2Fv2%2Ftags&post=8487"}],"curies":[{"name":"wp","href":"https:\/\/api.w.org\/{rel}","templated":true}]}}