{"id":8496,"date":"2025-07-01T07:30:45","date_gmt":"2025-07-01T07:30:45","guid":{"rendered":"https:\/\/revistacienciaecultura.org.br\/?p=8496"},"modified":"2025-06-30T17:30:54","modified_gmt":"2025-06-30T17:30:54","slug":"matriculas-para-minicursos-da-77a-reuniao-anual-da-sbpc-abertas-ate-13-de-julho","status":"publish","type":"post","link":"https:\/\/revistacienciaecultura.org.br\/?p=8496","title":{"rendered":"Matr\u00edculas para minicursos da 77\u00aa Reuni\u00e3o Anual da SBPC abertas at\u00e9 13 de julho"},"content":{"rendered":"<h4 id=\"sao-64-cursos-ofertados-sendo-47-presenciais-e-17-online-com-temas-em-diversas-areas-do-conhecimento-e-que-dao-direito-a-certificado-de-participacao-as-vagas-sao-limitadas\"><span style=\"color: #808080;\"><em>S\u00e3o 64 cursos ofertados, sendo 47 presenciais e 17 online, com temas em diversas \u00e1reas do conhecimento e que d\u00e3o direito a certificado de participa\u00e7\u00e3o. As vagas s\u00e3o limitadas.\u00a0<\/em><\/span><\/h4>\n<p>&nbsp;<\/p>\n<p>A 77\u00aa Reuni\u00e3o Anual da Sociedade Brasileira para o Progresso da Ci\u00eancia (SBPC) est\u00e1 com inscri\u00e7\u00f5es abertas para seus\u00a0<strong>minicursos<\/strong>, que neste ano somam\u00a0<strong>64 op\u00e7\u00f5es<\/strong>\u00a0\u2014 sendo\u00a0<strong>47 presenciais<\/strong>\u00a0e\u00a0<strong>17 online<\/strong>, com temas que abrangem diversas \u00e1reas do conhecimento. Todos os participantes receber\u00e3o certificado e as vagas s\u00e3o limitadas. Garanta a sua!<\/p>\n<p>As matr\u00edculas podem ser feitas at\u00e9\u00a0<strong>13 de julho<\/strong>, por meio do site oficial do evento:\u00a0<span style=\"color: #800000;\"><strong><a style=\"color: #800000;\" href=\"https:\/\/ra.sbpcnet.org.br\/77RA\" target=\"_blank\" rel=\"noopener\">ra.sbpcnet.org.br\/77RA<\/a><\/strong><\/span>. L\u00e1, tamb\u00e9m est\u00e3o dispon\u00edveis as normas, a ficha de inscri\u00e7\u00e3o e informa\u00e7\u00f5es completas sobre o evento.<\/p>\n<p>Com o tema\u00a0<strong>\u201cProgresso \u00e9 Ci\u00eancia em Todos os Territ\u00f3rios\u201d<\/strong>, a 77\u00aa Reuni\u00e3o Anual ser\u00e1 realizada de\u00a0<strong>13 a 19 de julho<\/strong>, no campus da\u00a0<strong>Universidade Federal Rural de Pernambuco (UFRPE)<\/strong>, em Recife.<\/p>\n<p>Quem optar pela modalidade presencial poder\u00e1 se inscrever em\u00a0<strong>apenas um minicurso<\/strong>, pois todos ocorrer\u00e3o simultaneamente, das\u00a0<strong>8h \u00e0s 9h30<\/strong>, nos dias\u00a0<strong>15, 16, 17 e 18 de julho<\/strong>, no campus da UFRPE. Cada curso ter\u00e1\u00a0<strong>6 horas de carga hor\u00e1ria<\/strong>\u00a0e \u00e9 necess\u00e1rio cumprir, no m\u00ednimo,\u00a0<strong>75% de presen\u00e7a<\/strong>\u00a0para obter o certificado.<\/p>\n<p>Os\u00a0<strong>webminicursos<\/strong>\u00a0ter\u00e3o<strong>\u00a06 horas de aulas gravadas<\/strong>, que poder\u00e3o ser assistidas at\u00e9<strong>\u00a030 de julho<\/strong>. Nessa categoria \u00e9 necess\u00e1rio ter 100% de audi\u00eancia das aulas online para ter direito ao certificado.<\/p>\n<p>A taxa de matr\u00edcula \u00e9 de\u00a0<strong>R$ 15,00 para s\u00f3cios quites da SBPC<\/strong>\u00a0e\u00a0<strong>R$ 30,00 para n\u00e3o s\u00f3cios<\/strong>. Para quem se inscrever em mais de um webminicurso, ser\u00e1 concedido\u00a0<strong>desconto no valor total<\/strong>.<\/p>\n<p>As matr\u00edculas para ambas as modalidades poder\u00e3o ser realizadas at\u00e9\u00a0<strong>13 de julho<\/strong>, pelo site da 77\u00aa Reuni\u00e3o Anual da SBPC (<a href=\"https:\/\/ra.sbpcnet.org.br\/77RA\" target=\"_blank\" rel=\"noopener\">https:\/\/ra.sbpcnet.org.br\/77RA<\/a>), onde tamb\u00e9m constam a lista completa de cursos, as normas, a ficha de inscri\u00e7\u00e3o para o evento e demais informa\u00e7\u00f5es.<\/p>\n<p>A 77\u00aa edi\u00e7\u00e3o \u00e9 uma realiza\u00e7\u00e3o da UFRPE e da SBPC, que tem como s\u00f3cios institucionais a Funda\u00e7\u00e3o Carlos Chagas Filho de Amparo \u00e0 Pesquisa do Estado do Rio de Janeiro (Faperj), a Financiadora de Estudos e Projetos (Finep), a Funda\u00e7\u00e3o Oswaldo Cruz (Fiocruz) e o Instituto de Ci\u00eancia, Tecnologia e Inova\u00e7\u00e3o de Maric\u00e1 (ICTIM).<\/p>\n<p>Todas as informa\u00e7\u00f5es sobre o evento e os minicursos podem ser acessadas no site oficial: \u00a0<span style=\"color: #800000;\"><strong><a style=\"color: #800000;\" href=\"https:\/\/ra.sbpcnet.org.br\/77RA\/\" target=\"_blank\" rel=\"noopener\">https:\/\/ra.sbpcnet.org.br\/77RA\/<\/a><\/strong><\/span>.<\/p>\n<p><span style=\"color: #808080;\"><em>Jornal da Ci\u00eancia<\/em><\/span><\/p>\n","protected":false},"excerpt":{"rendered":"S\u00e3o 64 cursos ofertados, sendo 47 presenciais e 17 online, com temas&hellip;\n","protected":false},"author":19,"featured_media":1513,"comment_status":"open","ping_status":"open","sticky":false,"template":"","format":"standard","meta":[],"categories":[1,2],"tags":[],"acf":[],"_links":{"self":[{"href":"https:\/\/revistacienciaecultura.org.br\/index.php?rest_route=\/wp\/v2\/posts\/8496"}],"collection":[{"href":"https:\/\/revistacienciaecultura.org.br\/index.php?rest_route=\/wp\/v2\/posts"}],"about":[{"href":"https:\/\/revistacienciaecultura.org.br\/index.php?rest_route=\/wp\/v2\/types\/post"}],"author":[{"embeddable":true,"href":"https:\/\/revistacienciaecultura.org.br\/index.php?rest_route=\/wp\/v2\/users\/19"}],"replies":[{"embeddable":true,"href":"https:\/\/revistacienciaecultura.org.br\/index.php?rest_route=%2Fwp%2Fv2%2Fcomments&post=8496"}],"version-history":[{"count":2,"href":"https:\/\/revistacienciaecultura.org.br\/index.php?rest_route=\/wp\/v2\/posts\/8496\/revisions"}],"predecessor-version":[{"id":8498,"href":"https:\/\/revistacienciaecultura.org.br\/index.php?rest_route=\/wp\/v2\/posts\/8496\/revisions\/8498"}],"wp:featuredmedia":[{"embeddable":true,"href":"https:\/\/revistacienciaecultura.org.br\/index.php?rest_route=\/wp\/v2\/media\/1513"}],"wp:attachment":[{"href":"https:\/\/revistacienciaecultura.org.br\/index.php?rest_route=%2Fwp%2Fv2%2Fmedia&parent=8496"}],"wp:term":[{"taxonomy":"category","embeddable":true,"href":"https:\/\/revistacienciaecultura.org.br\/index.php?rest_route=%2Fwp%2Fv2%2Fcategories&post=8496"},{"taxonomy":"post_tag","embeddable":true,"href":"https:\/\/revistacienciaecultura.org.br\/index.php?rest_route=%2Fwp%2Fv2%2Ftags&post=8496"}],"curies":[{"name":"wp","href":"https:\/\/api.w.org\/{rel}","templated":true}]}}