{"id":8505,"date":"2025-07-03T10:59:37","date_gmt":"2025-07-03T10:59:37","guid":{"rendered":"https:\/\/revistacienciaecultura.org.br\/?p=8505"},"modified":"2025-07-03T11:00:32","modified_gmt":"2025-07-03T11:00:32","slug":"bibliotecas-cientificas-e-arquivos-digitais-preservam-a-historia-da-ciencia","status":"publish","type":"post","link":"https:\/\/revistacienciaecultura.org.br\/?p=8505","title":{"rendered":"Bibliotecas cient\u00edficas e arquivos digitais preservam a hist\u00f3ria da ci\u00eancia"},"content":{"rendered":"<h4 id=\"das-raridades-da-hemeroteca-digital-as-redes-de-informacao-em-saude-publica-o-brasil-constroi-um-ecossistema-de-bibliotecas-digitais-que-democratiza-o-conhecimento-resgata-memorias-e-fortalece-polit\"><span style=\"color: #808080;\">Das raridades da Hemeroteca Digital \u00e0s redes de informa\u00e7\u00e3o em sa\u00fade p\u00fablica, o Brasil constr\u00f3i um ecossistema de bibliotecas digitais que democratiza o conhecimento, resgata mem\u00f3rias e fortalece pol\u00edticas de ci\u00eancia e cidadania.<\/span><\/h4>\n<p>&nbsp;<\/p>\n<p>No universo silencioso das bibliotecas, pulsa um cora\u00e7\u00e3o digital que mant\u00e9m viva a mem\u00f3ria da ci\u00eancia. Cada documento digitalizado, cada manuscrito raro escaneado e tornado acess\u00edvel ao p\u00fablico, \u00e9 uma pe\u00e7a de um vasto quebra-cabe\u00e7a que reconstr\u00f3i o passado e ilumina o presente da produ\u00e7\u00e3o cient\u00edfica. Muito al\u00e9m de acervos est\u00e1ticos, as bibliotecas digitais brasileiras se firmam como verdadeiros sistemas vivos de mem\u00f3ria, inova\u00e7\u00e3o e cidadania.<\/p>\n<p>Entre as mais impressionantes est\u00e1 a <span style=\"color: #800000;\"><strong><a style=\"color: #800000;\" href=\"https:\/\/bndigital.bn.gov.br\/\" target=\"_blank\" rel=\"noopener\">Biblioteca Nacional Digital (BNDigital)<\/a><\/strong><\/span>, que oferece acesso livre a mais de 3 milh\u00f5es de documentos digitalizados da <span style=\"color: #800000;\"><strong><a style=\"color: #800000;\" href=\"https:\/\/www.gov.br\/bn\/pt-br\" target=\"_blank\" rel=\"noopener\">Funda\u00e7\u00e3o Biblioteca Nacional (FBN)<\/a><\/strong><\/span>. Jornais, revistas, livros raros e exposi\u00e7\u00f5es virtuais comp\u00f5em esse reposit\u00f3rio gigantesco. Desde seu lan\u00e7amento, a plataforma j\u00e1 contabilizou mais de 550 milh\u00f5es de acessos \u2014 um recorde que revela n\u00e3o s\u00f3 a dimens\u00e3o do acervo, mas a fome de conhecimento do p\u00fablico. Em 2020, em plena pandemia, o n\u00famero de consultas ultrapassou 100 milh\u00f5es.<\/p>\n<p><img loading=\"lazy\" class=\"aligncenter wp-image-8507\" src=\"https:\/\/revistacienciaecultura.org.br\/wp-content\/uploads\/2025\/07\/BN-300x199.jpeg\" alt=\"\" width=\"500\" height=\"332\" srcset=\"https:\/\/revistacienciaecultura.org.br\/wp-content\/uploads\/2025\/07\/BN-300x199.jpeg 300w, https:\/\/revistacienciaecultura.org.br\/wp-content\/uploads\/2025\/07\/BN-18x12.jpeg 18w, https:\/\/revistacienciaecultura.org.br\/wp-content\/uploads\/2025\/07\/BN.jpeg 600w\" sizes=\"(max-width: 500px) 100vw, 500px\" \/><\/p>\n<h6 id=\"figura-1-biblioteca-nacionalfoto-fbn-divulgacao\" style=\"text-align: center;\"><strong>Figura 1. Biblioteca Nacional<\/strong><br \/>\n(Foto. FBN. Divulga\u00e7\u00e3o)<\/h6>\n<p>&nbsp;<\/p>\n<p>Por tr\u00e1s desse volume monumental est\u00e1 o trabalho cuidadoso de uma equipe multidisciplinar formada por bibliotec\u00e1rios, arquivistas, historiadores e digitalizadores, que garantem a captura, o tratamento t\u00e9cnico e a curadoria de cada obra. \u00c9 uma opera\u00e7\u00e3o que alia tecnologia e sensibilidade cultural, em uma corrida contra o tempo para preservar, organizar e tornar vis\u00edvel aquilo que, por s\u00e9culos, esteve relegado \u00e0s estantes fechadas ou aos fundos de arquivo.<\/p>\n<p>Mas digitalizar n\u00e3o \u00e9 apenas converter o f\u00edsico em bits e bytes. Como alertam especialistas da pr\u00f3pria FBN, h\u00e1 o risco de que o digital vire apenas um fetiche t\u00e9cnico \u2014 um reposit\u00f3rio vazio de sentido, guiado mais por algoritmos e interfaces do que por um projeto cultural estruturado. A digitaliza\u00e7\u00e3o n\u00e3o substitui a leitura cr\u00edtica, nem a media\u00e7\u00e3o da informa\u00e7\u00e3o. A democratiza\u00e7\u00e3o do acesso exige mais do que conectividade: exige curadoria, pol\u00edticas p\u00fablicas e um olhar atento \u00e0 diversidade lingu\u00edstica e cultural.<\/p>\n<p>&nbsp;<\/p>\n<h4 id=\"a-digitalizacao-nao-substitui-a-leitura-critica-nem-a-mediacao-da-informacao-a-democratizacao-do-acesso-exige-mais-do-que-conectividade\" style=\"text-align: center;\"><span style=\"color: #800000;\"><em>\u201cA digitaliza\u00e7\u00e3o n\u00e3o substitui a leitura cr\u00edtica, nem a media\u00e7\u00e3o da informa\u00e7\u00e3o. A democratiza\u00e7\u00e3o do acesso exige mais do que conectividade.\u201d<\/em><\/span><\/h4>\n<p>&nbsp;<\/p>\n<p>\u00c9 nesse contexto que emergem iniciativas como o <span style=\"color: #800000;\"><strong><a style=\"color: #800000;\" href=\"https:\/\/www.scielo.br\/\" target=\"_blank\" rel=\"noopener\">SciELO (Scientific Electronic Library Online)<\/a><\/strong><\/span>, um dos pilares da comunica\u00e7\u00e3o cient\u00edfica aberta na Am\u00e9rica Latina. Criado em 1997 por Abel Packer e Rog\u00e9rio Meneghini, o projeto nasceu com o objetivo de dar visibilidade \u00e0 chamada \u201cci\u00eancia perdida\u201d \u2014 aquela produzida nos pa\u00edses em desenvolvimento, muitas vezes \u00e0 margem das grandes editoras internacionais. Hoje, com mais de 700 mil artigos e presen\u00e7a em 16 pa\u00edses, o SciELO \u00e9 um modelo mundial de acesso aberto e avalia\u00e7\u00e3o cient\u00edfica transparente.<\/p>\n<p>O compromisso com o acesso equitativo ao conhecimento tamb\u00e9m se manifesta na <strong><a href=\"https:\/\/pesquisa.bvsalud.org\/brasil\/\" target=\"_blank\" rel=\"noopener\"><span style=\"color: #800000;\">Biblioteca Virtual em Sa\u00fade (BVS)<\/span><\/a><\/strong>, mantida pela BIREME\/OPAS\/OMS. A BVS articula uma extensa rede de fontes de informa\u00e7\u00e3o em sa\u00fade \u2014 da base de dados LILACS a bibliotecas tem\u00e1ticas como a BVS Hist\u00f3ria e Patrim\u00f4nio Cultural da Sa\u00fade, dedicada \u00e0 mem\u00f3ria da medicina e da sa\u00fade p\u00fablica na Am\u00e9rica Latina. Em tempos de desinforma\u00e7\u00e3o, a BVS se mostra essencial para a tomada de decis\u00f5es embasadas e para o fortalecimento dos sistemas de sa\u00fade.<\/p>\n<p>&nbsp;<\/p>\n<h4 id=\"experiencias-unicas\"><strong>Experi\u00eancias \u00fanicas<\/strong><\/h4>\n<p>Al\u00e9m dos grandes portais, as bibliotecas virtuais especializadas oferecem experi\u00eancias \u00fanicas. A <span style=\"color: #800000;\"><strong><a style=\"color: #800000;\" href=\"https:\/\/oswaldocruz.fiocruz.br\/index.php\" target=\"_blank\" rel=\"noopener\">Biblioteca Virtual Oswaldo Cruz<\/a><\/strong><\/span>, por exemplo, apresenta a trajet\u00f3ria do renomado sanitarista brasileiro por meio de mais de 240 imagens, 159 correspond\u00eancias e outros materiais hist\u00f3ricos. J\u00e1 a <span style=\"color: #800000;\"><strong><a style=\"color: #800000;\" href=\"https:\/\/www.bvschagas.coc.fiocruz.br\/\" target=\"_blank\" rel=\"noopener\">Biblioteca Virtual em Sa\u00fade Carlos Chagas<\/a><\/strong><\/span> organiza o vasto legado do cientista que desvendou o ciclo completo de uma nova doen\u00e7a tropical, reunindo documentos, imagens e v\u00eddeos hist\u00f3ricos.<\/p>\n<p><img loading=\"lazy\" class=\"aligncenter wp-image-8506\" src=\"https:\/\/revistacienciaecultura.org.br\/wp-content\/uploads\/2025\/07\/biblioteca-fiocruz-300x198.jpeg\" alt=\"\" width=\"500\" height=\"330\" srcset=\"https:\/\/revistacienciaecultura.org.br\/wp-content\/uploads\/2025\/07\/biblioteca-fiocruz-300x198.jpeg 300w, https:\/\/revistacienciaecultura.org.br\/wp-content\/uploads\/2025\/07\/biblioteca-fiocruz-18x12.jpeg 18w, https:\/\/revistacienciaecultura.org.br\/wp-content\/uploads\/2025\/07\/biblioteca-fiocruz.jpeg 530w\" sizes=\"(max-width: 500px) 100vw, 500px\" \/><\/p>\n<h6 id=\"figura-2-biblioteca-de-manguinhosfoto-fundcao-oswaldo-cruz-divulgacao\" style=\"text-align: center;\"><strong>Figura 2. Biblioteca de Manguinhos<\/strong><br \/>\n(Foto: Fund\u00e7\u00e3o Oswaldo Cruz. Divulga\u00e7\u00e3o)<\/h6>\n<p>&nbsp;<\/p>\n<p>E n\u00e3o para por a\u00ed. Iniciativas como a <span style=\"color: #800000;\"><strong><a style=\"color: #800000;\" href=\"https:\/\/www.bbm.usp.br\/\" target=\"_blank\" rel=\"noopener\">Biblioteca Brasiliana Guita e Jos\u00e9 Mindlin<\/a><\/strong><\/span>, a <span style=\"color: #800000;\"><strong><a style=\"color: #800000;\" href=\"https:\/\/www5.usp.br\/tag\/biblioteca-digital\/\" target=\"_blank\" rel=\"noopener\">Biblioteca Digital da USP<\/a><\/strong><\/span>, o <span style=\"color: #800000;\"><strong><a style=\"color: #800000;\" href=\"http:\/\/www.dominiopublico.gov.br\/\" target=\"_blank\" rel=\"noopener\">Dom\u00ednio P\u00fablico<\/a><\/strong><\/span>, a <span style=\"color: #800000;\"><strong><a style=\"color: #800000;\" href=\"https:\/\/bdtd.ibict.br\/vufind\/\" target=\"_blank\" rel=\"noopener\">Biblioteca Digital de Teses e Disserta\u00e7\u00f5es (BDTD)<\/a><\/strong> <\/span>e a <span style=\"color: #800000;\"><strong><a style=\"color: #800000;\" href=\"https:\/\/www.biblioteca.paulofreire.org\/cgi-bin\/wxis\/iah\/scripts\/?IsisScript=iah.xis&amp;lang=pt&amp;base=MARC\" target=\"_blank\" rel=\"noopener\">Biblioteca Virtual Paulo Freire<\/a><\/strong><\/span> ampliam ainda mais o escopo e a profundidade do acesso ao saber produzido no Brasil.<\/p>\n<p>Ao mesmo tempo em que preservam o passado, essas bibliotecas ajudam a reconfigurar o futuro. Elas funcionam como ferramentas de justi\u00e7a cognitiva, permitindo que vozes historicamente silenciadas \u2014 de cientistas, intelectuais, educadores e comunidades inteiras \u2014 sejam ouvidas, estudadas e reconhecidas.<\/p>\n<p>&nbsp;<\/p>\n<h4 id=\"ao-mesmo-tempo-em-que-preservam-o-passado-essas-bibliotecas-ajudam-a-reconfigurar-o-futuro\" style=\"text-align: center;\"><span style=\"color: #800000;\"><em>\u201cAo mesmo tempo em que preservam o passado, essas bibliotecas ajudam a reconfigurar o futuro.\u201d<\/em><\/span><\/h4>\n<p>&nbsp;<\/p>\n<p>Mais do que armazenar conhecimento, as bibliotecas digitais brasileiras desempenham um papel ativo na constru\u00e7\u00e3o de uma ci\u00eancia mais democr\u00e1tica, inclusiva e enraizada na diversidade cultural do pa\u00eds. S\u00e3o guardi\u00e3s do saber, mas tamb\u00e9m pontes para o futuro.<\/p>\n<p>&nbsp;<\/p>\n<h6 id=\"capa-freepik-reproducao\">Capa. Freepik. Reprodu\u00e7\u00e3o<\/h6>\n","protected":false},"excerpt":{"rendered":"Das raridades da Hemeroteca Digital \u00e0s redes de informa\u00e7\u00e3o em sa\u00fade p\u00fablica,&hellip;\n","protected":false},"author":19,"featured_media":8508,"comment_status":"open","ping_status":"open","sticky":false,"template":"","format":"standard","meta":[],"categories":[1,2],"tags":[],"acf":[],"_links":{"self":[{"href":"https:\/\/revistacienciaecultura.org.br\/index.php?rest_route=\/wp\/v2\/posts\/8505"}],"collection":[{"href":"https:\/\/revistacienciaecultura.org.br\/index.php?rest_route=\/wp\/v2\/posts"}],"about":[{"href":"https:\/\/revistacienciaecultura.org.br\/index.php?rest_route=\/wp\/v2\/types\/post"}],"author":[{"embeddable":true,"href":"https:\/\/revistacienciaecultura.org.br\/index.php?rest_route=\/wp\/v2\/users\/19"}],"replies":[{"embeddable":true,"href":"https:\/\/revistacienciaecultura.org.br\/index.php?rest_route=%2Fwp%2Fv2%2Fcomments&post=8505"}],"version-history":[{"count":2,"href":"https:\/\/revistacienciaecultura.org.br\/index.php?rest_route=\/wp\/v2\/posts\/8505\/revisions"}],"predecessor-version":[{"id":8510,"href":"https:\/\/revistacienciaecultura.org.br\/index.php?rest_route=\/wp\/v2\/posts\/8505\/revisions\/8510"}],"wp:featuredmedia":[{"embeddable":true,"href":"https:\/\/revistacienciaecultura.org.br\/index.php?rest_route=\/wp\/v2\/media\/8508"}],"wp:attachment":[{"href":"https:\/\/revistacienciaecultura.org.br\/index.php?rest_route=%2Fwp%2Fv2%2Fmedia&parent=8505"}],"wp:term":[{"taxonomy":"category","embeddable":true,"href":"https:\/\/revistacienciaecultura.org.br\/index.php?rest_route=%2Fwp%2Fv2%2Fcategories&post=8505"},{"taxonomy":"post_tag","embeddable":true,"href":"https:\/\/revistacienciaecultura.org.br\/index.php?rest_route=%2Fwp%2Fv2%2Ftags&post=8505"}],"curies":[{"name":"wp","href":"https:\/\/api.w.org\/{rel}","templated":true}]}}