{"id":8529,"date":"2025-07-08T08:00:20","date_gmt":"2025-07-08T08:00:20","guid":{"rendered":"https:\/\/revistacienciaecultura.org.br\/?p=8529"},"modified":"2025-07-07T19:27:46","modified_gmt":"2025-07-07T19:27:46","slug":"computacao-quantica","status":"publish","type":"post","link":"https:\/\/revistacienciaecultura.org.br\/?p=8529","title":{"rendered":"Computa\u00e7\u00e3o qu\u00e2ntica"},"content":{"rendered":"<h4 id=\"o-brasil-na-corrida-pela-tecnologia-que-pode-revolucionar-o-futuro\"><span style=\"color: #808080;\">O Brasil na corrida pela tecnologia que pode revolucionar o futuro<\/span><\/h4>\n<p>&nbsp;<\/p>\n<p>Voc\u00ea j\u00e1 ouviu falar em <em>qubits<\/em>? Em computadores que n\u00e3o se limitam ao 0 ou 1, mas operam em m\u00faltiplas possibilidades ao mesmo tempo? Parece fic\u00e7\u00e3o cient\u00edfica, mas \u00e9 ci\u00eancia de ponta \u2014 e est\u00e1 acontecendo agora. No <em>Ano Internacional da Ci\u00eancia e das Tecnologias Qu\u00e2nticas<\/em>, celebramos os 100 anos da f\u00edsica qu\u00e2ntica e, com isso, ampliamos o olhar para uma das fronteiras mais promissoras da atualidade: a computa\u00e7\u00e3o qu\u00e2ntica.<\/p>\n<p>A l\u00f3gica dos computadores que usamos hoje \u00e9 bin\u00e1ria: tudo \u00e9 0 ou 1. J\u00e1 na computa\u00e7\u00e3o qu\u00e2ntica, entra em cena o <em>qubit<\/em> \u2014 capaz de estar em 0 e 1 ao mesmo tempo, gra\u00e7as ao princ\u00edpio da superposi\u00e7\u00e3o. Isso multiplica exponencialmente a capacidade de processamento. Mas, como tudo em f\u00edsica qu\u00e2ntica, h\u00e1 um por\u00e9m: a decoer\u00eancia, que faz com que o sistema qu\u00e2ntico perca suas propriedades ao interagir com o ambiente. \u201cO computador qu\u00e2ntico se baseia nos princ\u00edpios da mec\u00e2nica qu\u00e2ntica. Ent\u00e3o, de fato, ele tem potencial de fazer coisas melhores\u201d, pontua Celso Villas-Boas, professor do Departamento de F\u00edsica da Universidade Federal de S\u00e3o Carlos (UFSCAR).<\/p>\n<p>Enquanto empresas como IBM e Google disputam os primeiros computadores qu\u00e2nticos funcionais, o Brasil tamb\u00e9m marca presen\u00e7a. Pesquisadores da USP, Unicamp e UFRJ conduzem estudos de ponta, formam talentos e participam de redes internacionais. \u201cO grosso de pesquisa no Brasil \u00e9 a universidade. Ent\u00e3o, o pa\u00eds tem uma comunidade muito forte em tecnologias qu\u00e2nticas. N\u00f3s temos uma rede espalhada pelo Brasil todo\u201d, afirma Barbara Lopes Amaral, professora do Departamento de F\u00edsica da Universidade de S\u00e3o Paulo (USP).<\/p>\n<p>Ainda assim, \u00e9 preciso cautela: trata-se de uma tecnologia em est\u00e1gio inicial de desenvolvimento, e um computador qu\u00e2ntico plenamente funcional ainda levar\u00e1 tempo para se concretizar. \u201c\u00c9 uma tecnologia que ainda est\u00e1 em desenvolvimento, que ainda \u00e9 muito cara, \u00e9 muito fr\u00e1gil\u201d, explica Rafael Chaves, professor da Escola de Ci\u00eancias e Tecnologia (ECT) e professor permanente da p\u00f3s-gradua\u00e7\u00e3o do Departamento de F\u00edsica da Universidade Federal do Rio Grande do Norte (UFRN). Mas as possibilidades s\u00e3o muitas. A computa\u00e7\u00e3o qu\u00e2ntica promete transformar \u00e1reas como medicina, com simula\u00e7\u00f5es moleculares para o desenvolvimento de novos f\u00e1rmacos; seguran\u00e7a digital, com sistemas de criptografia quase imposs\u00edveis de serem quebrados; log\u00edstica e otimiza\u00e7\u00e3o, oferecendo solu\u00e7\u00f5es para problemas que computadores cl\u00e1ssicos levariam anos para resolver.<\/p>\n<p>Apesar dos avan\u00e7os acad\u00eamicos, o Brasil ainda carece de pol\u00edticas p\u00fablicas robustas e infraestrutura tecnol\u00f3gica para competir em escala. A boa not\u00edcia \u00e9 que temos talento, conhecimento e vontade. A m\u00e1 \u00e9 que, sem planejamento e investimento, podemos ficar dependentes de tecnologias desenvolvidas fora \u2014 o que comprometeria nossa autonomia cient\u00edfica e tecnol\u00f3gica. \u201cSe o Brasil perder o bonde, esperar os pa\u00edses envolvidos constru\u00edrem, vai ser um grupo de pa\u00edses que v\u00e3o dominar a tecnologia e n\u00e3o v\u00e3o deixar os outros constru\u00edrem\u201d, alerta Renato Portugal, pesquisador titular do LNCC\/MCTI e cientista do Nosso Estado pela Faperj.<\/p>\n<p><strong>Assista ao v\u00eddeo:<\/strong><\/p>\n<p><iframe loading=\"lazy\" title=\"Computa\u00e7\u00e3o qu\u00e2ntica\" width=\"1200\" height=\"900\" src=\"https:\/\/www.youtube.com\/embed\/Q7N9MfG1BHI?feature=oembed\" frameborder=\"0\" allow=\"accelerometer; autoplay; clipboard-write; encrypted-media; gyroscope; picture-in-picture; web-share\" referrerpolicy=\"strict-origin-when-cross-origin\" allowfullscreen><\/iframe><\/p>\n","protected":false},"excerpt":{"rendered":"O Brasil na corrida pela tecnologia que pode revolucionar o futuro &nbsp;&hellip;\n","protected":false},"author":19,"featured_media":8530,"comment_status":"open","ping_status":"open","sticky":false,"template":"","format":"standard","meta":[],"categories":[5],"tags":[],"acf":[],"_links":{"self":[{"href":"https:\/\/revistacienciaecultura.org.br\/index.php?rest_route=\/wp\/v2\/posts\/8529"}],"collection":[{"href":"https:\/\/revistacienciaecultura.org.br\/index.php?rest_route=\/wp\/v2\/posts"}],"about":[{"href":"https:\/\/revistacienciaecultura.org.br\/index.php?rest_route=\/wp\/v2\/types\/post"}],"author":[{"embeddable":true,"href":"https:\/\/revistacienciaecultura.org.br\/index.php?rest_route=\/wp\/v2\/users\/19"}],"replies":[{"embeddable":true,"href":"https:\/\/revistacienciaecultura.org.br\/index.php?rest_route=%2Fwp%2Fv2%2Fcomments&post=8529"}],"version-history":[{"count":2,"href":"https:\/\/revistacienciaecultura.org.br\/index.php?rest_route=\/wp\/v2\/posts\/8529\/revisions"}],"predecessor-version":[{"id":8532,"href":"https:\/\/revistacienciaecultura.org.br\/index.php?rest_route=\/wp\/v2\/posts\/8529\/revisions\/8532"}],"wp:featuredmedia":[{"embeddable":true,"href":"https:\/\/revistacienciaecultura.org.br\/index.php?rest_route=\/wp\/v2\/media\/8530"}],"wp:attachment":[{"href":"https:\/\/revistacienciaecultura.org.br\/index.php?rest_route=%2Fwp%2Fv2%2Fmedia&parent=8529"}],"wp:term":[{"taxonomy":"category","embeddable":true,"href":"https:\/\/revistacienciaecultura.org.br\/index.php?rest_route=%2Fwp%2Fv2%2Fcategories&post=8529"},{"taxonomy":"post_tag","embeddable":true,"href":"https:\/\/revistacienciaecultura.org.br\/index.php?rest_route=%2Fwp%2Fv2%2Ftags&post=8529"}],"curies":[{"name":"wp","href":"https:\/\/api.w.org\/{rel}","templated":true}]}}