{"id":8561,"date":"2025-07-08T10:45:48","date_gmt":"2025-07-08T10:45:48","guid":{"rendered":"https:\/\/revistacienciaecultura.org.br\/?p=8561"},"modified":"2025-07-08T10:45:48","modified_gmt":"2025-07-08T10:45:48","slug":"77a-reuniao-anual-da-sbpc-debates-sobre-igualdade-de-genero-comecam-na-programacao-cientifica-e-seguem-no-espaco-sbpc-mulher","status":"publish","type":"post","link":"https:\/\/revistacienciaecultura.org.br\/?p=8561","title":{"rendered":"77\u00aa Reuni\u00e3o Anual da SBPC: debates sobre igualdade de g\u00eanero come\u00e7am na programa\u00e7\u00e3o cient\u00edfica e seguem no espa\u00e7o SBPC Mulher"},"content":{"rendered":"<h4 id=\"com-inscricoes-abertas-evento-gratuito-acontecera-de-14-a-19-de-julho-na-universidade-federal-rural-de-pernambuco-ufrpe\"><span style=\"color: #808080;\">Com inscri\u00e7\u00f5es abertas, evento gratuito acontecer\u00e1 de 14 a 19 de julho na Universidade Federal Rural de Pernambuco (UFRPE)<\/span><\/h4>\n<p>&nbsp;<\/p>\n<p>Um dos desafios na constru\u00e7\u00e3o da programa\u00e7\u00e3o da 77\u00aa Reuni\u00e3o Anual da SBPC, que acontecer\u00e1 de 14 a 19 de julho na Universidade Federal Rural de Pernambuco (UFRPE), foi trazer problem\u00e1ticas do fazer cient\u00edfico no Brasil que v\u00e3o al\u00e9m das pesquisas por si s\u00f3. Nesse sentido, n\u00e3o tinha como olhar para a Ci\u00eancia, Tecnologia e Inova\u00e7\u00e3o (CT&amp;I) e n\u00e3o refletir sobre uma de suas principais defasagens sociais, a equidade de g\u00eanero.<\/p>\n<p>\u201cNesse ano foi inclu\u00eddo um novo espa\u00e7o na Reuni\u00e3o Anual, chamado SBPC Mulher, mas tanto nele quanto na programa\u00e7\u00e3o cient\u00edfica teremos atividades voltadas \u00e0 inser\u00e7\u00e3o de g\u00eanero na Ci\u00eancia e em outras \u00e1reas da sociedade\u201d, explica Cl\u00e1udia Linhares Sales, secret\u00e1ria-geral da SBPC e coordenadora geral da Reuni\u00e3o Anual, complementando: \u201cA gente vai ter uma mesa sobre Ci\u00eancia e parentalidade, que \u00e9 basicamente uma reflex\u00e3o sobre a maternidade, porque s\u00e3o as mulheres as que mais se afetam com isso. Tamb\u00e9m vamos debater, em outras mesas, pol\u00edticas p\u00fablicas para mulheres e o papel das mulheres na Ci\u00eancia.\u201d<\/p>\n<p>A programa\u00e7\u00e3o tem\u00e1tica sobre g\u00eanero come\u00e7ar\u00e1 na segunda-feira (14\/07), \u00e0s 13h, com a mesa-redonda\u00a0<strong>\u201cMulheres, sa\u00fade e ci\u00eancias: propostas para reduzir as desigualdades de g\u00eanero e \u00e9tnico-raciais\u201d<\/strong>, uma realiza\u00e7\u00e3o da SBPC e da Fiocruz. A atividade contar\u00e1 com as participa\u00e7\u00f5es de Cristiani Vieira Machado (Fiocruz), Sandra Maria Nunes Monteiro (SECT\/CE), Rosy Mary dos Santos Isaias (UFMG) e Cristina Caldas (Instituto Serrapilheira), e a media\u00e7\u00e3o ser\u00e1 de Soraya Smaili, professora da Unifesp e vice-presidente eleita da SBPC pelo bi\u00eanio 2025-2027.<\/p>\n<p>Outro destaque \u00e9 o debate\u00a0<strong>\u201cWomen in Science and Innovation: Fostering entrepeneurship In Universities\u201d<\/strong>, que contar\u00e1 com as presen\u00e7as de Mait\u00ea Gothe (USP), Anne Vortkamp (Universidade de M\u00fcnster) e Laura Bechthold (THI Ingolstadt) e ser\u00e1 no dia 15\/07 (ter\u00e7a-feira), a partir das 13h. A media\u00e7\u00e3o ser\u00e1 da vice-presidente da SBPC e presidente eleita para o bi\u00eanio 2025-2027, Francilene Garcia.<\/p>\n<p>Demais debates tamb\u00e9m comp\u00f5em o calend\u00e1rio tem\u00e1tico sobre g\u00eanero: as mesas-redondas\u00a0<strong>\u201cMaternidade e defici\u00eancia\u201d<\/strong>\u00a0(14\/07, \u00e0s 16h);\u00a0<strong>\u201cParentalidade e Ci\u00eancia\u201d<\/strong>\u00a0(15\/07, \u00e0s 10h);\u00a0<strong>\u201cNaturaliza\u00e7\u00e3o do papel da mulher nas rela\u00e7\u00f5es de cuidado\u201d<\/strong>\u00a0(16\/07, \u00e0s 13h),\u00a0<strong>\u201cEduca\u00e7\u00e3o e divulga\u00e7\u00e3o das ci\u00eancias exatas para as rela\u00e7\u00f5es \u00e9tnico-raciais e de g\u00eanero\u201d<\/strong>\u00a0(17\/07, \u00e0s 10h);\u00a0<strong>\u201cPromovendo a participa\u00e7\u00e3o de mulheres na tecnologia e na ci\u00eancia desde a educa\u00e7\u00e3o\u201d<\/strong>\u00a0(17\/07, \u00e0s 16h) e\u00a0<strong>\u201cPol\u00edticas p\u00fablicas, mulheres e carreiras cient\u00edficas\u201d<\/strong>\u00a0(18\/07, \u00e0s 13h).<\/p>\n<p>Como antecipou Sales, para al\u00e9m da programa\u00e7\u00e3o cient\u00edfica, a 77\u00aa Reuni\u00e3o Anual da SBPC receber\u00e1 um espa\u00e7o pr\u00f3prio para aprofundar os debates sobre g\u00eanero e equidade, o\u00a0<strong>SBPC Mulher<\/strong>. Professora da UFRPE e coordenadora dessa programa\u00e7\u00e3o, Ros\u00e1rio Andrade explica os objetivos dessa iniciativa:<\/p>\n<p>\u201cA SBPC Mulher busca, por meio de um di\u00e1logo interdisciplinar e transversal, promover a\u00e7\u00f5es voltadas \u00e0 visibilidade das mulheres na ci\u00eancia e nos espa\u00e7os de poder; discutir os desafios que colocam a mulher gestora nesses espa\u00e7os e a paridade de g\u00eanero; e refletir criticamente sobre as contradi\u00e7\u00f5es que obstaculizam a consolida\u00e7\u00e3o do lugar de poder e decis\u00e3o das mulheres no mundo do trabalho e nas ci\u00eancias. A inten\u00e7\u00e3o \u00e9 promover um di\u00e1logo sobre as quest\u00f5es de g\u00eanero, ra\u00e7a, etnia, classe social, gera\u00e7\u00e3o e suas rela\u00e7\u00f5es com as pol\u00edticas p\u00fablicas envolvendo universidades, institui\u00e7\u00f5es p\u00fablicas e privadas, movimentos sociais, ONGs (organiza\u00e7\u00f5es n\u00e3o-governamentais), sindicatos, entre outros.\u201d<\/p>\n<p>Na pr\u00e1tica, o SBPC Mulher \u00e9 uma tenda que contar\u00e1 com oito estandes, al\u00e9m de duas salas de aula da UFRPE. Esses espa\u00e7os receber\u00e3o exposi\u00e7\u00f5es, lan\u00e7amentos de livros, rodas de conversa, conta\u00e7\u00e3o de hist\u00f3rias, apresenta\u00e7\u00f5es de teatro, m\u00fasica e poesia, jogos interativos, relatos de experi\u00eancia e demais a\u00e7\u00f5es interativas.<\/p>\n<p>\u201cBuscamos, a partir dos debates, construir os caminhos e diretrizes que se podem tra\u00e7ar para enfrentar as contradi\u00e7\u00f5es ainda existentes e que desafiam a consolida\u00e7\u00e3o do lugar de poder e decis\u00e3o das mulheres no mundo do trabalho e em outros espa\u00e7os aos quais se inserem\u201d, conclui Andrade.<\/p>\n<p>A programa\u00e7\u00e3o completa da 77\u00aa Reuni\u00e3o Anual da SBPC, incluindo as atividades do SBPC Mulher, est\u00e3o dispon\u00edveis no site do evento:\u00a0<a href=\"https:\/\/ra.sbpcnet.org.br\/77RA\/\" target=\"_blank\" rel=\"noopener\">https:\/\/ra.sbpcnet.org.br\/77RA\/<\/a>.<\/p>\n<p><em>Rafael Revadam \u2013 Jornal da Ci\u00eancia<\/em><\/p>\n<p><em>Com inscri\u00e7\u00f5es abertas, evento gratuito acontecer\u00e1 de 14 a 19 de julho na Universidade Federal Rural de Pernambuco (UFRPE)<\/em><\/p>\n<p>Um dos desafios na constru\u00e7\u00e3o da programa\u00e7\u00e3o da 77\u00aa Reuni\u00e3o Anual da SBPC, que acontecer\u00e1 de 14 a 19 de julho na Universidade Federal Rural de Pernambuco (UFRPE), foi trazer problem\u00e1ticas do fazer cient\u00edfico no Brasil que v\u00e3o al\u00e9m das pesquisas por si s\u00f3. Nesse sentido, n\u00e3o tinha como olhar para a Ci\u00eancia, Tecnologia e Inova\u00e7\u00e3o (CT&amp;I) e n\u00e3o refletir sobre uma de suas principais defasagens sociais, a equidade de g\u00eanero.<\/p>\n<p>\u201cNesse ano foi inclu\u00eddo um novo espa\u00e7o na Reuni\u00e3o Anual, chamado SBPC Mulher, mas tanto nele quanto na programa\u00e7\u00e3o cient\u00edfica teremos atividades voltadas \u00e0 inser\u00e7\u00e3o de g\u00eanero na Ci\u00eancia e em outras \u00e1reas da sociedade\u201d, explica Cl\u00e1udia Linhares Sales, secret\u00e1ria-geral da SBPC e coordenadora geral da Reuni\u00e3o Anual, complementando: \u201cA gente vai ter uma mesa sobre Ci\u00eancia e parentalidade, que \u00e9 basicamente uma reflex\u00e3o sobre a maternidade, porque s\u00e3o as mulheres as que mais se afetam com isso. Tamb\u00e9m vamos debater, em outras mesas, pol\u00edticas p\u00fablicas para mulheres e o papel das mulheres na Ci\u00eancia.\u201d<\/p>\n<p>A programa\u00e7\u00e3o tem\u00e1tica sobre g\u00eanero come\u00e7ar\u00e1 na segunda-feira (14\/07), \u00e0s 13h, com a mesa-redonda\u00a0<strong>\u201cMulheres, sa\u00fade e ci\u00eancias: propostas para reduzir as desigualdades de g\u00eanero e \u00e9tnico-raciais\u201d<\/strong>, uma realiza\u00e7\u00e3o da SBPC e da Fiocruz. A atividade contar\u00e1 com as participa\u00e7\u00f5es de Cristiani Vieira Machado (Fiocruz), Sandra Maria Nunes Monteiro (SECT\/CE), Rosy Mary dos Santos Isaias (UFMG) e Cristina Caldas (Instituto Serrapilheira), e a media\u00e7\u00e3o ser\u00e1 de Soraya Smaili, professora da Unifesp e vice-presidente eleita da SBPC pelo bi\u00eanio 2025-2027.<\/p>\n<p>Outro destaque \u00e9 o debate\u00a0<strong>\u201cWomen in Science and Innovation: Fostering entrepeneurship In Universities\u201d<\/strong>, que contar\u00e1 com as presen\u00e7as de Mait\u00ea Gothe (USP), Anne Vortkamp (Universidade de M\u00fcnster) e Laura Bechthold (THI Ingolstadt) e ser\u00e1 no dia 15\/07 (ter\u00e7a-feira), a partir das 13h. A media\u00e7\u00e3o ser\u00e1 da vice-presidente da SBPC e presidente eleita para o bi\u00eanio 2025-2027, Francilene Garcia.<\/p>\n<p>Demais debates tamb\u00e9m comp\u00f5em o calend\u00e1rio tem\u00e1tico sobre g\u00eanero: as mesas-redondas\u00a0<strong>\u201cMaternidade e defici\u00eancia\u201d<\/strong>\u00a0(14\/07, \u00e0s 16h);\u00a0<strong>\u201cParentalidade e Ci\u00eancia\u201d<\/strong>\u00a0(15\/07, \u00e0s 10h);\u00a0<strong>\u201cNaturaliza\u00e7\u00e3o do papel da mulher nas rela\u00e7\u00f5es de cuidado\u201d<\/strong>\u00a0(16\/07, \u00e0s 13h),\u00a0<strong>\u201cEduca\u00e7\u00e3o e divulga\u00e7\u00e3o das ci\u00eancias exatas para as rela\u00e7\u00f5es \u00e9tnico-raciais e de g\u00eanero\u201d<\/strong>\u00a0(17\/07, \u00e0s 10h);\u00a0<strong>\u201cPromovendo a participa\u00e7\u00e3o de mulheres na tecnologia e na ci\u00eancia desde a educa\u00e7\u00e3o\u201d<\/strong>\u00a0(17\/07, \u00e0s 16h) e\u00a0<strong>\u201cPol\u00edticas p\u00fablicas, mulheres e carreiras cient\u00edficas\u201d<\/strong>\u00a0(18\/07, \u00e0s 13h).<\/p>\n<p>Como antecipou Sales, para al\u00e9m da programa\u00e7\u00e3o cient\u00edfica, a 77\u00aa Reuni\u00e3o Anual da SBPC receber\u00e1 um espa\u00e7o pr\u00f3prio para aprofundar os debates sobre g\u00eanero e equidade, o\u00a0<strong>SBPC Mulher<\/strong>. Professora da UFRPE e coordenadora dessa programa\u00e7\u00e3o, Ros\u00e1rio Andrade explica os objetivos dessa iniciativa:<\/p>\n<p>\u201cA SBPC Mulher busca, por meio de um di\u00e1logo interdisciplinar e transversal, promover a\u00e7\u00f5es voltadas \u00e0 visibilidade das mulheres na ci\u00eancia e nos espa\u00e7os de poder; discutir os desafios que colocam a mulher gestora nesses espa\u00e7os e a paridade de g\u00eanero; e refletir criticamente sobre as contradi\u00e7\u00f5es que obstaculizam a consolida\u00e7\u00e3o do lugar de poder e decis\u00e3o das mulheres no mundo do trabalho e nas ci\u00eancias. A inten\u00e7\u00e3o \u00e9 promover um di\u00e1logo sobre as quest\u00f5es de g\u00eanero, ra\u00e7a, etnia, classe social, gera\u00e7\u00e3o e suas rela\u00e7\u00f5es com as pol\u00edticas p\u00fablicas envolvendo universidades, institui\u00e7\u00f5es p\u00fablicas e privadas, movimentos sociais, ONGs (organiza\u00e7\u00f5es n\u00e3o-governamentais), sindicatos, entre outros.\u201d<\/p>\n<p>Na pr\u00e1tica, o SBPC Mulher \u00e9 uma tenda que contar\u00e1 com oito estandes, al\u00e9m de duas salas de aula da UFRPE. Esses espa\u00e7os receber\u00e3o exposi\u00e7\u00f5es, lan\u00e7amentos de livros, rodas de conversa, conta\u00e7\u00e3o de hist\u00f3rias, apresenta\u00e7\u00f5es de teatro, m\u00fasica e poesia, jogos interativos, relatos de experi\u00eancia e demais a\u00e7\u00f5es interativas.<\/p>\n<p>\u201cBuscamos, a partir dos debates, construir os caminhos e diretrizes que se podem tra\u00e7ar para enfrentar as contradi\u00e7\u00f5es ainda existentes e que desafiam a consolida\u00e7\u00e3o do lugar de poder e decis\u00e3o das mulheres no mundo do trabalho e em outros espa\u00e7os aos quais se inserem\u201d, conclui Andrade.<\/p>\n<p>A programa\u00e7\u00e3o completa da 77\u00aa Reuni\u00e3o Anual da SBPC, incluindo as atividades do SBPC Mulher, est\u00e3o dispon\u00edveis no site do evento:\u00a0<span style=\"color: #800000;\"><strong><a style=\"color: #800000;\" href=\"https:\/\/ra.sbpcnet.org.br\/77RA\/\" target=\"_blank\" rel=\"noopener\">https:\/\/ra.sbpcnet.org.br\/77RA\/<\/a><\/strong><\/span>.<\/p>\n<p><span style=\"color: #808080;\"><em>Jornal da Ci\u00eancia<\/em><\/span><\/p>\n","protected":false},"excerpt":{"rendered":"Com inscri\u00e7\u00f5es abertas, evento gratuito acontecer\u00e1 de 14 a 19 de julho&hellip;\n","protected":false},"author":19,"featured_media":7566,"comment_status":"open","ping_status":"open","sticky":false,"template":"","format":"standard","meta":[],"categories":[1,2],"tags":[],"acf":[],"_links":{"self":[{"href":"https:\/\/revistacienciaecultura.org.br\/index.php?rest_route=\/wp\/v2\/posts\/8561"}],"collection":[{"href":"https:\/\/revistacienciaecultura.org.br\/index.php?rest_route=\/wp\/v2\/posts"}],"about":[{"href":"https:\/\/revistacienciaecultura.org.br\/index.php?rest_route=\/wp\/v2\/types\/post"}],"author":[{"embeddable":true,"href":"https:\/\/revistacienciaecultura.org.br\/index.php?rest_route=\/wp\/v2\/users\/19"}],"replies":[{"embeddable":true,"href":"https:\/\/revistacienciaecultura.org.br\/index.php?rest_route=%2Fwp%2Fv2%2Fcomments&post=8561"}],"version-history":[{"count":1,"href":"https:\/\/revistacienciaecultura.org.br\/index.php?rest_route=\/wp\/v2\/posts\/8561\/revisions"}],"predecessor-version":[{"id":8562,"href":"https:\/\/revistacienciaecultura.org.br\/index.php?rest_route=\/wp\/v2\/posts\/8561\/revisions\/8562"}],"wp:featuredmedia":[{"embeddable":true,"href":"https:\/\/revistacienciaecultura.org.br\/index.php?rest_route=\/wp\/v2\/media\/7566"}],"wp:attachment":[{"href":"https:\/\/revistacienciaecultura.org.br\/index.php?rest_route=%2Fwp%2Fv2%2Fmedia&parent=8561"}],"wp:term":[{"taxonomy":"category","embeddable":true,"href":"https:\/\/revistacienciaecultura.org.br\/index.php?rest_route=%2Fwp%2Fv2%2Fcategories&post=8561"},{"taxonomy":"post_tag","embeddable":true,"href":"https:\/\/revistacienciaecultura.org.br\/index.php?rest_route=%2Fwp%2Fv2%2Ftags&post=8561"}],"curies":[{"name":"wp","href":"https:\/\/api.w.org\/{rel}","templated":true}]}}