{"id":8580,"date":"2025-07-09T07:30:49","date_gmt":"2025-07-09T07:30:49","guid":{"rendered":"https:\/\/revistacienciaecultura.org.br\/?p=8580"},"modified":"2025-07-09T10:09:02","modified_gmt":"2025-07-09T10:09:02","slug":"duilia-de-mello-explorando-o-universo-e-rompendo-barreiras","status":"publish","type":"post","link":"https:\/\/revistacienciaecultura.org.br\/?p=8580","title":{"rendered":"Duilia de Mello: Explorando o universo e rompendo barreiras"},"content":{"rendered":"<h4 id=\"a-astronoma-brasileira-que-conquistou-a-nasa-e-inspira-mulheres-na-ciencia\"><span style=\"color: #808080;\">A astr\u00f4noma brasileira que conquistou a NASA e inspira mulheres na ci\u00eancia<\/span><\/h4>\n<p><strong>\u00a0<\/strong><\/p>\n<p>Poucas pessoas podem afirmar que mudaram nossa compreens\u00e3o do cosmos, mas Duilia de Mello, uma das maiores astr\u00f4nomas brasileiras da atualidade, \u00e9 definitivamente uma delas. Nascida em 1963, Duilia de Mello est\u00e1 entre os nomes mais respeitados da ci\u00eancia nacional e internacional. Sua trajet\u00f3ria \u00e9 marcada pelo pioneirismo, pela luta pela igualdade de g\u00eanero na ci\u00eancia e por contribui\u00e7\u00f5es memor\u00e1veis \u00e0 astronomia, como a descoberta da maior gal\u00e1xia espiral j\u00e1 registrada, a NGC6872.<\/p>\n<p>&nbsp;<\/p>\n<h4 id=\"duilia-de-mello-esta-entre-os-nomes-mais-respeitados-da-ciencia-nacional-e-internacional\" style=\"text-align: center;\"><span style=\"color: #800000;\"><em>\u201cDuilia de Mello est\u00e1 entre os nomes mais respeitados da ci\u00eancia nacional e internacional.\u201d <\/em><\/span><\/h4>\n<p>&nbsp;<\/p>\n<p>Duilia de Mello cresceu no Brasil e iniciou seus estudos na Universidade Federal do Rio de Janeiro (UFRJ). Fascinada pelas estrelas e movida por uma curiosidade insaci\u00e1vel, ela prosseguiu sua forma\u00e7\u00e3o acad\u00eamica, culminando em um doutorado pela Universidade de S\u00e3o Paulo (USP) em 1995. Durante esses anos, Duilia de Mello j\u00e1 enfrentava os desafios de ser mulher em um campo predominantemente masculino, mas sua determina\u00e7\u00e3o n\u00e3o se abalou. Pelo contr\u00e1rio, a cientista transformou cada obst\u00e1culo em combust\u00edvel para sua carreira.<\/p>\n<p><strong>\u00a0<\/strong><\/p>\n<h4 id=\"a-jornada-nos-estados-unidos-e-o-sucesso-na-nasa\"><strong>A jornada nos Estados Unidos e o sucesso na NASA<\/strong><\/h4>\n<p>Logo ap\u00f3s concluir o doutorado, Duilia de Mello tomou uma decis\u00e3o ousada: mudou-se para os Estados Unidos, onde passou a atuar como pesquisadora associada no <strong><em><a href=\"https:\/\/www.nasa.gov\/goddard\/\" target=\"_blank\" rel=\"noopener\"><span style=\"color: #800000;\">Goddard Space Flight Center da NASA<\/span><\/a><\/em><\/strong>. Nesse per\u00edodo, a cientista participou de projetos inovadores e desenvolveu estudos que a colocaram no radar da comunidade internacional. Sua descoberta da gal\u00e1xia NGC6872, considerada a maior gal\u00e1xia espiral conhecida, foi um marco cient\u00edfico que consolidou sua reputa\u00e7\u00e3o como uma das mentes mais brilhantes da astronomia moderna. (Figura 1)<\/p>\n<p>&nbsp;<\/p>\n<p>&nbsp;<\/p>\n<figure style=\"width: 500px\" class=\"wp-caption aligncenter\"><img loading=\"lazy\" class=\"wp-image-8581\" src=\"https:\/\/revistacienciaecultura.org.br\/wp-content\/uploads\/2025\/07\/NGC_6872.jpeg\" alt=\"\" width=\"500\" height=\"500\" srcset=\"https:\/\/revistacienciaecultura.org.br\/wp-content\/uploads\/2025\/07\/NGC_6872.jpeg 250w, https:\/\/revistacienciaecultura.org.br\/wp-content\/uploads\/2025\/07\/NGC_6872-150x150.jpeg 150w, https:\/\/revistacienciaecultura.org.br\/wp-content\/uploads\/2025\/07\/NGC_6872-12x12.jpeg 12w, https:\/\/revistacienciaecultura.org.br\/wp-content\/uploads\/2025\/07\/NGC_6872-80x80.jpeg 80w\" sizes=\"(max-width: 500px) 100vw, 500px\" \/><figcaption class=\"wp-caption-text\"><span style=\"color: #000000;\"><strong style=\"font-family: -apple-system, BlinkMacSystemFont, 'Segoe UI', Roboto, 'Helvetica Neue', Arial, 'Noto Sans', sans-serif, 'Apple Color Emoji', 'Segoe UI Emoji', 'Segoe UI Symbol', 'Noto Color Emoji'; font-size: 16px;\">Imagem da gal\u00e1xias NGC 6872 <br \/><\/strong><\/span><span style=\"color: #000000; font-size: 1rem; font-family: -apple-system, BlinkMacSystemFont, 'Segoe UI', Roboto, 'Helvetica Neue', Arial, 'Noto Sans', sans-serif, 'Apple Color Emoji', 'Segoe UI Emoji', 'Segoe UI Symbol', 'Noto Color Emoji';\">(Foto: ESO\/NASA. Reprodu\u00e7\u00e3o)<\/span><strong style=\"color: #333333; font-family: -apple-system, BlinkMacSystemFont, 'Segoe UI', Roboto, 'Helvetica Neue', Arial, 'Noto Sans', sans-serif, 'Apple Color Emoji', 'Segoe UI Emoji', 'Segoe UI Symbol', 'Noto Color Emoji'; font-size: 16px;\">\u00a0<\/strong><\/figcaption><\/figure>\n<p>&nbsp;<\/p>\n<p>Atualmente, Duilia de Mello \u00e9 professora titular professora titular do Departamento de F\u00edsica da <span style=\"color: #800000;\"><strong><a style=\"color: #800000;\" href=\"https:\/\/www.catholic.edu\/\" target=\"_blank\" rel=\"noopener\">Catholic University of America<\/a><\/strong><\/span>, em Washington (EUA), vice-reitora de Estrat\u00e9gias Globais e diretora da <span style=\"color: #800000;\"><strong><a style=\"color: #800000;\" href=\"https:\/\/libraries.catholic.edu\/special-collections\/oliveira-lima-library\/index.html\" target=\"_blank\" rel=\"noopener\">Biblioteca Oliveira Lima<\/a><\/strong><\/span>. Sua presen\u00e7a no ensino superior \u00e9 um reflexo de seu compromisso em formar uma nova gera\u00e7\u00e3o de cientistas e disseminar a import\u00e2ncia da ci\u00eancia como ferramenta para entender o mundo e o universo. (Figura 2)<\/p>\n<h6 id=\"figura-2-duilia-de-mellocredito-divulgacao\" style=\"text-align: center;\"><img loading=\"lazy\" class=\"aligncenter wp-image-8584\" src=\"https:\/\/revistacienciaecultura.org.br\/wp-content\/uploads\/2025\/07\/duilia-300x300.jpeg\" alt=\"\" width=\"500\" height=\"500\" srcset=\"https:\/\/revistacienciaecultura.org.br\/wp-content\/uploads\/2025\/07\/duilia-300x300.jpeg 300w, https:\/\/revistacienciaecultura.org.br\/wp-content\/uploads\/2025\/07\/duilia-1024x1024.jpeg 1024w, https:\/\/revistacienciaecultura.org.br\/wp-content\/uploads\/2025\/07\/duilia-150x150.jpeg 150w, https:\/\/revistacienciaecultura.org.br\/wp-content\/uploads\/2025\/07\/duilia-768x768.jpeg 768w, https:\/\/revistacienciaecultura.org.br\/wp-content\/uploads\/2025\/07\/duilia-12x12.jpeg 12w, https:\/\/revistacienciaecultura.org.br\/wp-content\/uploads\/2025\/07\/duilia-80x80.jpeg 80w, https:\/\/revistacienciaecultura.org.br\/wp-content\/uploads\/2025\/07\/duilia-800x800.jpeg 800w, https:\/\/revistacienciaecultura.org.br\/wp-content\/uploads\/2025\/07\/duilia-1160x1160.jpeg 1160w, https:\/\/revistacienciaecultura.org.br\/wp-content\/uploads\/2025\/07\/duilia.jpeg 1200w\" sizes=\"(max-width: 500px) 100vw, 500px\" \/><br \/>\n<strong>Figura 2. Duilia de Mello<br \/>\n<\/strong>(Cr\u00e9dito. Divulga\u00e7\u00e3o)<\/h6>\n<p>&nbsp;<\/p>\n<p>&nbsp;<\/p>\n<h4 id=\"um-futuro-de-inspiracao-e-impacto\"><strong>Um futuro de inspira\u00e7\u00e3o e impacto<\/strong><\/h4>\n<p>Al\u00e9m de suas contribui\u00e7\u00f5es acad\u00eamicas e cient\u00edficas, Duilia de Mello tamb\u00e9m \u00e9 uma defensora incans\u00e1vel do feminismo e da inclus\u00e3o na ci\u00eancia. Em suas palestras e entrevistas, ela refor\u00e7a a necessidade de maior representatividade feminina nas \u00e1reas STEM (Ci\u00eancia, Tecnologia, Engenharia e Matem\u00e1tica) e incentiva jovens mulheres a perseguirem seus sonhos, mesmo em ambientes desafiadores.<\/p>\n<p>&nbsp;<\/p>\n<h4 id=\"duilia-de-mello-tambem-e-uma-defensora-incansavel-do-feminismo-e-da-inclusao-na-ciencia\" style=\"text-align: center;\"><span style=\"color: #800000;\"><em>\u201cDuilia de Mello tamb\u00e9m \u00e9 uma defensora incans\u00e1vel do feminismo e da inclus\u00e3o na ci\u00eancia.\u201d<\/em><\/span><\/h4>\n<p>&nbsp;<\/p>\n<p>Duilia de Mello n\u00e3o apenas ajudou a decifrar os segredos do universo, mas tamb\u00e9m abriu caminho para outras mulheres em um campo onde elas ainda s\u00e3o minoria. Sua hist\u00f3ria \u00e9 um lembrete de que barreiras podem ser superadas com coragem, talento e persist\u00eancia. Seja atrav\u00e9s de suas descobertas cient\u00edficas ou de seu exemplo pessoal, continua a inspirar e a mostrar que o c\u00e9u nunca \u00e9 o limite.<\/p>\n","protected":false},"excerpt":{"rendered":"A astr\u00f4noma brasileira que conquistou a NASA e inspira mulheres na ci\u00eancia&hellip;\n","protected":false},"author":19,"featured_media":8583,"comment_status":"open","ping_status":"open","sticky":false,"template":"","format":"standard","meta":[],"categories":[1,2],"tags":[],"acf":[],"_links":{"self":[{"href":"https:\/\/revistacienciaecultura.org.br\/index.php?rest_route=\/wp\/v2\/posts\/8580"}],"collection":[{"href":"https:\/\/revistacienciaecultura.org.br\/index.php?rest_route=\/wp\/v2\/posts"}],"about":[{"href":"https:\/\/revistacienciaecultura.org.br\/index.php?rest_route=\/wp\/v2\/types\/post"}],"author":[{"embeddable":true,"href":"https:\/\/revistacienciaecultura.org.br\/index.php?rest_route=\/wp\/v2\/users\/19"}],"replies":[{"embeddable":true,"href":"https:\/\/revistacienciaecultura.org.br\/index.php?rest_route=%2Fwp%2Fv2%2Fcomments&post=8580"}],"version-history":[{"count":4,"href":"https:\/\/revistacienciaecultura.org.br\/index.php?rest_route=\/wp\/v2\/posts\/8580\/revisions"}],"predecessor-version":[{"id":8595,"href":"https:\/\/revistacienciaecultura.org.br\/index.php?rest_route=\/wp\/v2\/posts\/8580\/revisions\/8595"}],"wp:featuredmedia":[{"embeddable":true,"href":"https:\/\/revistacienciaecultura.org.br\/index.php?rest_route=\/wp\/v2\/media\/8583"}],"wp:attachment":[{"href":"https:\/\/revistacienciaecultura.org.br\/index.php?rest_route=%2Fwp%2Fv2%2Fmedia&parent=8580"}],"wp:term":[{"taxonomy":"category","embeddable":true,"href":"https:\/\/revistacienciaecultura.org.br\/index.php?rest_route=%2Fwp%2Fv2%2Fcategories&post=8580"},{"taxonomy":"post_tag","embeddable":true,"href":"https:\/\/revistacienciaecultura.org.br\/index.php?rest_route=%2Fwp%2Fv2%2Ftags&post=8580"}],"curies":[{"name":"wp","href":"https:\/\/api.w.org\/{rel}","templated":true}]}}