{"id":8625,"date":"2025-07-22T07:30:26","date_gmt":"2025-07-22T07:30:26","guid":{"rendered":"https:\/\/revistacienciaecultura.org.br\/?p=8625"},"modified":"2025-07-21T18:23:15","modified_gmt":"2025-07-21T18:23:15","slug":"toma-posse-nova-diretoria-da-sbpc","status":"publish","type":"post","link":"https:\/\/revistacienciaecultura.org.br\/?p=8625","title":{"rendered":"Toma posse nova Diretoria da SBPC"},"content":{"rendered":"<h4 id=\"com-maioria-feminina-os-nove-diretores-da-entidade-assumiram-a-gestao-para-o-bienio-2025-2027-com-o-desafio-de-lidar-em-cenario-politico-nacional-e-internacional-repleto-de-retrocessos\"><span style=\"color: #808080;\">Com maioria feminina, os nove diretores da entidade assumiram a gest\u00e3o para o bi\u00eanio 2025-2027 com o desafio de lidar em cen\u00e1rio pol\u00edtico nacional e internacional repleto de retrocessos.\u00a0<\/span><\/h4>\n<p>&nbsp;<\/p>\n<p>A nova Diretoria da Sociedade Brasileira para o Progresso da Ci\u00eancia (SBPC) tomou posse em cerim\u00f4nia realizada na \u00faltima quinta-feira (17\/07), na Universidade Federal Rural de Pernambuco \u2013 sede da 77\u00aa Reuni\u00e3o Anual da entidade. A professora e pesquisadora da Universidade Federal de Campina Grande, Francilene Garcia \u00e9 a nova presidente da SBPC. Ao seu lado assumiram a Vice-Presid\u00eancia: Soraya Soubhi Smaili, professora titular da Universidade Federal de S\u00e3o Paulo (Unifesp) e Aldo Jos\u00e9 Gorgatti Zarbin, professor titular da Universidade Federal do Paran\u00e1 (UFPR). A Secretaria Geral fica sob a condu\u00e7\u00e3o de Andrea Mara Macedo (UFMG). As tr\u00eas vagas da Secretaria ficam com Marilene Corr\u00eaa da Silva Freitas (UFAM), Ana Tereza Ribeiro de Vasconcelos (LNCC\/RJ) e Samuel Goldenberg (UFPR). A 1\u00aa Tesouraria foi ocupada por Giselle Zenker Justo (Unifesp), e a 2\u00aa Tesouraria por Laila Salmen Esp\u00edndola (UnB).<\/p>\n<p>Envolvida com a diretoria da entidade desde 2021, Garcia come\u00e7ou como Secret\u00e1ria no bi\u00eanio 2021-2023 e seguiu como vice-presidente\u00a0no bi\u00eanio seguinte (2023-2025),\u00a0ambos na gest\u00e3o de Renato Janine Ribeiro. Ao longo de sua trajet\u00f3ria, a professora e pesquisadora\u00a0participou de diferentes iniciativas voltadas \u00e0 reflex\u00e3o da pol\u00edtica cient\u00edfica brasileira e valoriza\u00e7\u00e3o de cientistas. Entre elas, integrou o corpo t\u00e9cnico da 5\u00aa Confer\u00eancia Nacional de Ci\u00eancia, Tecnologia e Inova\u00e7\u00e3o (5\u00aa CNCTI), assumindo a Subcomiss\u00e3o de Sistematiza\u00e7\u00e3o e Documenta\u00e7\u00e3o do evento; tamb\u00e9m coordenou duas edi\u00e7\u00f5es do Pr\u00eamio Carolina Bori \u201cCi\u00eancia &amp; Mulher\u201d, a\u00e7\u00e3o da pr\u00f3pria SBPC para a promo\u00e7\u00e3o de cientistas mulheres renomadas e jovens cientistas; e foi a organizadora do \u201cVozes de Ci\u00eancia\u201d, uma s\u00e9rie de semin\u00e1rios voltada \u00e0 constru\u00e7\u00e3o pol\u00edtica do Pa\u00eds, e que seguir\u00e1 com novas atividades.<\/p>\n<p>\u201cInicialmente, eu queria dizer que foi um tempo maravilhoso esses quatro anos liderados pelo Renato Janine Ribeiro, sendo dois em que pude conviver na vice-presid\u00eancia. O Renato tem uma caracter\u00edstica fant\u00e1stica que \u00e9 a sua generosidade. E sempre ele est\u00e1 com um sorriso largo nos fazendo filosofar. Isso eu acho que \u00e9 fundamental nos dias atuais. S\u00e3o muitas mudan\u00e7as, muitas incertezas, a gente olha para o dia de amanh\u00e3 j\u00e1 sabendo que tem alguma novidade a\u00ed no processo. Ent\u00e3o, Renato, obrigada pela aprendizagem, pela conviv\u00eancia e por tudo que voc\u00ea fez pela SBPC neste per\u00edodo\u201d, disse Garcia, em seu primeiro discurso.<\/p>\n<p>A nova presidente da SBPC tamb\u00e9m agradeceu aos demais cientistas que a acompanharam na gest\u00e3o passada e que dar\u00e3o espa\u00e7o a novas vozes: o f\u00edsico e professor da Universidade de S\u00e3o Paulo (USP), Paulo Artaxo, ex-vice-presidente; a professora da Universidade de Bras\u00edlia (UnB), Fernanda Sobral, ex-diretora da entidade; a professora da Universidade Federal do Cear\u00e1 (UFC), Claudia Linhares Sales, ex-secret\u00e1ria geral; e a professora da Universidade Federal de S\u00e3o Paulo (Unifesp), Marim\u00e9lia Porcionatto, ex-tesoureira. \u201cFoi muito bom e confort\u00e1vel conviver com essas pessoas\u201d, ponderou.<\/p>\n<p>Para Garcia, a SBPC atuar\u00e1 no bi\u00eanio 2025-2027 em cinco importantes eixos: 1. Seguir lutando para transformar a ci\u00eancia em pol\u00edtica de Estado; 2. Maior inser\u00e7\u00e3o da juventude na ci\u00eancia; 3. Fortalecimento da gest\u00e3o e da governan\u00e7a; 4. Fortalecer a aproxima\u00e7\u00e3o entre ci\u00eancia e sociedade e 5. Inser\u00e7\u00e3o internacional e solidariedade cient\u00edfica.<\/p>\n<p>A presidente da SBPC lamentou as recentes declara\u00e7\u00f5es e decis\u00f5es do presidente dos Estados Unidos, Donald Trump, que exigem posicionamentos firmes em prol da soberania brasileira, mas tamb\u00e9m criticou a\u00e7\u00f5es em tramita\u00e7\u00e3o no nosso poder Legislativo e que atuam contra o pr\u00f3prio Brasil.<\/p>\n<p>\u201cHoje, vivemos um grave momento tamb\u00e9m em nosso Pa\u00eds. Projetos que tramitam no Congresso Nacional, como o PL da Devasta\u00e7\u00e3o e a proposta que autoriza o uso de at\u00e9 R$ 30 bilh\u00f5es do Fundo Social do pr\u00e9-sal para o refinanciamento de d\u00edvidas do agroneg\u00f3cio com juros subsidiados \u2013 um recurso originalmente destinado a \u00e1reas essenciais como Educa\u00e7\u00e3o, Sa\u00fade e Habita\u00e7\u00e3o \u2013, representam amea\u00e7as concretas ao futuro do Brasil. Esses retrocessos s\u00e3o impulsionados por velhas pr\u00e1ticas de chantagem institucional, que ferem o pacto democr\u00e1tico, comprometem o interesse p\u00fablico e desfiguram o papel do Estado. \u00c9 hora de levantar a voz. A ci\u00eancia brasileira n\u00e3o se calar\u00e1 diante do retrocesso.\u201d<\/p>\n<p>&nbsp;<\/p>\n<h4 id=\"gratidao-saudades-e-novo-comeco\"><strong>Gratid\u00e3o, saudades e novo come\u00e7o<\/strong><\/h4>\n<p>Despedindo-se do cargo, o ex-presidente da SBPC e ex-ministro da Educa\u00e7\u00e3o, Renato Janine Ribeiro, afirmou que deixar a Diretoria da entidade ap\u00f3s quatro anos \u00e9 lidar com sentimentos mistos. O primeiro \u00e9 o de miss\u00e3o cumprida. J\u00e1 o segundo \u00e9 o de perda, de estar pronto para atender as demandas da comunidade cient\u00edfica.<\/p>\n<p>\u201cN\u00f3s assumimos em um per\u00edodo muito negativo para o Brasil, dando continuidade ao embate contra a ditadura, contra o regime, contra a pr\u00e9-extens\u00e3o do autoritarismo, que foi conduzida por Bolsonaro. Um embate eficientemente iniciado na gest\u00e3o anterior, de Ildeu Moreira. Ent\u00e3o, ap\u00f3s esse enfrentamento, o primeiro sentimento \u00e9 de satisfa\u00e7\u00e3o, algo que veio de muito trabalho e de muita dedica\u00e7\u00e3o. Mas o segundo sentimento \u00e9 de saudade, que gera uma certa tristeza tamb\u00e9m. N\u00f3s deixamos esse processo e passamos a outras pessoas, como \u00e9 da natureza humana. E nesse momento em que transmitimos a presid\u00eancia da SBPC, quero ressaltar que ela estar\u00e1 nas m\u00e3os da primeira presidente mulher nordestina da nossa hist\u00f3ria, Francilene Garcia. A segunda nordestina, antecedida apenas pelo grande e extraordin\u00e1rio An\u00edsio Teixeira.\u201d<\/p>\n<p><span style=\"color: #808080;\"><em>Jornal da Ci\u00eancia<\/em><\/span><\/p>\n<p>&nbsp;<\/p>\n<h6 id=\"capa-jardel-filho-sbpc-reproducao\">Capa. Jardel Filho\/ SBPC. Reprodu\u00e7\u00e3o<\/h6>\n","protected":false},"excerpt":{"rendered":"Com maioria feminina, os nove diretores da entidade assumiram a gest\u00e3o para&hellip;\n","protected":false},"author":19,"featured_media":8626,"comment_status":"open","ping_status":"open","sticky":false,"template":"","format":"standard","meta":[],"categories":[1,2],"tags":[],"acf":[],"_links":{"self":[{"href":"https:\/\/revistacienciaecultura.org.br\/index.php?rest_route=\/wp\/v2\/posts\/8625"}],"collection":[{"href":"https:\/\/revistacienciaecultura.org.br\/index.php?rest_route=\/wp\/v2\/posts"}],"about":[{"href":"https:\/\/revistacienciaecultura.org.br\/index.php?rest_route=\/wp\/v2\/types\/post"}],"author":[{"embeddable":true,"href":"https:\/\/revistacienciaecultura.org.br\/index.php?rest_route=\/wp\/v2\/users\/19"}],"replies":[{"embeddable":true,"href":"https:\/\/revistacienciaecultura.org.br\/index.php?rest_route=%2Fwp%2Fv2%2Fcomments&post=8625"}],"version-history":[{"count":2,"href":"https:\/\/revistacienciaecultura.org.br\/index.php?rest_route=\/wp\/v2\/posts\/8625\/revisions"}],"predecessor-version":[{"id":8628,"href":"https:\/\/revistacienciaecultura.org.br\/index.php?rest_route=\/wp\/v2\/posts\/8625\/revisions\/8628"}],"wp:featuredmedia":[{"embeddable":true,"href":"https:\/\/revistacienciaecultura.org.br\/index.php?rest_route=\/wp\/v2\/media\/8626"}],"wp:attachment":[{"href":"https:\/\/revistacienciaecultura.org.br\/index.php?rest_route=%2Fwp%2Fv2%2Fmedia&parent=8625"}],"wp:term":[{"taxonomy":"category","embeddable":true,"href":"https:\/\/revistacienciaecultura.org.br\/index.php?rest_route=%2Fwp%2Fv2%2Fcategories&post=8625"},{"taxonomy":"post_tag","embeddable":true,"href":"https:\/\/revistacienciaecultura.org.br\/index.php?rest_route=%2Fwp%2Fv2%2Ftags&post=8625"}],"curies":[{"name":"wp","href":"https:\/\/api.w.org\/{rel}","templated":true}]}}