{"id":8635,"date":"2025-07-24T07:30:26","date_gmt":"2025-07-24T07:30:26","guid":{"rendered":"https:\/\/revistacienciaecultura.org.br\/?p=8635"},"modified":"2025-07-21T19:29:13","modified_gmt":"2025-07-21T19:29:13","slug":"mapeando-o-brasil-uma-jornada-historica-pela-cartografia-nacional","status":"publish","type":"post","link":"https:\/\/revistacienciaecultura.org.br\/?p=8635","title":{"rendered":"Mapeando o Brasil: uma jornada hist\u00f3rica pela cartografia nacional"},"content":{"rendered":"<h4 id=\"dos-planisferios-medievais-a-cartografia-digital-a-historia-dos-mapas-revela-a-construcao-simbolica-e-estrategica-do-territorio-brasileiro-seus-usos-politicos-e-sua-importancia-cientifica\"><span style=\"color: #808080;\">Dos planisf\u00e9rios medievais \u00e0 cartografia digital, a hist\u00f3ria dos mapas revela a constru\u00e7\u00e3o simb\u00f3lica e estrat\u00e9gica do territ\u00f3rio brasileiro, seus usos pol\u00edticos e sua import\u00e2ncia cient\u00edfica.<\/span><\/h4>\n<p>&nbsp;<\/p>\n<p>Olhar um mapa \u00e9 olhar o mundo com os olhos de quem o desenhou. Em cada tra\u00e7o, escolha, escala ou omiss\u00e3o, est\u00e1 um projeto de mundo, uma vis\u00e3o de poder, uma forma de organizar o desconhecido. A hist\u00f3ria da cartografia do Brasil \u00e9, assim, tamb\u00e9m a hist\u00f3ria da forma\u00e7\u00e3o de um pa\u00eds e de suas fronteiras simb\u00f3licas, culturais e materiais.<\/p>\n<p>Com a chegada dos portugueses ao litoral americano, a cartografia do Brasil ganha contornos pr\u00e1ticos e simb\u00f3licos. As primeiras representa\u00e7\u00f5es do territ\u00f3rio incluem registros de fauna, flora e popula\u00e7\u00f5es ind\u00edgenas. Cart\u00f3grafos como Waldseem\u00fcller, Ortelius e Gastaldi desenham um Novo Mundo cheio de exotismo, batizado de &#8220;Terra de Santa Cruz&#8221;, &#8220;Antrop\u00f3fagos&#8221; ou &#8220;Terra dos Papagaios&#8221;.<\/p>\n<p>Os mapas n\u00e3o eram apenas instrumentos de navega\u00e7\u00e3o, mas tamb\u00e9m ferramentas de controle e propaganda. Ao retratar o escambo entre franceses e ind\u00edgenas ou mostrar a presen\u00e7a jesu\u00edta, esses documentos ajudavam a justificar interven\u00e7\u00f5es militares e disputas diplom\u00e1ticas. A cartografia foi essencial, por exemplo, para que a Coroa portuguesa respondesse \u00e0s investidas de outras na\u00e7\u00f5es europeias durante a Uni\u00e3o Ib\u00e9rica (1580\u20131640).<\/p>\n<p>&nbsp;<\/p>\n<h4 id=\"os-mapas-nao-eram-apenas-instrumentos-de-navegacao-mas-tambem-ferramentas-de-controle-e-propaganda\" style=\"text-align: center;\"><span style=\"color: #800000;\"><em>\u201cOs mapas n\u00e3o eram apenas instrumentos de navega\u00e7\u00e3o, mas tamb\u00e9m ferramentas de controle e propaganda.\u201d<\/em><\/span><\/h4>\n<p>&nbsp;<\/p>\n<p>No s\u00e9culo XVII, destaca-se a produ\u00e7\u00e3o manuscrita de cart\u00f3grafos portugueses como os Albernaz, com mapas que detalham fortifica\u00e7\u00f5es, top\u00f4nimos costeiros e incurs\u00f5es no interior. A cartografia holandesa tamb\u00e9m marca o per\u00edodo com obras como o detalhado mapa de Cornelis Golijath sobre o Recife e Olinda.<\/p>\n<p>O s\u00e9culo XVIII traz um novo protagonista: a cartografia francesa, com figuras como Guillaume de L\u2019Isle e D\u2019Anville. Seu rigor cient\u00edfico e observadores mais cr\u00edticos corrigem erros nas representa\u00e7\u00f5es luso-espanhola e influenciam tratados como o de Madri (1750), que redefiniu as fronteiras sul-americanas com base em mapas detalhados como o <em>Mapa das Cortes<\/em>.<\/p>\n<h6 id=\"figura-1-mapa-das-cortesreproducao\" style=\"text-align: center;\"><img loading=\"lazy\" class=\"aligncenter wp-image-8638\" src=\"https:\/\/revistacienciaecultura.org.br\/wp-content\/uploads\/2025\/07\/mapa-das-cortes-265x300.jpg\" alt=\"\" width=\"441\" height=\"500\" srcset=\"https:\/\/revistacienciaecultura.org.br\/wp-content\/uploads\/2025\/07\/mapa-das-cortes-265x300.jpg 265w, https:\/\/revistacienciaecultura.org.br\/wp-content\/uploads\/2025\/07\/mapa-das-cortes-768x870.jpg 768w, https:\/\/revistacienciaecultura.org.br\/wp-content\/uploads\/2025\/07\/mapa-das-cortes-11x12.jpg 11w, https:\/\/revistacienciaecultura.org.br\/wp-content\/uploads\/2025\/07\/mapa-das-cortes-800x906.jpg 800w, https:\/\/revistacienciaecultura.org.br\/wp-content\/uploads\/2025\/07\/mapa-das-cortes.jpg 904w\" sizes=\"(max-width: 441px) 100vw, 441px\" \/><br \/>\n<strong>Figura 1. Mapa das Cortes<br \/>\n<\/strong>(Reprodu\u00e7\u00e3o)<\/h6>\n<p>&nbsp;<\/p>\n<p>J\u00e1 no s\u00e9culo XIX, a produ\u00e7\u00e3o se intensifica com a cria\u00e7\u00e3o de institui\u00e7\u00f5es militares e cient\u00edficas, como o Arquivo Militar. Cartas hidrogr\u00e1ficas, mapas provinciais e planos topogr\u00e1ficos se tornam comuns, e o Brasil passa a se desenhar com m\u00e3os brasileiras. Uma das primeiras iniciativas did\u00e1ticas \u00e9 o <em>Guia dos Caminhantes<\/em>, atlas de 1817 feito em Salvador.<\/p>\n<p>&nbsp;<\/p>\n<h4 id=\"escala-nacional\"><strong>Escala nacional<\/strong><\/h4>\n<p>No s\u00e9culo XX, com o IBGE, a cartografia ganha escala nacional. A Carta Geogr\u00e1fica do Brasil, de 1922, marca a consolida\u00e7\u00e3o do territ\u00f3rio independente. Com o avan\u00e7o da aerofotogrametria, do sensoriamento remoto e dos Sistemas de Informa\u00e7\u00e3o Geogr\u00e1fica (SIG), os mapas se tornam instrumentos centrais de planejamento urbano, gest\u00e3o ambiental e monitoramento de fronteiras.<\/p>\n<h6 id=\"figura-2-carta-geografica-do-brasilreproducao\" style=\"text-align: center;\"><img loading=\"lazy\" class=\"aligncenter wp-image-8636\" src=\"https:\/\/revistacienciaecultura.org.br\/wp-content\/uploads\/2025\/07\/carta-geografica-300x255.jpg\" alt=\"\" width=\"500\" height=\"425\" srcset=\"https:\/\/revistacienciaecultura.org.br\/wp-content\/uploads\/2025\/07\/carta-geografica-300x255.jpg 300w, https:\/\/revistacienciaecultura.org.br\/wp-content\/uploads\/2025\/07\/carta-geografica-1024x870.jpg 1024w, https:\/\/revistacienciaecultura.org.br\/wp-content\/uploads\/2025\/07\/carta-geografica-768x652.jpg 768w, https:\/\/revistacienciaecultura.org.br\/wp-content\/uploads\/2025\/07\/carta-geografica-1536x1305.jpg 1536w, https:\/\/revistacienciaecultura.org.br\/wp-content\/uploads\/2025\/07\/carta-geografica-14x12.jpg 14w, https:\/\/revistacienciaecultura.org.br\/wp-content\/uploads\/2025\/07\/carta-geografica-800x680.jpg 800w, https:\/\/revistacienciaecultura.org.br\/wp-content\/uploads\/2025\/07\/carta-geografica-1160x985.jpg 1160w, https:\/\/revistacienciaecultura.org.br\/wp-content\/uploads\/2025\/07\/carta-geografica.jpg 1953w\" sizes=\"(max-width: 500px) 100vw, 500px\" \/><br \/>\n<strong>Figura 2. Carta Geogr\u00e1fica do Brasil<br \/>\n<\/strong>(Reprodu\u00e7\u00e3o)<\/h6>\n<p>&nbsp;<\/p>\n<p>A cartografia \u00e9 tamb\u00e9m uma linguagem simb\u00f3lica e cultural. Antes mesmo da escrita, humanos desenhavam caminhos nas cavernas. O mapa \u00e9 uma forma de localizar-se, mas tamb\u00e9m de imaginar e ordenar o mundo.<\/p>\n<p>Por isso, sua import\u00e2ncia n\u00e3o \u00e9 apenas pr\u00e1tica. Mapas s\u00e3o express\u00f5es de poder, ferramentas de ensino, armas diplom\u00e1ticas e documentos hist\u00f3ricos. Revelam os medos e esperan\u00e7as de um tempo, os interesses de um Estado, as tens\u00f5es de uma sociedade.<\/p>\n<p>&nbsp;<\/p>\n<h4 id=\"os-mapas-se-tornam-instrumentos-centrais-de-planejamento-urbano-gestao-ambiental-e-monitoramento-de-fronteiras\" style=\"text-align: center;\"><span style=\"color: #800000;\"><em>\u201cOs mapas se tornam instrumentos centrais de planejamento urbano, gest\u00e3o ambiental e monitoramento de fronteiras.\u201d<\/em><\/span><\/h4>\n<p>&nbsp;<\/p>\n<p>Hoje, em um mundo mediado por sat\u00e9lites e aplicativos de geolocaliza\u00e7\u00e3o, a hist\u00f3ria da cartografia nos lembra que nem sempre soubemos onde est\u00e1vamos. E que cada linha tra\u00e7ada no papel foi fruto de disputa, explora\u00e7\u00e3o, descobertas e sonhos. Mais do que instrumentos de orienta\u00e7\u00e3o, os mapas s\u00e3o testemunhas da nossa hist\u00f3ria. E, ao consult\u00e1-los, n\u00e3o estamos apenas nos localizando no espa\u00e7o, mas tamb\u00e9m nos reposicionando no tempo.<\/p>\n","protected":false},"excerpt":{"rendered":"Dos planisf\u00e9rios medievais \u00e0 cartografia digital, a hist\u00f3ria dos mapas revela a&hellip;\n","protected":false},"author":19,"featured_media":8637,"comment_status":"open","ping_status":"open","sticky":false,"template":"","format":"standard","meta":[],"categories":[1,2],"tags":[],"acf":[],"_links":{"self":[{"href":"https:\/\/revistacienciaecultura.org.br\/index.php?rest_route=\/wp\/v2\/posts\/8635"}],"collection":[{"href":"https:\/\/revistacienciaecultura.org.br\/index.php?rest_route=\/wp\/v2\/posts"}],"about":[{"href":"https:\/\/revistacienciaecultura.org.br\/index.php?rest_route=\/wp\/v2\/types\/post"}],"author":[{"embeddable":true,"href":"https:\/\/revistacienciaecultura.org.br\/index.php?rest_route=\/wp\/v2\/users\/19"}],"replies":[{"embeddable":true,"href":"https:\/\/revistacienciaecultura.org.br\/index.php?rest_route=%2Fwp%2Fv2%2Fcomments&post=8635"}],"version-history":[{"count":2,"href":"https:\/\/revistacienciaecultura.org.br\/index.php?rest_route=\/wp\/v2\/posts\/8635\/revisions"}],"predecessor-version":[{"id":8640,"href":"https:\/\/revistacienciaecultura.org.br\/index.php?rest_route=\/wp\/v2\/posts\/8635\/revisions\/8640"}],"wp:featuredmedia":[{"embeddable":true,"href":"https:\/\/revistacienciaecultura.org.br\/index.php?rest_route=\/wp\/v2\/media\/8637"}],"wp:attachment":[{"href":"https:\/\/revistacienciaecultura.org.br\/index.php?rest_route=%2Fwp%2Fv2%2Fmedia&parent=8635"}],"wp:term":[{"taxonomy":"category","embeddable":true,"href":"https:\/\/revistacienciaecultura.org.br\/index.php?rest_route=%2Fwp%2Fv2%2Fcategories&post=8635"},{"taxonomy":"post_tag","embeddable":true,"href":"https:\/\/revistacienciaecultura.org.br\/index.php?rest_route=%2Fwp%2Fv2%2Ftags&post=8635"}],"curies":[{"name":"wp","href":"https:\/\/api.w.org\/{rel}","templated":true}]}}