{"id":8655,"date":"2025-07-29T07:30:59","date_gmt":"2025-07-29T07:30:59","guid":{"rendered":"https:\/\/revistacienciaecultura.org.br\/?p=8655"},"modified":"2025-07-28T18:15:23","modified_gmt":"2025-07-28T18:15:23","slug":"com-mais-de-240-entidades-envolvidas-faculdade-de-direito-da-usp-recebe-ato-em-defesa-da-soberania-nacional","status":"publish","type":"post","link":"https:\/\/revistacienciaecultura.org.br\/?p=8655","title":{"rendered":"Com mais de 240 entidades envolvidas, Faculdade de Direito da USP recebe Ato em Defesa da Soberania Nacional"},"content":{"rendered":"<h4 id=\"mobilizacao-contou-com-a-presenca-da-vice-presidente-da-sbpc-soraya-smaili-e-busca-se-converter-em-articulacao-por-todo-o-pais\"><span style=\"color: #808080;\">Mobiliza\u00e7\u00e3o contou com a presen\u00e7a da vice-presidente da SBPC, Soraya Smaili, e busca se converter em articula\u00e7\u00e3o por todo o Pa\u00eds<\/span><\/h4>\n<p>&nbsp;<\/p>\n<p>O Sal\u00e3o Nobre da Faculdade de Direito do Largo de S\u00e3o Francisco, da Universidade de S\u00e3o Paulo (USP), recebeu na manh\u00e3 desta sexta-feira (25\/07) o Ato em Defesa da Soberania Nacional. Com mais de 240 entidades envolvidas, entre elas a Sociedade Brasileira para o Progresso da Ci\u00eancia (SBPC) e mais de 60 de suas Sociedades Cient\u00edficas Afiliadas, a iniciativa \u00e9 um rep\u00fadio \u00e0s recentes manifesta\u00e7\u00f5es do presidente dos Estados Unidos, Donald Trump, que buscam influenciar o regime democr\u00e1tico brasileiro.<\/p>\n<p>\u201cEsta \u00e9 uma manifesta\u00e7\u00e3o que n\u00f3s estamos recebendo aqui na Faculdade de Direito. Na verdade, ela \u00e9 um atendimento a um apelo da sociedade civil. Mas eu entendo que ela \u00e9 apenas o in\u00edcio de um movimento que seguramente pode se desdobrar por v\u00e1rias universidades, por v\u00e1rias entidades, pelo Brasil inteiro\u201d, ponderou o professor da USP, Celso Fernandes Campilongo, um dos coordenadores do ato.<\/p>\n<p>Vice-presidente da SBPC e professora da Unifesp (Universidade Federal de S\u00e3o Paulo), Soraya Smaili destacou a import\u00e2ncia da mobiliza\u00e7\u00e3o:<\/p>\n<p>\u201cFoi um ato extremamente significativo, reuniu dezenas de entidades, artistas, empres\u00e1rios e pol\u00edticos que atenderam ao chamado em poucas horas, pois o foi chamado esta semana. Isso mostra o quanto a sociedade est\u00e1 engajada na defesa de nosso pa\u00eds. Al\u00e9m disso, tem o simbolismo das falas em torno da unidade de todos e todas para que juntos e juntas possamos reafirmar a Soberania nacional. A SBPC, como n\u00e3o poderia deixar de ser esteve presente, como em tantos momentos cr\u00edtico da nossa hist\u00f3ria. O Brasil \u00e9 nosso e n\u00f3s iremos a todos os lugares para reafirmar isso.<\/p>\n<p>Na solenidade, houve tamb\u00e9m a leitura da Carta em Defesa da Soberania Nacional, que ainda est\u00e1 dispon\u00edvel para assinaturas no site da manifesta\u00e7\u00e3o:\u00a0<span style=\"color: #800000;\"><strong><a style=\"color: #800000;\" href=\"http:\/\/www.soberanianacional.com.br\/\" target=\"_blank\" rel=\"noopener\">www.soberanianacional.com.br<\/a>.<\/strong><\/span><\/p>\n<p>\u201cNas rela\u00e7\u00f5es internacionais, o Brasil rege-se pelos princ\u00edpios da independ\u00eancia nacional, da preval\u00eancia dos direitos humanos, da n\u00e3o interven\u00e7\u00e3o, assim como pelo princ\u00edpio da igualdade entre as na\u00e7\u00f5es. \u00c9 isso o que determina nossa Constitui\u00e7\u00e3o. Exigimos o mesmo respeito que dispensamos \u00e0s demais na\u00e7\u00f5es. Repudiamos toda e qualquer forma de interven\u00e7\u00e3o, intimida\u00e7\u00e3o ou admoesta\u00e7\u00e3o, que busque subordinar nossa liberdade como na\u00e7\u00e3o democr\u00e1tica. A na\u00e7\u00e3o brasileira jamais abrir\u00e1 m\u00e3o de sua soberania, t\u00e3o arduamente conquistada. Mais do que isso: o Brasil sabe como defender sua soberania\u201d, diz o documento.<\/p>\n<p>A leitura da carta no Sal\u00e3o Nobre da Faculdade de Direito remete ao hist\u00f3rico ato pela democracia realizado em agosto de 2022, quando, em meio a ataques do ent\u00e3o presidente Jair Messias Bolsonaro \u00e0s urnas eletr\u00f4nicas e ao processo eleitoral, a sociedade civil se mobilizou em defesa do sistema democr\u00e1tico brasileiro.<\/p>\n<p>At\u00e9 o momento, a carta conta com mais de 8.600 ades\u00f5es, sendo 240 de entidades, entre elas a Academia Brasileira de Ci\u00eancias (ABC), os Reitores pela Democracia, a Associa\u00e7\u00e3o Brasileira de Imprensa (ABI), e mais de 60 Sociedades Cient\u00edficas afiliadas \u00e0 SBPC.<\/p>\n<p><span style=\"color: #808080;\"><em>Jornal da Ci\u00eancia<\/em><\/span><\/p>\n","protected":false},"excerpt":{"rendered":"Mobiliza\u00e7\u00e3o contou com a presen\u00e7a da vice-presidente da SBPC, Soraya Smaili, e&hellip;\n","protected":false},"author":19,"featured_media":8656,"comment_status":"open","ping_status":"open","sticky":false,"template":"","format":"standard","meta":[],"categories":[1,2],"tags":[],"acf":[],"_links":{"self":[{"href":"https:\/\/revistacienciaecultura.org.br\/index.php?rest_route=\/wp\/v2\/posts\/8655"}],"collection":[{"href":"https:\/\/revistacienciaecultura.org.br\/index.php?rest_route=\/wp\/v2\/posts"}],"about":[{"href":"https:\/\/revistacienciaecultura.org.br\/index.php?rest_route=\/wp\/v2\/types\/post"}],"author":[{"embeddable":true,"href":"https:\/\/revistacienciaecultura.org.br\/index.php?rest_route=\/wp\/v2\/users\/19"}],"replies":[{"embeddable":true,"href":"https:\/\/revistacienciaecultura.org.br\/index.php?rest_route=%2Fwp%2Fv2%2Fcomments&post=8655"}],"version-history":[{"count":1,"href":"https:\/\/revistacienciaecultura.org.br\/index.php?rest_route=\/wp\/v2\/posts\/8655\/revisions"}],"predecessor-version":[{"id":8657,"href":"https:\/\/revistacienciaecultura.org.br\/index.php?rest_route=\/wp\/v2\/posts\/8655\/revisions\/8657"}],"wp:featuredmedia":[{"embeddable":true,"href":"https:\/\/revistacienciaecultura.org.br\/index.php?rest_route=\/wp\/v2\/media\/8656"}],"wp:attachment":[{"href":"https:\/\/revistacienciaecultura.org.br\/index.php?rest_route=%2Fwp%2Fv2%2Fmedia&parent=8655"}],"wp:term":[{"taxonomy":"category","embeddable":true,"href":"https:\/\/revistacienciaecultura.org.br\/index.php?rest_route=%2Fwp%2Fv2%2Fcategories&post=8655"},{"taxonomy":"post_tag","embeddable":true,"href":"https:\/\/revistacienciaecultura.org.br\/index.php?rest_route=%2Fwp%2Fv2%2Ftags&post=8655"}],"curies":[{"name":"wp","href":"https:\/\/api.w.org\/{rel}","templated":true}]}}