{"id":8665,"date":"2025-08-06T07:30:48","date_gmt":"2025-08-06T07:30:48","guid":{"rendered":"https:\/\/revistacienciaecultura.org.br\/?p=8665"},"modified":"2025-08-01T13:05:36","modified_gmt":"2025-08-01T13:05:36","slug":"as-mulheres-que-fizeram-historia-na-ciencia-brasileira","status":"publish","type":"post","link":"https:\/\/revistacienciaecultura.org.br\/?p=8665","title":{"rendered":"As mulheres que fizeram hist\u00f3ria na ci\u00eancia brasileira"},"content":{"rendered":"<h4 id=\"conheca-algumas-brasileiras-brilhantes-que-contribuiram-para-o-desenvolvimento-da-ciencia-em-diferentes-areas\"><span style=\"color: #808080;\">Conhe\u00e7a algumas brasileiras brilhantes que contribu\u00edram para o desenvolvimento da ci\u00eancia em diferentes \u00e1reas<\/span><\/h4>\n<p>&nbsp;<\/p>\n<p>Apesar de todos os desafios e preconceitos, a presen\u00e7a das mulheres na ci\u00eancia \u00e9 cada vez mais marcante. Ao longo da hist\u00f3ria do Brasil, muitas mulheres enfrentaram desafios estruturais, preconceito e falta de reconhecimento para se firmarem na ci\u00eancia. Ainda assim, romperam barreiras, criaram solu\u00e7\u00f5es inovadoras, produziram conhecimento e deixaram legados poderosos. Celebrar suas trajet\u00f3rias \u00e9 tamb\u00e9m valorizar o futuro da ci\u00eancia brasileira \u2014 mais plural, justa e transformadora. Essas cientistas representam diferentes \u00e1reas do conhecimento, gera\u00e7\u00f5es e regi\u00f5es do Brasil, mas todas t\u00eam em comum o compromisso com o avan\u00e7o da ci\u00eancia e a transforma\u00e7\u00e3o da sociedade. Conhe\u00e7a algumas dessas brasileiras brilhantes que contribu\u00edram para o desenvolvimento da ci\u00eancia em diferentes \u00e1reas.<\/p>\n<h3 id=\"\"><\/h3>\n<h4 id=\"berta-gleizer-ribeiro\" style=\"text-align: center;\"><strong>Berta Gleizer Ribeiro<\/strong><\/h4>\n<p><img loading=\"lazy\" class=\"aligncenter wp-image-7266 size-medium\" src=\"https:\/\/revistacienciaecultura.org.br\/wp-content\/uploads\/2024\/10\/Berta-300x285.png\" alt=\"\" width=\"300\" height=\"285\" srcset=\"https:\/\/revistacienciaecultura.org.br\/wp-content\/uploads\/2024\/10\/Berta-300x285.png 300w, https:\/\/revistacienciaecultura.org.br\/wp-content\/uploads\/2024\/10\/Berta-13x12.png 13w, https:\/\/revistacienciaecultura.org.br\/wp-content\/uploads\/2024\/10\/Berta.png 454w\" sizes=\"(max-width: 300px) 100vw, 300px\" \/><\/p>\n<p>Antrop\u00f3loga e etn\u00f3loga moldava-brasileira, Berta Gleizer Ribeiro construiu um legado essencial na preserva\u00e7\u00e3o e valoriza\u00e7\u00e3o da cultura ind\u00edgena no Brasil. Ap\u00f3s separar-se do tamb\u00e9m antrop\u00f3logo Darcy Ribeiro, dedicou-se intensamente ao estudo e \u00e0 defesa dos saberes e fazeres dos povos ind\u00edgenas, tornando-se uma autoridade em cultura material. Sua atua\u00e7\u00e3o incluiu pesquisas de campo, organiza\u00e7\u00e3o de exposi\u00e7\u00f5es, publica\u00e7\u00f5es acad\u00eamicas e a forma\u00e7\u00e3o de cole\u00e7\u00f5es em museus \u2014 contribuindo para o reconhecimento da diversidade cultural ind\u00edgena brasileira.<\/p>\n<h3 id=\"-2\"><\/h3>\n<h4 id=\"bertha-lutz\" style=\"text-align: center;\"><strong>Bertha Lutz<\/strong><\/h4>\n<p><img loading=\"lazy\" class=\"size-medium wp-image-7835 aligncenter\" src=\"https:\/\/revistacienciaecultura.org.br\/wp-content\/uploads\/2025\/02\/bertha-1-244x300.jpg\" alt=\"\" width=\"244\" height=\"300\" srcset=\"https:\/\/revistacienciaecultura.org.br\/wp-content\/uploads\/2025\/02\/bertha-1-244x300.jpg 244w, https:\/\/revistacienciaecultura.org.br\/wp-content\/uploads\/2025\/02\/bertha-1-832x1024.jpg 832w, https:\/\/revistacienciaecultura.org.br\/wp-content\/uploads\/2025\/02\/bertha-1-768x945.jpg 768w, https:\/\/revistacienciaecultura.org.br\/wp-content\/uploads\/2025\/02\/bertha-1-1248x1536.jpg 1248w, https:\/\/revistacienciaecultura.org.br\/wp-content\/uploads\/2025\/02\/bertha-1-1664x2048.jpg 1664w, https:\/\/revistacienciaecultura.org.br\/wp-content\/uploads\/2025\/02\/bertha-1-10x12.jpg 10w, https:\/\/revistacienciaecultura.org.br\/wp-content\/uploads\/2025\/02\/bertha-1-800x985.jpg 800w, https:\/\/revistacienciaecultura.org.br\/wp-content\/uploads\/2025\/02\/bertha-1-1160x1428.jpg 1160w, https:\/\/revistacienciaecultura.org.br\/wp-content\/uploads\/2025\/02\/bertha-1.jpg 1691w\" sizes=\"(max-width: 244px) 100vw, 244px\" \/><\/p>\n<p>Cientista e bi\u00f3loga especializada em anf\u00edbios, Bertha Lutz foi filha de Adolfo Lutz, refer\u00eancia em zoologia m\u00e9dica no Brasil. Foi a segunda mulher a ingressar no servi\u00e7o p\u00fablico brasileiro e descobriu uma nova esp\u00e9cie de sapo. Em 1919, tornou-se pesquisadora do Museu Nacional do Rio de Janeiro. Al\u00e9m da ci\u00eancia, teve forte atua\u00e7\u00e3o pol\u00edtica: participou da Confer\u00eancia das Na\u00e7\u00f5es Unidas em S\u00e3o Francisco, em 1945, onde lutou pela inclus\u00e3o da igualdade de g\u00eanero na Carta das Na\u00e7\u00f5es Unidas.<\/p>\n<h3 id=\"-3\"><\/h3>\n<h4 id=\"carolina-bori\" style=\"text-align: center;\"><strong>Carolina Bori<\/strong><\/h4>\n<p><img loading=\"lazy\" class=\"size-full wp-image-5620 aligncenter\" src=\"https:\/\/revistacienciaecultura.org.br\/wp-content\/uploads\/2024\/03\/carolina-bori.jpeg\" alt=\"\" width=\"277\" height=\"182\" srcset=\"https:\/\/revistacienciaecultura.org.br\/wp-content\/uploads\/2024\/03\/carolina-bori.jpeg 277w, https:\/\/revistacienciaecultura.org.br\/wp-content\/uploads\/2024\/03\/carolina-bori-18x12.jpeg 18w\" sizes=\"(max-width: 277px) 100vw, 277px\" \/><\/p>\n<p>Paulista nascida em 1924, Carolina Martuscelli Bori teve papel decisivo na consolida\u00e7\u00e3o da psicologia como ci\u00eancia no Brasil. Formada em Pedagogia pela USP em 1947, foi convidada a lecionar psicologia na institui\u00e7\u00e3o no ano seguinte. Pioneira na pesquisa experimental e na introdu\u00e7\u00e3o da An\u00e1lise do Comportamento no pa\u00eds, liderou o movimento pela regulamenta\u00e7\u00e3o da profiss\u00e3o de psic\u00f3logo, tendo recebido o registro n\u00famero 1 do Conselho Regional de Psicologia. Atuou ativamente na institucionaliza\u00e7\u00e3o da \u00e1rea e presidiu a SBPC entre 1986 e 1989, sendo posteriormente aclamada presidente de honra.<\/p>\n<h3 id=\"-4\"><\/h3>\n<h4 id=\"debora-diniz\" style=\"text-align: center;\"><strong>D\u00e9bora Diniz<\/strong><\/h4>\n<p><img loading=\"lazy\" class=\"size-medium wp-image-2506 aligncenter\" src=\"https:\/\/revistacienciaecultura.org.br\/wp-content\/uploads\/2022\/06\/De\u0301bora-Diniz--300x200.jpeg\" alt=\"\" width=\"300\" height=\"200\" srcset=\"https:\/\/revistacienciaecultura.org.br\/wp-content\/uploads\/2022\/06\/De\u0301bora-Diniz--300x200.jpeg 300w, https:\/\/revistacienciaecultura.org.br\/wp-content\/uploads\/2022\/06\/De\u0301bora-Diniz--18x12.jpeg 18w, https:\/\/revistacienciaecultura.org.br\/wp-content\/uploads\/2022\/06\/De\u0301bora-Diniz-.jpeg 768w\" sizes=\"(max-width: 300px) 100vw, 300px\" \/><\/p>\n<p>Antrop\u00f3loga, documentarista e especialista em bio\u00e9tica, D\u00e9bora Diniz \u00e9 professora licenciada da Faculdade de Direito da UnB. Fundadora do Instituto Anis \u2014 Bio\u00e9tica, Direitos Humanos e G\u00eanero \u2014 atua principalmente na defesa dos direitos reprodutivos das mulheres e \u00e9 uma voz importante no campo da justi\u00e7a social e da sa\u00fade p\u00fablica.<\/p>\n<h3 id=\"-5\"><\/h3>\n<h4 id=\"debora-menezes\" style=\"text-align: center;\"><strong>D\u00e9bora Menezes<\/strong><\/h4>\n<p><img loading=\"lazy\" class=\"size-medium wp-image-5621 aligncenter\" src=\"https:\/\/revistacienciaecultura.org.br\/wp-content\/uploads\/2024\/03\/debora-menezes-300x199.jpeg\" alt=\"\" width=\"300\" height=\"199\" srcset=\"https:\/\/revistacienciaecultura.org.br\/wp-content\/uploads\/2024\/03\/debora-menezes-300x199.jpeg 300w, https:\/\/revistacienciaecultura.org.br\/wp-content\/uploads\/2024\/03\/debora-menezes-18x12.jpeg 18w, https:\/\/revistacienciaecultura.org.br\/wp-content\/uploads\/2024\/03\/debora-menezes.jpeg 370w\" sizes=\"(max-width: 300px) 100vw, 300px\" \/><\/p>\n<p>Professora titular do Departamento de F\u00edsica da UFSC, tornou-se a primeira mulher eleita presidente da Sociedade Brasileira de F\u00edsica (SBF). Suas pesquisas abrangem a f\u00edsica de h\u00e1drons, especialmente na interface entre f\u00edsica nuclear de baixas energias e part\u00edculas elementares.<\/p>\n<h3 id=\"-6\"><\/h3>\n<h4 id=\"elisa-frota-pessoa\" style=\"text-align: center;\"><strong>Elisa Frota Pessoa<\/strong><\/h4>\n<p><img loading=\"lazy\" class=\"size-medium wp-image-2507 aligncenter\" src=\"https:\/\/revistacienciaecultura.org.br\/wp-content\/uploads\/2022\/06\/elisa-frota-pessoa-225x300.jpg\" alt=\"\" width=\"225\" height=\"300\" srcset=\"https:\/\/revistacienciaecultura.org.br\/wp-content\/uploads\/2022\/06\/elisa-frota-pessoa-225x300.jpg 225w, https:\/\/revistacienciaecultura.org.br\/wp-content\/uploads\/2022\/06\/elisa-frota-pessoa-768x1024.jpg 768w, https:\/\/revistacienciaecultura.org.br\/wp-content\/uploads\/2022\/06\/elisa-frota-pessoa-9x12.jpg 9w, https:\/\/revistacienciaecultura.org.br\/wp-content\/uploads\/2022\/06\/elisa-frota-pessoa-800x1067.jpg 800w, https:\/\/revistacienciaecultura.org.br\/wp-content\/uploads\/2022\/06\/elisa-frota-pessoa.jpg 984w\" sizes=\"(max-width: 225px) 100vw, 225px\" \/><\/p>\n<p>Uma das primeiras mulheres formadas em f\u00edsica no Brasil, destacou-se nos estudos sobre radioatividade. Foi cofundadora do Centro Brasileiro de Pesquisas F\u00edsicas, onde coordenou o Laborat\u00f3rio de Emuls\u00f5es Nucleares, sendo pioneira na estrutura\u00e7\u00e3o da f\u00edsica experimental no pa\u00eds.<\/p>\n<h3 id=\"-7\"><\/h3>\n<h4 id=\"elza-furtado-gomide\" style=\"text-align: center;\"><strong>Elza Furtado Gomide<\/strong><\/h4>\n<p><img loading=\"lazy\" class=\"size-medium wp-image-2508 aligncenter\" src=\"https:\/\/revistacienciaecultura.org.br\/wp-content\/uploads\/2022\/06\/Elza-Furtado-Gomide--203x300.jpeg\" alt=\"\" width=\"203\" height=\"300\" srcset=\"https:\/\/revistacienciaecultura.org.br\/wp-content\/uploads\/2022\/06\/Elza-Furtado-Gomide--203x300.jpeg 203w, https:\/\/revistacienciaecultura.org.br\/wp-content\/uploads\/2022\/06\/Elza-Furtado-Gomide--8x12.jpeg 8w, https:\/\/revistacienciaecultura.org.br\/wp-content\/uploads\/2022\/06\/Elza-Furtado-Gomide-.jpeg 220w\" sizes=\"(max-width: 203px) 100vw, 203px\" \/><\/p>\n<p>Primeira mulher a obter doutorado em matem\u00e1tica pela USP, foi chefe do Departamento de Matem\u00e1tica em 1968 e atuou como militante em prol do ensino cient\u00edfico de qualidade. Sua trajet\u00f3ria abre caminho para mulheres na matem\u00e1tica brasileira.<\/p>\n<h3 id=\"-8\"><\/h3>\n<h4 id=\"enedina-alves-marques\" style=\"text-align: center;\"><strong>Enedina Alves Marques<\/strong><\/h4>\n<p><img loading=\"lazy\" class=\"size-medium wp-image-2509 aligncenter\" src=\"https:\/\/revistacienciaecultura.org.br\/wp-content\/uploads\/2022\/06\/Enedina-Alves-Marques--300x192.jpeg\" alt=\"\" width=\"300\" height=\"192\" srcset=\"https:\/\/revistacienciaecultura.org.br\/wp-content\/uploads\/2022\/06\/Enedina-Alves-Marques--300x192.jpeg 300w, https:\/\/revistacienciaecultura.org.br\/wp-content\/uploads\/2022\/06\/Enedina-Alves-Marques--768x492.jpeg 768w, https:\/\/revistacienciaecultura.org.br\/wp-content\/uploads\/2022\/06\/Enedina-Alves-Marques--18x12.jpeg 18w, https:\/\/revistacienciaecultura.org.br\/wp-content\/uploads\/2022\/06\/Enedina-Alves-Marques--800x512.jpeg 800w, https:\/\/revistacienciaecultura.org.br\/wp-content\/uploads\/2022\/06\/Enedina-Alves-Marques-.jpeg 1009w\" sizes=\"(max-width: 300px) 100vw, 300px\" \/><\/p>\n<p>A primeira engenheira negra do Brasil formou-se em engenharia civil pela UFPR em 1945. Atuou como professora e trabalhou em obras p\u00fablicas e no desenvolvimento do Plano Hidrel\u00e9trico do Paran\u00e1, enfrentando tanto o racismo quanto o machismo com coragem e compet\u00eancia.<\/p>\n<h3 id=\"-9\"><\/h3>\n<h4 id=\"graziela-maciel-barroso\" style=\"text-align: center;\"><strong>Graziela Maciel Barroso<\/strong><\/h4>\n<p><img loading=\"lazy\" class=\"size-medium wp-image-2510 aligncenter\" src=\"https:\/\/revistacienciaecultura.org.br\/wp-content\/uploads\/2022\/06\/Graziela-Maciel-Barroso--300x169.jpeg\" alt=\"\" width=\"300\" height=\"169\" srcset=\"https:\/\/revistacienciaecultura.org.br\/wp-content\/uploads\/2022\/06\/Graziela-Maciel-Barroso--300x169.jpeg 300w, https:\/\/revistacienciaecultura.org.br\/wp-content\/uploads\/2022\/06\/Graziela-Maciel-Barroso--18x10.jpeg 18w, https:\/\/revistacienciaecultura.org.br\/wp-content\/uploads\/2022\/06\/Graziela-Maciel-Barroso-.jpeg 700w\" sizes=\"(max-width: 300px) 100vw, 300px\" \/><\/p>\n<p>Naturalista e bot\u00e2nica brasileira, ingressou no curso de biologia aos 47 anos e defendeu doutorado aos 60, ap\u00f3s j\u00e1 atuar como naturalista. Tornou-se a maior taxonomista de plantas do pa\u00eds, com mais de 25 esp\u00e9cies nomeadas em sua homenagem. Recebeu a medalha internacional <em>Millennium Botany Award<\/em>, sendo a \u00fanica brasileira laureada.<\/p>\n<h3 id=\"-10\"><\/h3>\n<h4 id=\"jaqueline-mesquita\" style=\"text-align: center;\"><strong>Jaqueline Mesquita<\/strong><\/h4>\n<p><img loading=\"lazy\" class=\"size-medium wp-image-5389 aligncenter\" src=\"https:\/\/revistacienciaecultura.org.br\/wp-content\/uploads\/2024\/01\/jauqueline-mesquita-300x169.jpeg\" alt=\"\" width=\"300\" height=\"169\" srcset=\"https:\/\/revistacienciaecultura.org.br\/wp-content\/uploads\/2024\/01\/jauqueline-mesquita-300x169.jpeg 300w, https:\/\/revistacienciaecultura.org.br\/wp-content\/uploads\/2024\/01\/jauqueline-mesquita-1024x576.jpeg 1024w, https:\/\/revistacienciaecultura.org.br\/wp-content\/uploads\/2024\/01\/jauqueline-mesquita-768x432.jpeg 768w, https:\/\/revistacienciaecultura.org.br\/wp-content\/uploads\/2024\/01\/jauqueline-mesquita-18x10.jpeg 18w, https:\/\/revistacienciaecultura.org.br\/wp-content\/uploads\/2024\/01\/jauqueline-mesquita-800x450.jpeg 800w, https:\/\/revistacienciaecultura.org.br\/wp-content\/uploads\/2024\/01\/jauqueline-mesquita.jpeg 1140w\" sizes=\"(max-width: 300px) 100vw, 300px\" \/><\/p>\n<p>Matem\u00e1tica especializada em equa\u00e7\u00f5es diferenciais, \u00e9 professora da UnB e presidente da Sociedade Brasileira de Matem\u00e1tica. Com s\u00f3lida forma\u00e7\u00e3o e atua\u00e7\u00e3o internacional, \u00e9 refer\u00eancia em an\u00e1lise funcional e equa\u00e7\u00f5es din\u00e2micas, \u00e1reas fundamentais para aplica\u00e7\u00f5es cient\u00edficas e tecnol\u00f3gicas.<\/p>\n<h3 id=\"-11\"><\/h3>\n<h4 id=\"jaqueline-goes\" style=\"text-align: center;\"><strong>Jaqueline Goes<\/strong><\/h4>\n<p><img loading=\"lazy\" class=\"size-medium wp-image-2511 aligncenter\" src=\"https:\/\/revistacienciaecultura.org.br\/wp-content\/uploads\/2022\/06\/jaqueline-goes-300x200.jpg\" alt=\"\" width=\"300\" height=\"200\" srcset=\"https:\/\/revistacienciaecultura.org.br\/wp-content\/uploads\/2022\/06\/jaqueline-goes-300x200.jpg 300w, https:\/\/revistacienciaecultura.org.br\/wp-content\/uploads\/2022\/06\/jaqueline-goes-18x12.jpg 18w, https:\/\/revistacienciaecultura.org.br\/wp-content\/uploads\/2022\/06\/jaqueline-goes.jpg 600w\" sizes=\"(max-width: 300px) 100vw, 300px\" \/><\/p>\n<p>Doutora em patologia humana e experimental pela UFBA, liderou a equipe que identificou os primeiros genomas do coronav\u00edrus no Brasil em apenas 48 horas ap\u00f3s a confirma\u00e7\u00e3o do primeiro caso. Desenvolve pesquisas sobre arboviroses emergentes no Instituto de Medicina Tropical da USP.<\/p>\n<h3 id=\"-12\"><\/h3>\n<h4 id=\"johanna-dobereiner\" style=\"text-align: center;\"><strong>Johanna D\u00f6bereiner<\/strong><\/h4>\n<p><img loading=\"lazy\" class=\"size-medium wp-image-5622 aligncenter\" src=\"https:\/\/revistacienciaecultura.org.br\/wp-content\/uploads\/2024\/03\/johanna-dobereiner-300x196.jpeg\" alt=\"\" width=\"300\" height=\"196\" srcset=\"https:\/\/revistacienciaecultura.org.br\/wp-content\/uploads\/2024\/03\/johanna-dobereiner-300x196.jpeg 300w, https:\/\/revistacienciaecultura.org.br\/wp-content\/uploads\/2024\/03\/johanna-dobereiner-18x12.jpeg 18w, https:\/\/revistacienciaecultura.org.br\/wp-content\/uploads\/2024\/03\/johanna-dobereiner.jpeg 395w\" sizes=\"(max-width: 300px) 100vw, 300px\" \/><\/p>\n<p>Cientista que revolucionou a agricultura com suas pesquisas sobre fixa\u00e7\u00e3o biol\u00f3gica de nitrog\u00eanio. Seu trabalho foi essencial para tornar o Brasil l\u00edder mundial na produ\u00e7\u00e3o de soja sem depend\u00eancia de fertilizantes qu\u00edmicos. Johanna consolidou uma filosofia de produ\u00e7\u00e3o agr\u00edcola baseada na sustentabilidade e inspirou novas gera\u00e7\u00f5es de cientistas, especialmente mulheres.<\/p>\n<h3 id=\"-13\"><\/h3>\n<h4 id=\"katemari-diogo-rosa\" style=\"text-align: center;\"><strong>Katemari Diogo Rosa<\/strong><\/h4>\n<p><img loading=\"lazy\" class=\"size-medium wp-image-2512 aligncenter\" src=\"https:\/\/revistacienciaecultura.org.br\/wp-content\/uploads\/2022\/06\/katemari-300x200.jpg\" alt=\"\" width=\"300\" height=\"200\" srcset=\"https:\/\/revistacienciaecultura.org.br\/wp-content\/uploads\/2022\/06\/katemari-300x200.jpg 300w, https:\/\/revistacienciaecultura.org.br\/wp-content\/uploads\/2022\/06\/katemari-768x512.jpg 768w, https:\/\/revistacienciaecultura.org.br\/wp-content\/uploads\/2022\/06\/katemari-18x12.jpg 18w, https:\/\/revistacienciaecultura.org.br\/wp-content\/uploads\/2022\/06\/katemari-800x533.jpg 800w, https:\/\/revistacienciaecultura.org.br\/wp-content\/uploads\/2022\/06\/katemari.jpg 810w\" sizes=\"(max-width: 300px) 100vw, 300px\" \/><\/p>\n<p>Professora da UFBA e doutora em educa\u00e7\u00e3o em ci\u00eancias pela Universidade de Columbia, atua na interse\u00e7\u00e3o entre ensino de f\u00edsica e quest\u00f5es de g\u00eanero, ra\u00e7a e sexualidade. Integra organiza\u00e7\u00f5es nacionais e internacionais que defendem a diversidade na ci\u00eancia.<\/p>\n<h3 id=\"-14\"><\/h3>\n<h4 id=\"lelia-gonzalez\" style=\"text-align: center;\"><strong>L\u00e9lia Gonzalez<\/strong><\/h4>\n<p><img loading=\"lazy\" class=\"size-full wp-image-2513 aligncenter\" src=\"https:\/\/revistacienciaecultura.org.br\/wp-content\/uploads\/2022\/06\/Lelia-Gonzalez-.jpeg\" alt=\"\" width=\"273\" height=\"185\" srcset=\"https:\/\/revistacienciaecultura.org.br\/wp-content\/uploads\/2022\/06\/Lelia-Gonzalez-.jpeg 273w, https:\/\/revistacienciaecultura.org.br\/wp-content\/uploads\/2022\/06\/Lelia-Gonzalez--18x12.jpeg 18w\" sizes=\"(max-width: 273px) 100vw, 273px\" \/><\/p>\n<p>Doutora em antropologia, foi uma das pioneiras nos estudos sobre cultura negra no Brasil. Fundadora do Instituto de Pesquisas das Culturas Negras do Rio de Janeiro, articulou o feminismo negro a partir de uma perspectiva afro-latino-americana, fundindo saberes como o candombl\u00e9, a filosofia e a psican\u00e1lise.<\/p>\n<h3 id=\"-15\"><\/h3>\n<h4 id=\"maria-da-conceicao-tavares\" style=\"text-align: center;\"><strong>Maria da Concei\u00e7\u00e3o Tavares<\/strong><\/h4>\n<figure id=\"attachment_8666\" aria-describedby=\"caption-attachment-8666\" style=\"width: 300px\" class=\"wp-caption aligncenter\"><img loading=\"lazy\" class=\"wp-image-8666 size-medium\" src=\"https:\/\/revistacienciaecultura.org.br\/wp-content\/uploads\/2025\/08\/Maria-Conceic\u0327a\u0303o-Tavares-300x200.jpeg\" alt=\"\" width=\"300\" height=\"200\" srcset=\"https:\/\/revistacienciaecultura.org.br\/wp-content\/uploads\/2025\/08\/Maria-Conceic\u0327a\u0303o-Tavares-300x200.jpeg 300w, https:\/\/revistacienciaecultura.org.br\/wp-content\/uploads\/2025\/08\/Maria-Conceic\u0327a\u0303o-Tavares-768x512.jpeg 768w, https:\/\/revistacienciaecultura.org.br\/wp-content\/uploads\/2025\/08\/Maria-Conceic\u0327a\u0303o-Tavares-18x12.jpeg 18w, https:\/\/revistacienciaecultura.org.br\/wp-content\/uploads\/2025\/08\/Maria-Conceic\u0327a\u0303o-Tavares-800x533.jpeg 800w, https:\/\/revistacienciaecultura.org.br\/wp-content\/uploads\/2025\/08\/Maria-Conceic\u0327a\u0303o-Tavares.jpeg 1024w\" sizes=\"(max-width: 300px) 100vw, 300px\" \/><figcaption id=\"caption-attachment-8666\" class=\"wp-caption-text\">\u00a0<\/figcaption><\/figure>\n<p>Nascida em Portugal, formou-se em matem\u00e1tica e, ap\u00f3s migrar para o Brasil em 1954, graduou-se em economia pela UFRJ. Economista rigorosa e influente, foi pioneira no debate sobre desigualdade social no Brasil. Atuou no BNDE e no Plano de Metas de Juscelino Kubitschek. \u00c9 considerada uma das maiores economistas do pa\u00eds, tendo formado v\u00e1rias gera\u00e7\u00f5es de economistas e influenciado o pensamento econ\u00f4mico cr\u00edtico brasileiro.<\/p>\n<h3 id=\"-16\"><\/h3>\n<h4 id=\"maria-jose-deane\" style=\"text-align: center;\"><strong>Maria Jos\u00e9 Deane\u00a0<\/strong><\/h4>\n<p><img loading=\"lazy\" class=\"size-full wp-image-2514 aligncenter\" src=\"https:\/\/revistacienciaecultura.org.br\/wp-content\/uploads\/2022\/06\/Maria-Jose\u0301-Deane-.jpeg\" alt=\"\" width=\"198\" height=\"255\" srcset=\"https:\/\/revistacienciaecultura.org.br\/wp-content\/uploads\/2022\/06\/Maria-Jose\u0301-Deane-.jpeg 198w, https:\/\/revistacienciaecultura.org.br\/wp-content\/uploads\/2022\/06\/Maria-Jose\u0301-Deane--9x12.jpeg 9w\" sizes=\"(max-width: 198px) 100vw, 198px\" \/><\/p>\n<p>M\u00e9dica parasit\u00f3loga, formou-se na Faculdade de Medicina e Cirurgia do Par\u00e1, em 1937, e viajou o Brasil estudando doen\u00e7as causadas por parasitas. Foi chefe do departamento de protozoologia da Fiocruz e na d\u00e9cada de 1980 e, mais tarde, vice-diretora da institui\u00e7\u00e3o. Suas pesquisas contribu\u00edram para a erradica\u00e7\u00e3o de epidemias causadas por parasita.<\/p>\n<h3 id=\"-17\"><\/h3>\n<h4 id=\"marcia-barbosa\" style=\"text-align: center;\"><strong>M\u00e1rcia Barbosa<\/strong><\/h4>\n<p><img loading=\"lazy\" class=\"size-medium wp-image-2515 aligncenter\" src=\"https:\/\/revistacienciaecultura.org.br\/wp-content\/uploads\/2022\/06\/marcia-barbosa-300x198.jpg\" alt=\"\" width=\"300\" height=\"198\" srcset=\"https:\/\/revistacienciaecultura.org.br\/wp-content\/uploads\/2022\/06\/marcia-barbosa-300x198.jpg 300w, https:\/\/revistacienciaecultura.org.br\/wp-content\/uploads\/2022\/06\/marcia-barbosa-768x507.jpg 768w, https:\/\/revistacienciaecultura.org.br\/wp-content\/uploads\/2022\/06\/marcia-barbosa-18x12.jpg 18w, https:\/\/revistacienciaecultura.org.br\/wp-content\/uploads\/2022\/06\/marcia-barbosa.jpg 800w\" sizes=\"(max-width: 300px) 100vw, 300px\" \/><\/p>\n<p>Diretora da Academia Brasileira de Ci\u00eancias (ABC), integrante da Academia Mundial de Ci\u00eancias, professora e pesquisadora do Instituto de F\u00edsica da Universidade Federal do Rio Grande do Sul (UFRGS). Especialista em estudos relacionados \u00e0 \u00e1gua, em 2020, foi eleita pela Forbes uma das 20 mulheres mais poderosas do Brasil.<\/p>\n<h3 id=\"-18\"><\/h3>\n<h4 id=\"margareth-dalcolmo\" style=\"text-align: center;\"><strong>Margareth Dalcolmo<\/strong><\/h4>\n<p><img loading=\"lazy\" class=\"size-medium wp-image-2516 aligncenter\" src=\"https:\/\/revistacienciaecultura.org.br\/wp-content\/uploads\/2022\/06\/margareth-300x274.jpg\" alt=\"\" width=\"300\" height=\"274\" srcset=\"https:\/\/revistacienciaecultura.org.br\/wp-content\/uploads\/2022\/06\/margareth-300x274.jpg 300w, https:\/\/revistacienciaecultura.org.br\/wp-content\/uploads\/2022\/06\/margareth-1024x934.jpg 1024w, https:\/\/revistacienciaecultura.org.br\/wp-content\/uploads\/2022\/06\/margareth-768x701.jpg 768w, https:\/\/revistacienciaecultura.org.br\/wp-content\/uploads\/2022\/06\/margareth-13x12.jpg 13w, https:\/\/revistacienciaecultura.org.br\/wp-content\/uploads\/2022\/06\/margareth-800x730.jpg 800w, https:\/\/revistacienciaecultura.org.br\/wp-content\/uploads\/2022\/06\/margareth.jpg 1140w\" sizes=\"(max-width: 300px) 100vw, 300px\" \/><\/p>\n<p>M\u00e9dica pneumologista, \u00e9 professora da PUC-Rio e pesquisadora da Fiocruz. Durante a pandemia, destacou-se em seu engajamento no combate as fake news e na divulga\u00e7\u00e3o de informa\u00e7\u00f5es sobre cuidados e vacina\u00e7\u00e3o.<\/p>\n<h3 id=\"-19\"><\/h3>\n<h4 id=\"maria-beatriz-do-nascimento\" style=\"text-align: center;\"><strong>Maria Beatriz do Nascimento\u00a0<\/strong><\/h4>\n<p><img loading=\"lazy\" class=\"size-full wp-image-2517 aligncenter\" src=\"https:\/\/revistacienciaecultura.org.br\/wp-content\/uploads\/2022\/06\/Maria-Beatriz-do-Nascimento-.jpeg\" alt=\"\" width=\"216\" height=\"233\" srcset=\"https:\/\/revistacienciaecultura.org.br\/wp-content\/uploads\/2022\/06\/Maria-Beatriz-do-Nascimento-.jpeg 216w, https:\/\/revistacienciaecultura.org.br\/wp-content\/uploads\/2022\/06\/Maria-Beatriz-do-Nascimento--11x12.jpeg 11w\" sizes=\"(max-width: 216px) 100vw, 216px\" \/><\/p>\n<p>Considerada uma das grandes pesquisadoras dos estudos \u00e9tnicos sobre o negro no pa\u00eds. Historiadora e ativista dos direitos humanos, Sua obra mais conhecida \u00e9 o document\u00e1rio Ori, de 1989.<\/p>\n<h3 id=\"-20\"><\/h3>\n<h4 id=\"mayana-zatz\" style=\"text-align: center;\"><strong>Mayana Zatz<\/strong><\/h4>\n<p><img loading=\"lazy\" class=\"size-medium wp-image-6364 aligncenter\" src=\"https:\/\/revistacienciaecultura.org.br\/wp-content\/uploads\/2024\/06\/Mayana-Zatz--225x300.jpg\" alt=\"\" width=\"225\" height=\"300\" srcset=\"https:\/\/revistacienciaecultura.org.br\/wp-content\/uploads\/2024\/06\/Mayana-Zatz--225x300.jpg 225w, https:\/\/revistacienciaecultura.org.br\/wp-content\/uploads\/2024\/06\/Mayana-Zatz--9x12.jpg 9w, https:\/\/revistacienciaecultura.org.br\/wp-content\/uploads\/2024\/06\/Mayana-Zatz-.jpg 516w\" sizes=\"(max-width: 225px) 100vw, 225px\" \/><\/p>\n<p>Refer\u00eancia na \u00e1rea da pesquisa em gen\u00e9tica humana, reconhecida mundialmente. Em 1981, fundou a Associa\u00e7\u00e3o Brasileira de Distrofia Muscular.<\/p>\n<h3 id=\"-21\"><\/h3>\n<h4 id=\"mellanie-fontes-dutra\" style=\"text-align: center;\"><strong>Mellanie Fontes-Dutra<\/strong><\/h4>\n<p><img loading=\"lazy\" class=\"size-full wp-image-2519 aligncenter\" src=\"https:\/\/revistacienciaecultura.org.br\/wp-content\/uploads\/2022\/06\/Mellanie-Fontes-Dutra.jpeg\" alt=\"\" width=\"225\" height=\"225\" srcset=\"https:\/\/revistacienciaecultura.org.br\/wp-content\/uploads\/2022\/06\/Mellanie-Fontes-Dutra.jpeg 225w, https:\/\/revistacienciaecultura.org.br\/wp-content\/uploads\/2022\/06\/Mellanie-Fontes-Dutra-150x150.jpeg 150w, https:\/\/revistacienciaecultura.org.br\/wp-content\/uploads\/2022\/06\/Mellanie-Fontes-Dutra-12x12.jpeg 12w, https:\/\/revistacienciaecultura.org.br\/wp-content\/uploads\/2022\/06\/Mellanie-Fontes-Dutra-80x80.jpeg 80w\" sizes=\"(max-width: 225px) 100vw, 225px\" \/><\/p>\n<p>Graduada em biomedicina pela Universidade Federal do Rio Grande do Sul (UFRGS), doutora em neuroci\u00eancia e p\u00f3s-doutora em bioqu\u00edmica. Com apenas 29 anos, organizou a Rede An\u00e1lise Covid-19, grupo formado por profissionais de diversas \u00e1reas que divulgam informa\u00e7\u00f5es cient\u00edficas para o enfrentamento \u00e0 Covid-19 em linguagem acess\u00edvel.<\/p>\n<h3 id=\"-22\"><\/h3>\n<h4 id=\"nadia-ayad\" style=\"text-align: center;\"><strong>Nadia Ayad<\/strong><\/h4>\n<p><img loading=\"lazy\" class=\"size-medium wp-image-2520 aligncenter\" src=\"https:\/\/revistacienciaecultura.org.br\/wp-content\/uploads\/2022\/06\/Nadia-Ayad-300x300.jpeg\" alt=\"\" width=\"300\" height=\"300\" srcset=\"https:\/\/revistacienciaecultura.org.br\/wp-content\/uploads\/2022\/06\/Nadia-Ayad-300x300.jpeg 300w, https:\/\/revistacienciaecultura.org.br\/wp-content\/uploads\/2022\/06\/Nadia-Ayad-150x150.jpeg 150w, https:\/\/revistacienciaecultura.org.br\/wp-content\/uploads\/2022\/06\/Nadia-Ayad-12x12.jpeg 12w, https:\/\/revistacienciaecultura.org.br\/wp-content\/uploads\/2022\/06\/Nadia-Ayad-80x80.jpeg 80w, https:\/\/revistacienciaecultura.org.br\/wp-content\/uploads\/2022\/06\/Nadia-Ayad.jpeg 550w\" sizes=\"(max-width: 300px) 100vw, 300px\" \/><\/p>\n<p>Formada em engenharia de materiais pelo Instituto Militar de Engenharia (IME), doutoranda em bioengenharia pela Universidade de Berkeley, nos Estados Unidos e l\u00edder da Funda\u00e7\u00e3o Estudar. Recebeu o pr\u00eamio internacional\u00a0<em>Global Graphene Challenge Competition\u00a0<\/em>por criar um mecanismo sustent\u00e1vel que torna a \u00e1gua pot\u00e1vel usando a dessaliniza\u00e7\u00e3o a partir do grafeno.<\/p>\n<h3 id=\"-23\"><\/h3>\n<h4 id=\"nise-da-silveira-1905-1999\" style=\"text-align: center;\">Nise da Silveira (1905-1999)<\/h4>\n<p><img loading=\"lazy\" class=\"size-medium wp-image-8227 aligncenter\" src=\"https:\/\/revistacienciaecultura.org.br\/wp-content\/uploads\/2025\/05\/nise-211x300.png\" alt=\"\" width=\"211\" height=\"300\" srcset=\"https:\/\/revistacienciaecultura.org.br\/wp-content\/uploads\/2025\/05\/nise-211x300.png 211w, https:\/\/revistacienciaecultura.org.br\/wp-content\/uploads\/2025\/05\/nise-8x12.png 8w, https:\/\/revistacienciaecultura.org.br\/wp-content\/uploads\/2025\/05\/nise.png 220w\" sizes=\"(max-width: 211px) 100vw, 211px\" \/><\/p>\n<p>Quando falamos em psiquiatria no Brasil, Nise da Silveira \u00e9 uma das primeiras pessoas lembradas. A alagoana, nascida na primeira d\u00e9cada do s\u00e9culo XX, desenvolveu um\u00a0trabalho primoroso na \u00e1rea da sa\u00fade mental, revolucionando e humanizando o tratamento dado aos pacientes com transtornos psiqui\u00e1tricos. Nos anos 40 foi m\u00e9dica no\u00a0Centro Psiqui\u00e1trico Nacional Pedro II, no Engenho de Dentro e aprofundou as pesquisas e tratamentos usando a\u00a0arte e o conv\u00edvio com animais (e tendo sucesso!) numa\u00a0\u00e9poca em que os m\u00e9todos utilizados em manic\u00f4mios eram violentos e invasivos.<\/p>\n<h3 id=\"-24\"><\/h3>\n<h4 id=\"simone-maia-evaristo\" style=\"text-align: center;\"><strong>Simone Maia Evaristo<\/strong><\/h4>\n<p><img loading=\"lazy\" class=\"size-medium wp-image-2522 aligncenter\" src=\"https:\/\/revistacienciaecultura.org.br\/wp-content\/uploads\/2022\/06\/Simone-Maia-Evaristo-300x200.jpeg\" alt=\"\" width=\"300\" height=\"200\" srcset=\"https:\/\/revistacienciaecultura.org.br\/wp-content\/uploads\/2022\/06\/Simone-Maia-Evaristo-300x200.jpeg 300w, https:\/\/revistacienciaecultura.org.br\/wp-content\/uploads\/2022\/06\/Simone-Maia-Evaristo-768x512.jpeg 768w, https:\/\/revistacienciaecultura.org.br\/wp-content\/uploads\/2022\/06\/Simone-Maia-Evaristo-18x12.jpeg 18w, https:\/\/revistacienciaecultura.org.br\/wp-content\/uploads\/2022\/06\/Simone-Maia-Evaristo-800x534.jpeg 800w, https:\/\/revistacienciaecultura.org.br\/wp-content\/uploads\/2022\/06\/Simone-Maia-Evaristo.jpeg 1000w\" sizes=\"(max-width: 300px) 100vw, 300px\" \/><\/p>\n<p>Bi\u00f3loga formada pela Universidade Gama Filho, no Rio de Janeiro, e especializada em Citologia Cl\u00ednica pela Universidade Federal do Rio de Janeiro (UFRJ). \u00c9 presidente da Associa\u00e7\u00e3o Nacional de Citotecnologia (Anacito) e supervisora na \u00e1rea de ensino t\u00e9cnico do Instituto Nacional do C\u00e2ncer (INCA).<\/p>\n<h3 id=\"-25\"><\/h3>\n<h4 id=\"sonia-guimaraes\" style=\"text-align: center;\"><strong>Sonia Guimar\u00e3es<\/strong><\/h4>\n<p><img loading=\"lazy\" class=\"size-medium wp-image-2523 aligncenter\" src=\"https:\/\/revistacienciaecultura.org.br\/wp-content\/uploads\/2022\/06\/Sonia-Guimara\u0303es-300x200.jpeg\" alt=\"\" width=\"300\" height=\"200\" srcset=\"https:\/\/revistacienciaecultura.org.br\/wp-content\/uploads\/2022\/06\/Sonia-Guimara\u0303es-300x200.jpeg 300w, https:\/\/revistacienciaecultura.org.br\/wp-content\/uploads\/2022\/06\/Sonia-Guimara\u0303es-1024x683.jpeg 1024w, https:\/\/revistacienciaecultura.org.br\/wp-content\/uploads\/2022\/06\/Sonia-Guimara\u0303es-768x512.jpeg 768w, https:\/\/revistacienciaecultura.org.br\/wp-content\/uploads\/2022\/06\/Sonia-Guimara\u0303es-1536x1024.jpeg 1536w, https:\/\/revistacienciaecultura.org.br\/wp-content\/uploads\/2022\/06\/Sonia-Guimara\u0303es-2048x1366.jpeg 2048w, https:\/\/revistacienciaecultura.org.br\/wp-content\/uploads\/2022\/06\/Sonia-Guimara\u0303es-18x12.jpeg 18w, https:\/\/revistacienciaecultura.org.br\/wp-content\/uploads\/2022\/06\/Sonia-Guimara\u0303es-800x533.jpeg 800w, https:\/\/revistacienciaecultura.org.br\/wp-content\/uploads\/2022\/06\/Sonia-Guimara\u0303es-1160x773.jpeg 1160w, https:\/\/revistacienciaecultura.org.br\/wp-content\/uploads\/2022\/06\/Sonia-Guimara\u0303es.jpeg 2560w\" sizes=\"(max-width: 300px) 100vw, 300px\" \/><\/p>\n<p>Primeira mulher negra doutora em f\u00edsica e tamb\u00e9m primeira mulher negra a lecionar no Instituto Tecnol\u00f3gico de Aeron\u00e1utica (ITA). \u00c9 ativista na luta contra o racismo e a discrimina\u00e7\u00e3o de g\u00eanero.<\/p>\n<h3 id=\"-26\"><\/h3>\n<h4 id=\"sonja-ashauer\" style=\"text-align: center;\"><strong>Sonja Ashauer<\/strong><\/h4>\n<p><img loading=\"lazy\" class=\"size-medium wp-image-2524 aligncenter\" src=\"https:\/\/revistacienciaecultura.org.br\/wp-content\/uploads\/2022\/06\/Sonja-Ashauer--300x300.jpeg\" alt=\"\" width=\"300\" height=\"300\" srcset=\"https:\/\/revistacienciaecultura.org.br\/wp-content\/uploads\/2022\/06\/Sonja-Ashauer--300x300.jpeg 300w, https:\/\/revistacienciaecultura.org.br\/wp-content\/uploads\/2022\/06\/Sonja-Ashauer--150x150.jpeg 150w, https:\/\/revistacienciaecultura.org.br\/wp-content\/uploads\/2022\/06\/Sonja-Ashauer--12x12.jpeg 12w, https:\/\/revistacienciaecultura.org.br\/wp-content\/uploads\/2022\/06\/Sonja-Ashauer--80x80.jpeg 80w, https:\/\/revistacienciaecultura.org.br\/wp-content\/uploads\/2022\/06\/Sonja-Ashauer-.jpeg 612w\" sizes=\"(max-width: 300px) 100vw, 300px\" \/><\/p>\n<p>Primeira mulher brasileira a concluir o doutorado em f\u00edsica pela Universidade de Cambridge, na Inglaterra. Pesquisou v\u00e1rios problemas relacionados \u00e0 mec\u00e2nica qu\u00e2ntica.<\/p>\n<h3 id=\"-27\"><\/h3>\n<h4 id=\"thelma-krug\" style=\"text-align: center;\"><strong>Thelma Krug<\/strong><\/h4>\n<p><img loading=\"lazy\" class=\"size-full wp-image-2525 aligncenter\" src=\"https:\/\/revistacienciaecultura.org.br\/wp-content\/uploads\/2022\/06\/Thelma-Krug.jpeg\" alt=\"\" width=\"279\" height=\"180\" srcset=\"https:\/\/revistacienciaecultura.org.br\/wp-content\/uploads\/2022\/06\/Thelma-Krug.jpeg 279w, https:\/\/revistacienciaecultura.org.br\/wp-content\/uploads\/2022\/06\/Thelma-Krug-18x12.jpeg 18w\" sizes=\"(max-width: 279px) 100vw, 279px\" \/><\/p>\n<p>Matem\u00e1tica, professora e pesquisadora com atua\u00e7\u00e3o na \u00e1rea de mudan\u00e7as clim\u00e1ticas. Pesquisadora aposentada do Instituto Nacional de Pesquisas Espaciais (Inpe) e vice-presidente do sigla em ingl\u00eas para o Painel Intergovernamental sobre Mudan\u00e7as Clim\u00e1ticas (IPCC), organiza\u00e7\u00e3o da ONU Graduou-se e fez mestrado na Roosevelt University, nos Estados Unidos, concluindo o doutorado em estat\u00edstica espacial pela Universidade de Sheffield, na Inglaterra.<\/p>\n<h3 id=\"-28\"><\/h3>\n<h4 id=\"vivian-miranda\" style=\"text-align: center;\"><strong>Vivian Miranda<\/strong><\/h4>\n<p><img loading=\"lazy\" class=\"size-medium wp-image-2526 aligncenter\" src=\"https:\/\/revistacienciaecultura.org.br\/wp-content\/uploads\/2022\/06\/Vivian-Miranda-266x300.jpeg\" alt=\"\" width=\"266\" height=\"300\" srcset=\"https:\/\/revistacienciaecultura.org.br\/wp-content\/uploads\/2022\/06\/Vivian-Miranda-266x300.jpeg 266w, https:\/\/revistacienciaecultura.org.br\/wp-content\/uploads\/2022\/06\/Vivian-Miranda-906x1024.jpeg 906w, https:\/\/revistacienciaecultura.org.br\/wp-content\/uploads\/2022\/06\/Vivian-Miranda-768x868.jpeg 768w, https:\/\/revistacienciaecultura.org.br\/wp-content\/uploads\/2022\/06\/Vivian-Miranda-1359x1536.jpeg 1359w, https:\/\/revistacienciaecultura.org.br\/wp-content\/uploads\/2022\/06\/Vivian-Miranda-11x12.jpeg 11w, https:\/\/revistacienciaecultura.org.br\/wp-content\/uploads\/2022\/06\/Vivian-Miranda-800x904.jpeg 800w, https:\/\/revistacienciaecultura.org.br\/wp-content\/uploads\/2022\/06\/Vivian-Miranda-1160x1311.jpeg 1160w, https:\/\/revistacienciaecultura.org.br\/wp-content\/uploads\/2022\/06\/Vivian-Miranda.jpeg 1770w\" sizes=\"(max-width: 266px) 100vw, 266px\" \/><\/p>\n<p>\u00danica brasileira a trabalhar em um projeto da Nasa para desenvolver um sat\u00e9lite avaliado em US$ 3,5 bilh\u00f5es (R$ 16,74 bilh\u00f5es). Graduada em f\u00edsica pela Universidade Federal do Rio de Janeiro (UFRJ) \u00e9 a primeira transexual a cursar p\u00f3s-doutorado em astrof\u00edsica na Universidade do Arizona (EUA), onde tamb\u00e9m \u00e9 pesquisadora.<\/p>\n<h3 id=\"-29\"><\/h3>\n<h4 id=\"viviane-dos-santos\" style=\"text-align: center;\"><strong>Viviane dos Santos<\/strong><\/h4>\n<p><img loading=\"lazy\" class=\"size-medium wp-image-2527 aligncenter\" src=\"https:\/\/revistacienciaecultura.org.br\/wp-content\/uploads\/2022\/06\/viviane-300x203.jpg\" alt=\"\" width=\"300\" height=\"203\" srcset=\"https:\/\/revistacienciaecultura.org.br\/wp-content\/uploads\/2022\/06\/viviane-300x203.jpg 300w, https:\/\/revistacienciaecultura.org.br\/wp-content\/uploads\/2022\/06\/viviane-18x12.jpg 18w, https:\/\/revistacienciaecultura.org.br\/wp-content\/uploads\/2022\/06\/viviane.jpg 400w\" sizes=\"(max-width: 300px) 100vw, 300px\" \/><\/p>\n<p>Desenvolveu um produto catalisador que reduz emiss\u00e3o de gases poluentes, recebendo premia\u00e7\u00e3o m\u00e1xima em 2010 em uma confer\u00eancia na Finl\u00e2ndia, onde concorreu com 800 pesquisadores. Estudou bioqu\u00edmica e engenharia qu\u00edmica na Delft University of Technology.<\/p>\n","protected":false},"excerpt":{"rendered":"Conhe\u00e7a algumas brasileiras brilhantes que contribu\u00edram para o desenvolvimento da ci\u00eancia em&hellip;\n","protected":false},"author":19,"featured_media":3065,"comment_status":"open","ping_status":"open","sticky":false,"template":"","format":"standard","meta":[],"categories":[1,2],"tags":[],"acf":[],"_links":{"self":[{"href":"https:\/\/revistacienciaecultura.org.br\/index.php?rest_route=\/wp\/v2\/posts\/8665"}],"collection":[{"href":"https:\/\/revistacienciaecultura.org.br\/index.php?rest_route=\/wp\/v2\/posts"}],"about":[{"href":"https:\/\/revistacienciaecultura.org.br\/index.php?rest_route=\/wp\/v2\/types\/post"}],"author":[{"embeddable":true,"href":"https:\/\/revistacienciaecultura.org.br\/index.php?rest_route=\/wp\/v2\/users\/19"}],"replies":[{"embeddable":true,"href":"https:\/\/revistacienciaecultura.org.br\/index.php?rest_route=%2Fwp%2Fv2%2Fcomments&post=8665"}],"version-history":[{"count":3,"href":"https:\/\/revistacienciaecultura.org.br\/index.php?rest_route=\/wp\/v2\/posts\/8665\/revisions"}],"predecessor-version":[{"id":8669,"href":"https:\/\/revistacienciaecultura.org.br\/index.php?rest_route=\/wp\/v2\/posts\/8665\/revisions\/8669"}],"wp:featuredmedia":[{"embeddable":true,"href":"https:\/\/revistacienciaecultura.org.br\/index.php?rest_route=\/wp\/v2\/media\/3065"}],"wp:attachment":[{"href":"https:\/\/revistacienciaecultura.org.br\/index.php?rest_route=%2Fwp%2Fv2%2Fmedia&parent=8665"}],"wp:term":[{"taxonomy":"category","embeddable":true,"href":"https:\/\/revistacienciaecultura.org.br\/index.php?rest_route=%2Fwp%2Fv2%2Fcategories&post=8665"},{"taxonomy":"post_tag","embeddable":true,"href":"https:\/\/revistacienciaecultura.org.br\/index.php?rest_route=%2Fwp%2Fv2%2Ftags&post=8665"}],"curies":[{"name":"wp","href":"https:\/\/api.w.org\/{rel}","templated":true}]}}