{"id":8681,"date":"2025-08-14T07:30:46","date_gmt":"2025-08-14T07:30:46","guid":{"rendered":"https:\/\/revistacienciaecultura.org.br\/?p=8681"},"modified":"2025-08-14T10:41:14","modified_gmt":"2025-08-14T10:41:14","slug":"arte-e-ecologia-em-tempos-de-crise-ambiental","status":"publish","type":"post","link":"https:\/\/revistacienciaecultura.org.br\/?p=8681","title":{"rendered":"Arte e ecologia em tempos de crise ambiental"},"content":{"rendered":"<h4 id=\"expressoes-artisticas-no-brasil-e-no-mundo-transformam-a-paisagem-urbana-denunciam-crimes-ambientais-e-criam-pontes-entre-cultura-natureza-e-ativismo\"><span style=\"color: #808080;\">Express\u00f5es art\u00edsticas no Brasil e no mundo transformam a paisagem urbana, denunciam crimes ambientais e criam pontes entre cultura, natureza e ativismo<\/span><\/h4>\n<p>&nbsp;<\/p>\n<p>As cores vibrantes de uma on\u00e7a-pintada saltam de uma parede no Boulevard Ol\u00edmpico, no Rio de Janeiro. A poucos metros do AquaRio, o mural de Seb\u00e1 Tapaj\u00f3s e Robson Sark \u00e9 mais do que arte urbana: \u00e9 um alerta. Ao lado da beleza ex\u00f3tica da biodiversidade amaz\u00f4nica, um QR code leva o p\u00fablico a dados sobre o avan\u00e7o do desmatamento, esp\u00e9cies amea\u00e7adas e os impactos da minera\u00e7\u00e3o. A floresta pintada clama por socorro \u2014 e o apelo \u00e9 feito com tinta, tra\u00e7o e urg\u00eancia.<\/p>\n<h6 id=\"figura-1-graffiti-sobre-amazonia-no-boulevard-olimpico-foto-seba-tapajos-robson-sark-wwf-brasil-reproducao\" style=\"text-align: center;\"><img loading=\"lazy\" class=\"aligncenter wp-image-8682\" src=\"https:\/\/revistacienciaecultura.org.br\/wp-content\/uploads\/2025\/08\/mural-300x255.jpg\" alt=\"\" width=\"500\" height=\"424\" srcset=\"https:\/\/revistacienciaecultura.org.br\/wp-content\/uploads\/2025\/08\/mural-300x255.jpg 300w, https:\/\/revistacienciaecultura.org.br\/wp-content\/uploads\/2025\/08\/mural-1024x869.jpg 1024w, https:\/\/revistacienciaecultura.org.br\/wp-content\/uploads\/2025\/08\/mural-768x652.jpg 768w, https:\/\/revistacienciaecultura.org.br\/wp-content\/uploads\/2025\/08\/mural-14x12.jpg 14w, https:\/\/revistacienciaecultura.org.br\/wp-content\/uploads\/2025\/08\/mural-800x679.jpg 800w, https:\/\/revistacienciaecultura.org.br\/wp-content\/uploads\/2025\/08\/mural-1160x984.jpg 1160w, https:\/\/revistacienciaecultura.org.br\/wp-content\/uploads\/2025\/08\/mural.jpg 1280w\" sizes=\"(max-width: 500px) 100vw, 500px\" \/><br \/>\n<strong>Figura 1. Graffiti sobre Amaz\u00f4nia no Boulevard Ol\u00edmpico.<br \/>\n<\/strong>(Foto: Seb\u00e1 Tapaj\u00f3s \/ Robson Sark \/ WWF-Brasil. Reprodu\u00e7\u00e3o)<\/h6>\n<p>&nbsp;<\/p>\n<p>Essa obra \u00e9 um exemplo potente de um movimento crescente que atravessa museus, ruas e bienais: a arte ecol\u00f3gica. No Brasil e no mundo, artistas transformam suas obras em formas de den\u00fancia e resist\u00eancia diante das amea\u00e7as ambientais que se intensificam no s\u00e9culo XXI. A arte deixa de apenas representar a natureza e passa a atuar diretamente na sua defesa.<\/p>\n<p>&nbsp;<\/p>\n<h4 id=\"a-arte-como-alerta-murais-grafites-e-instalacoes-contra-a-devastacao\"><strong>A arte como alerta: murais, grafites e instala\u00e7\u00f5es contra a devasta\u00e7\u00e3o<\/strong><\/h4>\n<p>Nas cidades brasileiras, murais e grafites t\u00eam sido usados como ferramentas visuais de den\u00fancia. Obras como \u201c<em>Amaz\u00f4nia em Chamas\u201d<\/em>, do artista Pandro Nob\u00e3, retratam o impacto das queimadas em Rond\u00f4nia e o caos clim\u00e1tico em expans\u00e3o. Em S\u00e3o Paulo, a instala\u00e7\u00e3o \u201c<em>Rampant\u201de<\/em>, exibida na 12\u00aa Bienal de Arquitetura, utilizou gr\u00e1ficos de varia\u00e7\u00f5es clim\u00e1ticas para transformar dados cient\u00edficos em experi\u00eancia sensorial e cr\u00edtica social.<\/p>\n<h6 id=\"figura-2-mural-faz-alerta-sobre-a-destruicao-do-bioma-amazonia-foto-rainer-almeida-noticias-da-amazonia-reproducao\" style=\"text-align: center;\"><img loading=\"lazy\" class=\"aligncenter wp-image-8683\" src=\"https:\/\/revistacienciaecultura.org.br\/wp-content\/uploads\/2025\/08\/Amazonia-em-chamas-300x170.jpg\" alt=\"\" width=\"500\" height=\"283\" srcset=\"https:\/\/revistacienciaecultura.org.br\/wp-content\/uploads\/2025\/08\/Amazonia-em-chamas-300x170.jpg 300w, https:\/\/revistacienciaecultura.org.br\/wp-content\/uploads\/2025\/08\/Amazonia-em-chamas-768x435.jpg 768w, https:\/\/revistacienciaecultura.org.br\/wp-content\/uploads\/2025\/08\/Amazonia-em-chamas-18x10.jpg 18w, https:\/\/revistacienciaecultura.org.br\/wp-content\/uploads\/2025\/08\/Amazonia-em-chamas-800x454.jpg 800w, https:\/\/revistacienciaecultura.org.br\/wp-content\/uploads\/2025\/08\/Amazonia-em-chamas.jpg 926w\" sizes=\"(max-width: 500px) 100vw, 500px\" \/><br \/>\n<strong>Figura 2. Mural faz alerta sobre a destrui\u00e7\u00e3o do bioma Amaz\u00f4nia.<br \/>\n<\/strong>(Foto: Rainer Almeida\/ Not\u00edcias da Amaz\u00f4nia. Reprodu\u00e7\u00e3o)<\/h6>\n<p>&nbsp;<\/p>\n<p>Essas manifesta\u00e7\u00f5es n\u00e3o apenas embelezam espa\u00e7os urbanos, mas tamb\u00e9m provocam reflex\u00f5es sobre a crise ambiental, conectando ecologia e est\u00e9tica de maneira visceral. Al\u00e9m da den\u00fancia, muitos artistas adotam pr\u00e1ticas sustent\u00e1veis em seus processos criativos, utilizando materiais reciclados ou org\u00e2nicos como forma de alinhamento \u00e9tico e simb\u00f3lico com a causa ambiental.<\/p>\n<p>&nbsp;<\/p>\n<h4 id=\"arte-ecologica-o-ativismo-que-pulsa-entre-galhos-raizes-e-pigmentos-naturais\"><strong>Arte ecol\u00f3gica: o ativismo que pulsa entre galhos, ra\u00edzes e pigmentos naturais<\/strong><\/h4>\n<p>Mais do que um g\u00eanero art\u00edstico, a arte ecol\u00f3gica \u00e9 uma pr\u00e1tica pol\u00edtica e \u00e9tica. Ela busca promover a consci\u00eancia ambiental por meio de interven\u00e7\u00f5es que exploram a rela\u00e7\u00e3o entre natureza, sociedade e cultura. Suas manifesta\u00e7\u00f5es s\u00e3o diversas \u2014 v\u00e3o da escultura \u00e0 performance, do mural urbano \u00e0s instala\u00e7\u00f5es em espa\u00e7os naturais.<\/p>\n<p>No Brasil, essa corrente encontrou em Frans Krajcberg um de seus expoentes mais engajados. Polon\u00eas naturalizado brasileiro, Krajcberg dedicou seis d\u00e9cadas a denunciar a devasta\u00e7\u00e3o das florestas tropicais. Suas esculturas feitas com \u00e1rvores calcinadas, troncos queimados e cip\u00f3s recolhidos em \u00e1reas destru\u00eddas s\u00e3o testemunhos viscerais da destrui\u00e7\u00e3o ambiental \u2014 e tamb\u00e9m um chamado \u00e0 resist\u00eancia. Em 2017, pouco antes de sua morte, Krajcberg doou seu acervo ao governo da Bahia, transformando sua casa em Nova Vi\u00e7osa no Museu do Ambiente.<\/p>\n<p>&nbsp;<\/p>\n<h4 id=\"a-arte-ecologica-nao-so-representa-a-natureza-ela-a-defende-a-denuncia-e-a-reinventa\" style=\"text-align: center;\"><span style=\"color: #800000;\"><em>\u201cA arte ecol\u00f3gica n\u00e3o s\u00f3 representa a natureza \u2014 ela a defende, a denuncia e a reinventa.\u201d<\/em><\/span><\/h4>\n<p>&nbsp;<\/p>\n<p>Outros nomes brasileiros se destacam por fundir arte e ativismo ecol\u00f3gico. Ernesto Neto cria instala\u00e7\u00f5es sensoriais com tecidos, plantas e especiarias, provocando uma reconex\u00e3o entre corpo e ambiente. N\u00e9le Azevedo congela pequenas esculturas de gelo que derretem em espa\u00e7os p\u00fablicos, simbolizando a fragilidade clim\u00e1tica. Guga Ferraz, com interven\u00e7\u00f5es urbanas feitas de lixo reciclado, questiona o consumo e prop\u00f5e novas formas de pensar o espa\u00e7o urbano. J\u00e1 Tunga, com sua po\u00e9tica singular, traz elementos da natureza para explorar a liga\u00e7\u00e3o entre psique e paisagem.<\/p>\n<p>&nbsp;<\/p>\n<h4 id=\"uma-arte-que-ultrapassa-fronteiras-da-land-art-a-ecoarte-global\"><strong>Uma arte que ultrapassa fronteiras: da land art \u00e0 ecoarte global<\/strong><\/h4>\n<p>No cen\u00e1rio internacional, nomes como Agnes Denes, Andy Goldsworthy, Olafur Eliasson e Chris Jordan ampliam os limites da arte ecol\u00f3gica. Denes plantou um campo de trigo em plena Manhattan para denunciar o contraste entre natureza e urbaniza\u00e7\u00e3o; Goldsworthy constr\u00f3i esculturas ef\u00eameras com folhas e pedras, que se integram ao ciclo natural de eros\u00e3o; Eliasson cria instala\u00e7\u00f5es interativas com luz, vento e \u00e1gua para refletir sobre o papel do ser humano nas mudan\u00e7as clim\u00e1ticas.<\/p>\n<p>Esse tipo de arte tem ra\u00edzes hist\u00f3ricas na <em>land art<\/em> dos anos 1960 e na <em>arte povera<\/em> italiana, que incorporavam materiais naturais e contestavam o sistema mercantil da arte. A proposta dessas correntes n\u00e3o era apenas est\u00e9tica, mas pol\u00edtica: trazer o meio ambiente para o centro da cria\u00e7\u00e3o art\u00edstica, tanto como tema quanto como mat\u00e9ria-prima.<\/p>\n<p>&nbsp;<\/p>\n<h4 id=\"estetica-e-etica-quando-o-ativismo-se-torna-arte-publica\"><strong>Est\u00e9tica e \u00e9tica: quando o ativismo se torna arte p\u00fablica<\/strong><\/h4>\n<p>A arte ecol\u00f3gica \u00e9 tamb\u00e9m uma ferramenta de engajamento coletivo. Murais, instala\u00e7\u00f5es e performances t\u00eam a capacidade de despertar a empatia do p\u00fablico ao criar experi\u00eancias sens\u00edveis sobre temas muitas vezes tratados de forma abstrata. A imagem da on\u00e7a-pintada amea\u00e7ada, por exemplo, humaniza estat\u00edsticas alarmantes sobre perda de biodiversidade. O impacto visual provoca reflex\u00e3o \u2014 e, em alguns casos, a\u00e7\u00e3o.<\/p>\n<p>&nbsp;<\/p>\n<h4 id=\"em-tempos-de-emergencia-climatica-a-arte-pode-ser-o-grito-que-falta-para-despertar-consciencias\" style=\"text-align: center;\"><span style=\"color: #800000;\"><em>\u201cEm tempos de emerg\u00eancia clim\u00e1tica, a arte pode ser o grito que falta para despertar consci\u00eancias.\u201d<\/em><\/span><\/h4>\n<p>&nbsp;<\/p>\n<p>Em tempos de emerg\u00eancia clim\u00e1tica, a arte torna-se um canal potente de express\u00e3o cr\u00edtica e mobiliza\u00e7\u00e3o social. Ela revela o que os n\u00fameros escondem, traduz a ci\u00eancia em emo\u00e7\u00e3o e transforma o espa\u00e7o p\u00fablico em palco para o debate ecol\u00f3gico. \u00c9 tamb\u00e9m um lembrete de que proteger a natureza \u00e9, antes de tudo, uma escolha cultural \u2014 e que a beleza pode ser uma forma de resist\u00eancia.<\/p>\n<p>&nbsp;<\/p>\n<h4 id=\"entre-denuncia-e-encantamento-o-legado-de-uma-arte-viva\"><strong>Entre den\u00fancia e encantamento: o legado de uma arte viva<\/strong><\/h4>\n<p>Do grafite nos muros do Rio \u00e0 escultura no leito de um rio europeu, da instala\u00e7\u00e3o que alerta sobre o degelo polar \u00e0 pintura que homenageia os guardi\u00f5es da floresta, a arte ecol\u00f3gica segue desafiando os limites da cria\u00e7\u00e3o e do ativismo. Seus protagonistas \u2014 artistas, curadores, cientistas e cidad\u00e3os \u2014 compartilham um mesmo impulso: transformar o mundo atrav\u00e9s da arte e da consci\u00eancia.<\/p>\n<p>Em um planeta amea\u00e7ado por crises ambientais, talvez seja pela sensibilidade est\u00e9tica \u2014 e n\u00e3o apenas pela racionalidade t\u00e9cnica \u2014 que consigamos reconectar o humano \u00e0 natureza. Porque, como nos lembra Frans Krajcberg, \u201ca arte \u00e9 o grito mais forte que posso dar pela vida\u201d.<\/p>\n<p>&nbsp;<\/p>\n<h6 id=\"capa-frans-krajcberg-usava-restos-de-troncos-de-florestas-desmatadas-e-raizes-carbonizados-por-queimadas-para-fazer-suas-escultas-e-denunciar-a-devastacao-foto-divulgacao\"><strong>Capa. Frans Krajcberg usava restos de troncos de florestas desmatadas e ra\u00edzes carbonizados por queimadas para fazer suas escultas e denunciar a devasta\u00e7\u00e3o.<br \/>\n<\/strong>(Foto: Divulga\u00e7\u00e3o)<\/h6>\n","protected":false},"excerpt":{"rendered":"Express\u00f5es art\u00edsticas no Brasil e no mundo transformam a paisagem urbana, denunciam&hellip;\n","protected":false},"author":19,"featured_media":8684,"comment_status":"open","ping_status":"open","sticky":false,"template":"","format":"standard","meta":[],"categories":[1,2],"tags":[],"acf":[],"_links":{"self":[{"href":"https:\/\/revistacienciaecultura.org.br\/index.php?rest_route=\/wp\/v2\/posts\/8681"}],"collection":[{"href":"https:\/\/revistacienciaecultura.org.br\/index.php?rest_route=\/wp\/v2\/posts"}],"about":[{"href":"https:\/\/revistacienciaecultura.org.br\/index.php?rest_route=\/wp\/v2\/types\/post"}],"author":[{"embeddable":true,"href":"https:\/\/revistacienciaecultura.org.br\/index.php?rest_route=\/wp\/v2\/users\/19"}],"replies":[{"embeddable":true,"href":"https:\/\/revistacienciaecultura.org.br\/index.php?rest_route=%2Fwp%2Fv2%2Fcomments&post=8681"}],"version-history":[{"count":2,"href":"https:\/\/revistacienciaecultura.org.br\/index.php?rest_route=\/wp\/v2\/posts\/8681\/revisions"}],"predecessor-version":[{"id":8787,"href":"https:\/\/revistacienciaecultura.org.br\/index.php?rest_route=\/wp\/v2\/posts\/8681\/revisions\/8787"}],"wp:featuredmedia":[{"embeddable":true,"href":"https:\/\/revistacienciaecultura.org.br\/index.php?rest_route=\/wp\/v2\/media\/8684"}],"wp:attachment":[{"href":"https:\/\/revistacienciaecultura.org.br\/index.php?rest_route=%2Fwp%2Fv2%2Fmedia&parent=8681"}],"wp:term":[{"taxonomy":"category","embeddable":true,"href":"https:\/\/revistacienciaecultura.org.br\/index.php?rest_route=%2Fwp%2Fv2%2Fcategories&post=8681"},{"taxonomy":"post_tag","embeddable":true,"href":"https:\/\/revistacienciaecultura.org.br\/index.php?rest_route=%2Fwp%2Fv2%2Ftags&post=8681"}],"curies":[{"name":"wp","href":"https:\/\/api.w.org\/{rel}","templated":true}]}}