{"id":8713,"date":"2025-08-05T07:30:21","date_gmt":"2025-08-05T07:30:21","guid":{"rendered":"https:\/\/revistacienciaecultura.org.br\/?p=8713"},"modified":"2025-08-23T10:31:04","modified_gmt":"2025-08-23T10:31:04","slug":"participe-da-pesquisa-nacional-vozes-territorios-e-o-futuro-da-ciencia-brasileira","status":"publish","type":"post","link":"https:\/\/revistacienciaecultura.org.br\/?p=8713","title":{"rendered":"Participe da \u2018Pesquisa Nacional: Vozes, Territ\u00f3rios e o Futuro da Ci\u00eancia Brasileira\u2019"},"content":{"rendered":"<h4 id=\"por-meio-de-um-formulario-online-a-pesquisa-busca-fortalecer-os-espacos-de-participacao-ampliar-a-presenca-da-sbpc-nos-territorios-e-dar-voz-a-pluralidade-que-compoe-a-comunidade-cientifica-e-educac\"><span style=\"color: #808080;\">Por meio de um formul\u00e1rio online, a pesquisa busca fortalecer os espa\u00e7os de participa\u00e7\u00e3o, ampliar a presen\u00e7a da SBPC nos territ\u00f3rios e dar voz \u00e0 pluralidade que comp\u00f5e a comunidade cient\u00edfica e educacional<\/span><\/h4>\n<p>&nbsp;<\/p>\n<p>\u201cA SBPC est\u00e1 come\u00e7ando um novo ciclo, e queremos ouvir as pessoas. Lan\u00e7amos uma pesquisa para entender melhor quem faz parte da nossa comunidade, onde estamos, quais os desafios que enfrentamos e o que esperamos para evolu\u00e7\u00e3o da ci\u00eancia no Brasil\u201d, explica a vice-presidente da entidade, Francilene Garcia.<\/p>\n<p>Garcia aproveita para convidar as pessoas a participarem. \u201c\u00c9 um formul\u00e1rio simples, r\u00e1pido e muito importante. A participa\u00e7\u00e3o de cada um vai nos ajudar a tornar a SBPC mais representativa, presente nos territ\u00f3rios e conectada com as reais demandas da ci\u00eancia brasileira. Venham com a gente!\u201d<\/p>\n<p>Para responder a pesquisa, basta acessar este link:\u00a0<strong><span style=\"color: #800000;\"><a style=\"color: #800000;\" href=\"https:\/\/bit.ly\/pesquisaSBPC\" target=\"_blank\" rel=\"noopener\">https:\/\/bit.ly\/pesquisaSBPC<\/a><\/span><\/strong>.<\/p>\n<p><span style=\"color: #808080;\"><em>Jornal da Ci\u00eancia<\/em><\/span><\/p>\n","protected":false},"excerpt":{"rendered":"Por meio de um formul\u00e1rio online, a pesquisa busca fortalecer os espa\u00e7os&hellip;\n","protected":false},"author":19,"featured_media":8714,"comment_status":"open","ping_status":"open","sticky":false,"template":"","format":"standard","meta":[],"categories":[1,2],"tags":[],"acf":[],"_links":{"self":[{"href":"https:\/\/revistacienciaecultura.org.br\/index.php?rest_route=\/wp\/v2\/posts\/8713"}],"collection":[{"href":"https:\/\/revistacienciaecultura.org.br\/index.php?rest_route=\/wp\/v2\/posts"}],"about":[{"href":"https:\/\/revistacienciaecultura.org.br\/index.php?rest_route=\/wp\/v2\/types\/post"}],"author":[{"embeddable":true,"href":"https:\/\/revistacienciaecultura.org.br\/index.php?rest_route=\/wp\/v2\/users\/19"}],"replies":[{"embeddable":true,"href":"https:\/\/revistacienciaecultura.org.br\/index.php?rest_route=%2Fwp%2Fv2%2Fcomments&post=8713"}],"version-history":[{"count":1,"href":"https:\/\/revistacienciaecultura.org.br\/index.php?rest_route=\/wp\/v2\/posts\/8713\/revisions"}],"predecessor-version":[{"id":8715,"href":"https:\/\/revistacienciaecultura.org.br\/index.php?rest_route=\/wp\/v2\/posts\/8713\/revisions\/8715"}],"wp:featuredmedia":[{"embeddable":true,"href":"https:\/\/revistacienciaecultura.org.br\/index.php?rest_route=\/wp\/v2\/media\/8714"}],"wp:attachment":[{"href":"https:\/\/revistacienciaecultura.org.br\/index.php?rest_route=%2Fwp%2Fv2%2Fmedia&parent=8713"}],"wp:term":[{"taxonomy":"category","embeddable":true,"href":"https:\/\/revistacienciaecultura.org.br\/index.php?rest_route=%2Fwp%2Fv2%2Fcategories&post=8713"},{"taxonomy":"post_tag","embeddable":true,"href":"https:\/\/revistacienciaecultura.org.br\/index.php?rest_route=%2Fwp%2Fv2%2Ftags&post=8713"}],"curies":[{"name":"wp","href":"https:\/\/api.w.org\/{rel}","templated":true}]}}