{"id":8717,"date":"2025-08-07T10:33:00","date_gmt":"2025-08-07T10:33:00","guid":{"rendered":"https:\/\/revistacienciaecultura.org.br\/?p=8717"},"modified":"2025-08-07T10:36:01","modified_gmt":"2025-08-07T10:36:01","slug":"cem-anos-de-fisica-quantica","status":"publish","type":"post","link":"https:\/\/revistacienciaecultura.org.br\/?p=8717","title":{"rendered":"Cem anos de f\u00edsica qu\u00e2ntica"},"content":{"rendered":"<h4 id=\"voce-pode-baixar-a-nova-edicao-da-revista-ciencia-cultura-em-pdf-ou-ler-em-flipbook\"><span style=\"color: #808080;\">Voc\u00ea pode baixar a nova edi\u00e7\u00e3o da revista Ci\u00eancia &amp; Cultura em PDF ou ler em Flipbook<\/span><\/h4>\n<p>&nbsp;<\/p>\n<p>Ao completar cem anos, a f\u00edsica qu\u00e2ntica se afirma como uma das maiores revolu\u00e7\u00f5es cient\u00edficas da humanidade \u2014 n\u00e3o apenas por desafiar a l\u00f3gica cl\u00e1ssica, mas por sustentar tecnologias indispens\u00e1veis \u00e0 vida moderna. Muito al\u00e9m dos laborat\u00f3rios, seus princ\u00edpios est\u00e3o presentes em GPS, smartphones, exames de imagem e at\u00e9 na ilumina\u00e7\u00e3o LED. O que parecia uma teoria abstrata sobre \u00e1tomos e part\u00edculas se tornou a engrenagem invis\u00edvel de uma era tecnol\u00f3gica.<\/p>\n<p>Essa revolu\u00e7\u00e3o come\u00e7ou no in\u00edcio do s\u00e9culo XX, quando cientistas como Max Planck, Niels Bohr, Albert Einstein e Erwin Schr\u00f6dinger revelaram um universo contraintuitivo, onde part\u00edculas existem em v\u00e1rios estados ao mesmo tempo, e o acaso \u00e9 t\u00e3o real quanto as leis da f\u00edsica. Foi o nascimento de uma nova forma de pensar, que substituiu certezas absolutas por probabilidades e intera\u00e7\u00f5es sutis, abrindo caminho para descobertas que transformariam o mundo.<\/p>\n<p>A edi\u00e7\u00e3o especial da revista <span style=\"color: #800000;\"><strong><a style=\"color: #800000;\" href=\"https:\/\/revistacienciaecultura.org.br\/\">Ci\u00eancia &amp; Cultura<\/a><\/strong><\/span> celebra o Ano Internacional da Ci\u00eancia e das Tecnologias Qu\u00e2nticas, destacando como essa teoria centen\u00e1ria continua na vanguarda. A chamada \u201csegunda revolu\u00e7\u00e3o qu\u00e2ntica\u201d j\u00e1 est\u00e1 em curso, impulsionando a computa\u00e7\u00e3o qu\u00e2ntica, a cria\u00e7\u00e3o de novos materiais e sistemas de comunica\u00e7\u00e3o ultra-seguros. S\u00e3o inova\u00e7\u00f5es com potencial para resolver problemas complexos, da medicina personalizada \u00e0 seguran\u00e7a digital.<\/p>\n<p>\u201cO surgimento da teoria qu\u00e2ntica foi um dos avan\u00e7os mais revolucion\u00e1rios criados pela ci\u00eancia\u201d, afirmam os f\u00edsicos Ildeu de Castro Moreira (UFRJ) e Antonio Augusto Passos Videira (UERJ) no editorial da publica\u00e7\u00e3o. A revista est\u00e1 dispon\u00edvel gratuitamente em formato flipbook ou para download em PDF. Uma leitura essencial para quem deseja entender como o futuro \u2014 e o presente \u2014 est\u00e3o sendo moldados pelas leis do mundo qu\u00e2ntico.<\/p>\n<h4 id=\"leia-aqui-a-versao-em-flipbook\" style=\"text-align: center;\"><a href=\"https:\/\/online.fliphtml5.com\/bybrx\/qzvs\/\" target=\"_blank\" rel=\"noopener\"><span style=\"color: #800000;\">Leia aqui a vers\u00e3o em Flipbook!<\/span><\/a><\/h4>\n<p><a href=\"https:\/\/online.fliphtml5.com\/bybrx\/qzvs\/\" target=\"_blank\" rel=\"noopener\"><img loading=\"lazy\" class=\"size-medium wp-image-8719 aligncenter\" src=\"https:\/\/revistacienciaecultura.org.br\/wp-content\/uploads\/2025\/08\/Capa-CC-2E25-212x300.jpg\" alt=\"\" width=\"212\" height=\"300\" srcset=\"https:\/\/revistacienciaecultura.org.br\/wp-content\/uploads\/2025\/08\/Capa-CC-2E25-212x300.jpg 212w, https:\/\/revistacienciaecultura.org.br\/wp-content\/uploads\/2025\/08\/Capa-CC-2E25-724x1024.jpg 724w, https:\/\/revistacienciaecultura.org.br\/wp-content\/uploads\/2025\/08\/Capa-CC-2E25-768x1086.jpg 768w, https:\/\/revistacienciaecultura.org.br\/wp-content\/uploads\/2025\/08\/Capa-CC-2E25-1086x1536.jpg 1086w, https:\/\/revistacienciaecultura.org.br\/wp-content\/uploads\/2025\/08\/Capa-CC-2E25-8x12.jpg 8w, https:\/\/revistacienciaecultura.org.br\/wp-content\/uploads\/2025\/08\/Capa-CC-2E25-800x1132.jpg 800w, https:\/\/revistacienciaecultura.org.br\/wp-content\/uploads\/2025\/08\/Capa-CC-2E25-1160x1641.jpg 1160w, https:\/\/revistacienciaecultura.org.br\/wp-content\/uploads\/2025\/08\/Capa-CC-2E25.jpg 1414w\" sizes=\"(max-width: 212px) 100vw, 212px\" \/><\/a><\/p>\n<p>&nbsp;<\/p>\n<h4 id=\"baixe-aqui-a-versao-em-pdf\" style=\"text-align: center;\"><a href=\"https:\/\/drive.google.com\/file\/d\/1crk5jSvgF8LUGQhq5jj8rELo-R4Za23K\/view?usp=sharing\" target=\"_blank\" rel=\"noopener\"><span style=\"color: #800000;\">Baixe aqui a vers\u00e3o em PDF!<\/span><\/a><\/h4>\n<p><a href=\"https:\/\/drive.google.com\/file\/d\/1crk5jSvgF8LUGQhq5jj8rELo-R4Za23K\/view?usp=sharing\" target=\"_blank\" rel=\"noopener\"><img loading=\"lazy\" class=\"size-medium wp-image-8719 aligncenter\" src=\"https:\/\/revistacienciaecultura.org.br\/wp-content\/uploads\/2025\/08\/Capa-CC-2E25-212x300.jpg\" alt=\"\" width=\"212\" height=\"300\" srcset=\"https:\/\/revistacienciaecultura.org.br\/wp-content\/uploads\/2025\/08\/Capa-CC-2E25-212x300.jpg 212w, https:\/\/revistacienciaecultura.org.br\/wp-content\/uploads\/2025\/08\/Capa-CC-2E25-724x1024.jpg 724w, https:\/\/revistacienciaecultura.org.br\/wp-content\/uploads\/2025\/08\/Capa-CC-2E25-768x1086.jpg 768w, https:\/\/revistacienciaecultura.org.br\/wp-content\/uploads\/2025\/08\/Capa-CC-2E25-1086x1536.jpg 1086w, https:\/\/revistacienciaecultura.org.br\/wp-content\/uploads\/2025\/08\/Capa-CC-2E25-8x12.jpg 8w, https:\/\/revistacienciaecultura.org.br\/wp-content\/uploads\/2025\/08\/Capa-CC-2E25-800x1132.jpg 800w, https:\/\/revistacienciaecultura.org.br\/wp-content\/uploads\/2025\/08\/Capa-CC-2E25-1160x1641.jpg 1160w, https:\/\/revistacienciaecultura.org.br\/wp-content\/uploads\/2025\/08\/Capa-CC-2E25.jpg 1414w\" sizes=\"(max-width: 212px) 100vw, 212px\" \/><\/a><\/p>\n<h6 id=\"capa-freepik-reproducao\">Capa. Freepik. Reprodu\u00e7\u00e3o<\/h6>\n","protected":false},"excerpt":{"rendered":"Voc\u00ea pode baixar a nova edi\u00e7\u00e3o da revista Ci\u00eancia &amp; Cultura em&hellip;\n","protected":false},"author":19,"featured_media":8718,"comment_status":"open","ping_status":"open","sticky":false,"template":"","format":"standard","meta":[],"categories":[1,2],"tags":[],"acf":[],"_links":{"self":[{"href":"https:\/\/revistacienciaecultura.org.br\/index.php?rest_route=\/wp\/v2\/posts\/8717"}],"collection":[{"href":"https:\/\/revistacienciaecultura.org.br\/index.php?rest_route=\/wp\/v2\/posts"}],"about":[{"href":"https:\/\/revistacienciaecultura.org.br\/index.php?rest_route=\/wp\/v2\/types\/post"}],"author":[{"embeddable":true,"href":"https:\/\/revistacienciaecultura.org.br\/index.php?rest_route=\/wp\/v2\/users\/19"}],"replies":[{"embeddable":true,"href":"https:\/\/revistacienciaecultura.org.br\/index.php?rest_route=%2Fwp%2Fv2%2Fcomments&post=8717"}],"version-history":[{"count":3,"href":"https:\/\/revistacienciaecultura.org.br\/index.php?rest_route=\/wp\/v2\/posts\/8717\/revisions"}],"predecessor-version":[{"id":8722,"href":"https:\/\/revistacienciaecultura.org.br\/index.php?rest_route=\/wp\/v2\/posts\/8717\/revisions\/8722"}],"wp:featuredmedia":[{"embeddable":true,"href":"https:\/\/revistacienciaecultura.org.br\/index.php?rest_route=\/wp\/v2\/media\/8718"}],"wp:attachment":[{"href":"https:\/\/revistacienciaecultura.org.br\/index.php?rest_route=%2Fwp%2Fv2%2Fmedia&parent=8717"}],"wp:term":[{"taxonomy":"category","embeddable":true,"href":"https:\/\/revistacienciaecultura.org.br\/index.php?rest_route=%2Fwp%2Fv2%2Fcategories&post=8717"},{"taxonomy":"post_tag","embeddable":true,"href":"https:\/\/revistacienciaecultura.org.br\/index.php?rest_route=%2Fwp%2Fv2%2Ftags&post=8717"}],"curies":[{"name":"wp","href":"https:\/\/api.w.org\/{rel}","templated":true}]}}