{"id":8742,"date":"2025-08-11T08:00:06","date_gmt":"2025-08-11T08:00:06","guid":{"rendered":"https:\/\/revistacienciaecultura.org.br\/?p=8742"},"modified":"2025-08-08T13:30:49","modified_gmt":"2025-08-08T13:30:49","slug":"cidades-sertao-e-mudancas-climaticas","status":"publish","type":"post","link":"https:\/\/revistacienciaecultura.org.br\/?p=8742","title":{"rendered":"Cidades, sert\u00e3o e mudan\u00e7as clim\u00e1ticas"},"content":{"rendered":"<h4 id=\"municipios-brasileiros-nao-possuem-ferramentas-de-planejamento-para-implementar-acoes-adequadas-de-adaptacao-climatica\"><span style=\"color: #808080;\">Munic\u00edpios brasileiros n\u00e3o possuem ferramentas de planejamento para implementar a\u00e7\u00f5es adequadas de adapta\u00e7\u00e3o clim\u00e1tica.<\/span><\/h4>\n<p><em>\u00a0<\/em><\/p>\n<p><strong>\u00a0<\/strong><\/p>\n<p>\u00c9 preocupante o cen\u00e1rio da gest\u00e3o p\u00fablica brasileira em v\u00e1rios aspectos. Por\u00e9m, quando nos damos conta que boa parte dos munic\u00edpios brasileiros s\u00e3o de pequeno porte, cerca de 73% do quantitativo tem entre 10 mil e 20 mil habitantes,<sup>[i]<\/sup> at\u00e9 10 mil habitantes representa 44,8% do total, significando cerca de 12 milh\u00f5es de habitantes, totalizando 6,3% da popula\u00e7\u00e3o brasileira;<sup>[ii]<\/sup> verificamos que as tarefas \u00e9 complexa e depende de preparo e investimentos adequados. A <strong>Figura 1<\/strong> representa bem essa distribui\u00e7\u00e3o populacional por munic\u00edpio de forma concentrada nas m\u00e9dias e grandes cidades.<\/p>\n<h6 id=\"figura-1-dados-do-censo-de-2022-atestando-a-distribuicao-populacionalfonte-ibge-iii1\" style=\"text-align: center;\"><img loading=\"lazy\" class=\"aligncenter wp-image-8744\" src=\"https:\/\/revistacienciaecultura.org.br\/wp-content\/uploads\/2025\/08\/CC-3E25-opinia\u0303o-Cidades-e-serta\u0303o-e-mudanc\u0327as-clima\u0301ticas-figura1-300x256.jpg\" alt=\"\" width=\"600\" height=\"512\" srcset=\"https:\/\/revistacienciaecultura.org.br\/wp-content\/uploads\/2025\/08\/CC-3E25-opinia\u0303o-Cidades-e-serta\u0303o-e-mudanc\u0327as-clima\u0301ticas-figura1-300x256.jpg 300w, https:\/\/revistacienciaecultura.org.br\/wp-content\/uploads\/2025\/08\/CC-3E25-opinia\u0303o-Cidades-e-serta\u0303o-e-mudanc\u0327as-clima\u0301ticas-figura1-1024x873.jpg 1024w, https:\/\/revistacienciaecultura.org.br\/wp-content\/uploads\/2025\/08\/CC-3E25-opinia\u0303o-Cidades-e-serta\u0303o-e-mudanc\u0327as-clima\u0301ticas-figura1-768x655.jpg 768w, https:\/\/revistacienciaecultura.org.br\/wp-content\/uploads\/2025\/08\/CC-3E25-opinia\u0303o-Cidades-e-serta\u0303o-e-mudanc\u0327as-clima\u0301ticas-figura1-14x12.jpg 14w, https:\/\/revistacienciaecultura.org.br\/wp-content\/uploads\/2025\/08\/CC-3E25-opinia\u0303o-Cidades-e-serta\u0303o-e-mudanc\u0327as-clima\u0301ticas-figura1-800x682.jpg 800w, https:\/\/revistacienciaecultura.org.br\/wp-content\/uploads\/2025\/08\/CC-3E25-opinia\u0303o-Cidades-e-serta\u0303o-e-mudanc\u0327as-clima\u0301ticas-figura1.jpg 1133w\" sizes=\"(max-width: 600px) 100vw, 600px\" \/><br \/>\n<strong>Figura 1. Dados do Censo de 2022 atestando a distribui\u00e7\u00e3o populacional<br \/>\n<\/strong>(Fonte: IBGE <sup>[iii]<\/sup>)<sup>[1]<\/sup><\/h6>\n<p>&nbsp;<\/p>\n<p>Esse panorama repercute igualmente no Nordeste, pois temos muitos munic\u00edpios e uma distribui\u00e7\u00e3o irregular da popula\u00e7\u00e3o entre eles, havendo uma concentra\u00e7\u00e3o notadamente nos m\u00e9dios e grandes munic\u00edpios, geralmente as capitais ou cidades polo como Caruaru, Campina Grande, Petrolina, Mossor\u00f3, entre outras. Outro indicador preocupante, para al\u00e9m da concentra\u00e7\u00e3o da popula\u00e7\u00e3o no Nordeste, especialmente na regi\u00e3o semi\u00e1rida, s\u00e3o as pol\u00edticas p\u00fablicas consideradas estruturantes, dentre elas o saneamento b\u00e1sico, notadamente o esgotamento sanit\u00e1rio, coleta e tratamento de esgoto. Os dados no \u00faltimo censo (<strong>Figura 2<\/strong>) apontam para um panorama ainda muito ruim no semi\u00e1rido nordestino.<\/p>\n<h6 id=\"figura-2-dados-de-conexao-ao-sistema-de-esgotofonte-ibge-iv\" style=\"text-align: center;\"><img loading=\"lazy\" class=\"aligncenter wp-image-8745\" src=\"https:\/\/revistacienciaecultura.org.br\/wp-content\/uploads\/2025\/08\/CC-3E25-opinia\u0303o-Cidades-e-serta\u0303o-e-mudanc\u0327as-clima\u0301ticas-figura2-300x214.jpg\" alt=\"\" width=\"600\" height=\"428\" srcset=\"https:\/\/revistacienciaecultura.org.br\/wp-content\/uploads\/2025\/08\/CC-3E25-opinia\u0303o-Cidades-e-serta\u0303o-e-mudanc\u0327as-clima\u0301ticas-figura2-300x214.jpg 300w, https:\/\/revistacienciaecultura.org.br\/wp-content\/uploads\/2025\/08\/CC-3E25-opinia\u0303o-Cidades-e-serta\u0303o-e-mudanc\u0327as-clima\u0301ticas-figura2-1024x731.jpg 1024w, https:\/\/revistacienciaecultura.org.br\/wp-content\/uploads\/2025\/08\/CC-3E25-opinia\u0303o-Cidades-e-serta\u0303o-e-mudanc\u0327as-clima\u0301ticas-figura2-768x548.jpg 768w, https:\/\/revistacienciaecultura.org.br\/wp-content\/uploads\/2025\/08\/CC-3E25-opinia\u0303o-Cidades-e-serta\u0303o-e-mudanc\u0327as-clima\u0301ticas-figura2-18x12.jpg 18w, https:\/\/revistacienciaecultura.org.br\/wp-content\/uploads\/2025\/08\/CC-3E25-opinia\u0303o-Cidades-e-serta\u0303o-e-mudanc\u0327as-clima\u0301ticas-figura2-800x571.jpg 800w, https:\/\/revistacienciaecultura.org.br\/wp-content\/uploads\/2025\/08\/CC-3E25-opinia\u0303o-Cidades-e-serta\u0303o-e-mudanc\u0327as-clima\u0301ticas-figura2-1160x828.jpg 1160w, https:\/\/revistacienciaecultura.org.br\/wp-content\/uploads\/2025\/08\/CC-3E25-opinia\u0303o-Cidades-e-serta\u0303o-e-mudanc\u0327as-clima\u0301ticas-figura2.jpg 1479w\" sizes=\"(max-width: 600px) 100vw, 600px\" \/><br \/>\n<strong>Figura 2. Dados de conex\u00e3o ao sistema de esgoto<br \/>\n<\/strong>(Fonte: IBGE <sup>[iv]<\/sup>)<\/h6>\n<p>&nbsp;<\/p>\n<p>O Nordeste brasileiro tem uma popula\u00e7\u00e3o rural que chega \u00e0 cifra de 12 milh\u00f5es de habitantes e boa parte dessa ainda n\u00e3o possui saneamento b\u00e1sico, especialmente coleta e tratamento de esgoto. Esse \u00e9 um dado importante que deve ser considerado quando analisamos o n\u00edvel de resili\u00eancia <sup>[v]<\/sup> de uma dada regi\u00e3o. A priori, o semi\u00e1rido brasileiro possui condi\u00e7\u00f5es clim\u00e1ticas e uma vegeta\u00e7\u00e3o que aponta para dificuldades que podem ser potencializadas com o processo de mudan\u00e7as clim\u00e1ticas. Al\u00e9m disso, \u00e9 importante reconhecer o n\u00edvel de risco para secas a que os nossos munic\u00edpios do sert\u00e3o semi\u00e1rido est\u00e3o expostos, como podemos encontrar na <strong>Figura 3<\/strong> extra\u00edda do Adapta Brasil, do Minist\u00e9rio da Ci\u00eancia e Tecnologia e Inova\u00e7\u00e3o (MCTI).<sup>[vi]<\/sup><\/p>\n<h6 id=\"figura-3-indice-de-risco-de-impacto-para-secafonte-mcti-plataforma-adapta-brasil-vii\" style=\"text-align: center;\"><img loading=\"lazy\" class=\"aligncenter wp-image-8746\" src=\"https:\/\/revistacienciaecultura.org.br\/wp-content\/uploads\/2025\/08\/CC-3E25-opinia\u0303o-Cidades-e-serta\u0303o-e-mudanc\u0327as-clima\u0301ticas-figura3-298x300.jpg\" alt=\"\" width=\"596\" height=\"600\" srcset=\"https:\/\/revistacienciaecultura.org.br\/wp-content\/uploads\/2025\/08\/CC-3E25-opinia\u0303o-Cidades-e-serta\u0303o-e-mudanc\u0327as-clima\u0301ticas-figura3-298x300.jpg 298w, https:\/\/revistacienciaecultura.org.br\/wp-content\/uploads\/2025\/08\/CC-3E25-opinia\u0303o-Cidades-e-serta\u0303o-e-mudanc\u0327as-clima\u0301ticas-figura3-1018x1024.jpg 1018w, https:\/\/revistacienciaecultura.org.br\/wp-content\/uploads\/2025\/08\/CC-3E25-opinia\u0303o-Cidades-e-serta\u0303o-e-mudanc\u0327as-clima\u0301ticas-figura3-150x150.jpg 150w, https:\/\/revistacienciaecultura.org.br\/wp-content\/uploads\/2025\/08\/CC-3E25-opinia\u0303o-Cidades-e-serta\u0303o-e-mudanc\u0327as-clima\u0301ticas-figura3-768x773.jpg 768w, https:\/\/revistacienciaecultura.org.br\/wp-content\/uploads\/2025\/08\/CC-3E25-opinia\u0303o-Cidades-e-serta\u0303o-e-mudanc\u0327as-clima\u0301ticas-figura3-12x12.jpg 12w, https:\/\/revistacienciaecultura.org.br\/wp-content\/uploads\/2025\/08\/CC-3E25-opinia\u0303o-Cidades-e-serta\u0303o-e-mudanc\u0327as-clima\u0301ticas-figura3-80x80.jpg 80w, https:\/\/revistacienciaecultura.org.br\/wp-content\/uploads\/2025\/08\/CC-3E25-opinia\u0303o-Cidades-e-serta\u0303o-e-mudanc\u0327as-clima\u0301ticas-figura3-800x805.jpg 800w, https:\/\/revistacienciaecultura.org.br\/wp-content\/uploads\/2025\/08\/CC-3E25-opinia\u0303o-Cidades-e-serta\u0303o-e-mudanc\u0327as-clima\u0301ticas-figura3.jpg 1145w\" sizes=\"(max-width: 596px) 100vw, 596px\" \/><br \/>\n<strong>Figura 3. \u00cdndice de risco de Impacto para Seca<br \/>\n<\/strong>(Fonte: MCTI, plataforma Adapta Brasil <sup>[vii]<\/sup>)<\/h6>\n<p>&nbsp;<\/p>\n<p>Dessa forma, boa parte dos munic\u00edpios do semi\u00e1rido brasileiro est\u00e1 inclu\u00edda em uma zona de risco de seca. Esse \u00e9 um ponto cujo conhecimento est\u00e1 consolidado. Entretanto, \u00e9 preciso pensar em termos de adapta\u00e7\u00e3o, indicando-se o n\u00edvel de capacidade adaptativa regional. Adapta\u00e7\u00e3o est\u00e1 relacionada com processos sociais e t\u00e9cnicos linkados com \u00e0 mudan\u00e7a do clima sendo o processo de ajuste de sistemas naturais e humanos ao comportamento do clima no presente e no futuro e seus efeitos, segundo o Painel Intergovernamental sobre Mudan\u00e7a do Clima da ONU (IPCC).<sup>[viii]<\/sup> Di Giulio, Martins e Lemos (2016)<sup>[2]<\/sup> apontam que adapta\u00e7\u00e3o \u00e9 compreendida como processos de ajustamentos para antecipar impactos adversos das mudan\u00e7as clim\u00e1ticas que resultam na redu\u00e7\u00e3o da vulnerabilidade.<\/p>\n<p>&nbsp;<\/p>\n<h4 id=\"o-semiarido-brasileiro-possui-condicoes-climaticas-e-uma-vegetacao-que-apontam-para-dificuldades-que-podem-ser-potencializadas-com-o-processo-de-mudancas-climaticas\" style=\"text-align: center;\"><span style=\"color: #800000;\"><em>\u201cO semi\u00e1rido brasileiro possui condi\u00e7\u00f5es clim\u00e1ticas e uma vegeta\u00e7\u00e3o que apontam para dificuldades que podem ser potencializadas com o processo de mudan\u00e7as clim\u00e1ticas.\u201d<\/em><\/span><\/h4>\n<p>&nbsp;<\/p>\n<p>A vulnerabilidade \u00e9 uma vari\u00e1vel importante para entendermos o desenho da repercuss\u00e3o clim\u00e1tica frente \u00e0s caracter\u00edsticas socioecol\u00f3gicas e econ\u00f4micas. Isso \u00e9 fundamental para planejarmos a\u00e7\u00f5es espec\u00edficos em regi\u00f5es como o semi\u00e1rido nordestino. Segundo Obermaier e Rosa (2013),<sup>[3]<\/sup> a vulnerabilidade est\u00e1 ligada \u00e0s iniquidades na distribui\u00e7\u00e3o de recursos e de acesso, ao controle que indiv\u00edduos conseguem fazer sobre escolhas e oportunidades, e padr\u00f5es hist\u00f3ricos de marginaliza\u00e7\u00e3o e domina\u00e7\u00e3o social. Portanto, \u00e9 preciso contextualizar as condi\u00e7\u00f5es locais e regionais para que a\u00e7\u00f5es espec\u00edficas para adapta\u00e7\u00e3o clim\u00e1tica possam acontecer.<\/p>\n<p>A plataforma Adapta do MCTI traz outro \u00edndice que consideramos de import\u00e2ncia para a constru\u00e7\u00e3o desse panorama das mudan\u00e7as clim\u00e1ticas no sert\u00e3o semi\u00e1rido. A <strong>Figura 4<\/strong> traz o \u00cdndice de Capacidade Adaptativa,<sup>[ix]<\/sup> composto com tr\u00eas subeixos planejamento e gest\u00e3o de risco para recursos h\u00eddricos, capacidade de abastecimento e reserva\u00e7\u00e3o de \u00e1gua e a capacidade socioecon\u00f4mica familiar.<\/p>\n<h6 id=\"figura-4-indice-de-capacidade-adaptativafonte-plataforma-adapta-brasil-no-mcti-https-sistema-adaptabrasil-mcti-gov-br\" style=\"text-align: center;\"><img loading=\"lazy\" class=\"aligncenter wp-image-8747\" src=\"https:\/\/revistacienciaecultura.org.br\/wp-content\/uploads\/2025\/08\/CC-3E25-opinia\u0303o-Cidades-e-serta\u0303o-e-mudanc\u0327as-clima\u0301ticas-figura4-298x300.jpg\" alt=\"\" width=\"595\" height=\"600\" srcset=\"https:\/\/revistacienciaecultura.org.br\/wp-content\/uploads\/2025\/08\/CC-3E25-opinia\u0303o-Cidades-e-serta\u0303o-e-mudanc\u0327as-clima\u0301ticas-figura4-298x300.jpg 298w, https:\/\/revistacienciaecultura.org.br\/wp-content\/uploads\/2025\/08\/CC-3E25-opinia\u0303o-Cidades-e-serta\u0303o-e-mudanc\u0327as-clima\u0301ticas-figura4-1016x1024.jpg 1016w, https:\/\/revistacienciaecultura.org.br\/wp-content\/uploads\/2025\/08\/CC-3E25-opinia\u0303o-Cidades-e-serta\u0303o-e-mudanc\u0327as-clima\u0301ticas-figura4-150x150.jpg 150w, https:\/\/revistacienciaecultura.org.br\/wp-content\/uploads\/2025\/08\/CC-3E25-opinia\u0303o-Cidades-e-serta\u0303o-e-mudanc\u0327as-clima\u0301ticas-figura4-768x774.jpg 768w, https:\/\/revistacienciaecultura.org.br\/wp-content\/uploads\/2025\/08\/CC-3E25-opinia\u0303o-Cidades-e-serta\u0303o-e-mudanc\u0327as-clima\u0301ticas-figura4-12x12.jpg 12w, https:\/\/revistacienciaecultura.org.br\/wp-content\/uploads\/2025\/08\/CC-3E25-opinia\u0303o-Cidades-e-serta\u0303o-e-mudanc\u0327as-clima\u0301ticas-figura4-80x80.jpg 80w, https:\/\/revistacienciaecultura.org.br\/wp-content\/uploads\/2025\/08\/CC-3E25-opinia\u0303o-Cidades-e-serta\u0303o-e-mudanc\u0327as-clima\u0301ticas-figura4-800x806.jpg 800w, https:\/\/revistacienciaecultura.org.br\/wp-content\/uploads\/2025\/08\/CC-3E25-opinia\u0303o-Cidades-e-serta\u0303o-e-mudanc\u0327as-clima\u0301ticas-figura4.jpg 1122w\" sizes=\"(max-width: 595px) 100vw, 595px\" \/><br \/>\n<strong>Figura 4. \u00cdndice de Capacidade Adaptativa<br \/>\n<\/strong>(Fonte: Plataforma Adapta Brasil no MCTI, <a href=\"https:\/\/sistema.adaptabrasil.mcti.gov.br\/\">https:\/\/sistema.adaptabrasil.mcti.gov.br\/<\/a>)<\/h6>\n<p>&nbsp;<\/p>\n<p>A conclus\u00e3o que a plataforma traz \u00e9 a evidente falta de planejamento que compromete o n\u00edvel de exig\u00eancia que se busca para efetiva\u00e7\u00e3o de a\u00e7\u00f5es que aumentem o patamar de adapta\u00e7\u00e3o clim\u00e1tica, transformando os munic\u00edpios em territ\u00f3rios mais resilientes. A <strong>Figura 5<\/strong> traz apenas uma das dimens\u00f5es abordadas especificamente em rela\u00e7\u00e3o ao n\u00edvel de implementa\u00e7\u00e3o e articula\u00e7\u00e3o do plano municipal de saneamento b\u00e1sico.<sup>[x]<\/sup><\/p>\n<h6 id=\"figura-5-nivel-de-implementacao-e-articulacao-do-plano-municipal-de-saneamento-basico-fonte-plataforma-adapta-brasil-no-mcti-https-sistema-adaptabrasil-mcti-gov-br\" style=\"text-align: center;\"><img loading=\"lazy\" class=\"aligncenter wp-image-8748\" src=\"https:\/\/revistacienciaecultura.org.br\/wp-content\/uploads\/2025\/08\/CC-3E25-opinia\u0303o-Cidades-e-serta\u0303o-e-mudanc\u0327as-clima\u0301ticas-figura5-298x300.jpg\" alt=\"\" width=\"595\" height=\"600\" srcset=\"https:\/\/revistacienciaecultura.org.br\/wp-content\/uploads\/2025\/08\/CC-3E25-opinia\u0303o-Cidades-e-serta\u0303o-e-mudanc\u0327as-clima\u0301ticas-figura5-298x300.jpg 298w, https:\/\/revistacienciaecultura.org.br\/wp-content\/uploads\/2025\/08\/CC-3E25-opinia\u0303o-Cidades-e-serta\u0303o-e-mudanc\u0327as-clima\u0301ticas-figura5-1016x1024.jpg 1016w, https:\/\/revistacienciaecultura.org.br\/wp-content\/uploads\/2025\/08\/CC-3E25-opinia\u0303o-Cidades-e-serta\u0303o-e-mudanc\u0327as-clima\u0301ticas-figura5-150x150.jpg 150w, https:\/\/revistacienciaecultura.org.br\/wp-content\/uploads\/2025\/08\/CC-3E25-opinia\u0303o-Cidades-e-serta\u0303o-e-mudanc\u0327as-clima\u0301ticas-figura5-768x774.jpg 768w, https:\/\/revistacienciaecultura.org.br\/wp-content\/uploads\/2025\/08\/CC-3E25-opinia\u0303o-Cidades-e-serta\u0303o-e-mudanc\u0327as-clima\u0301ticas-figura5-12x12.jpg 12w, https:\/\/revistacienciaecultura.org.br\/wp-content\/uploads\/2025\/08\/CC-3E25-opinia\u0303o-Cidades-e-serta\u0303o-e-mudanc\u0327as-clima\u0301ticas-figura5-80x80.jpg 80w, https:\/\/revistacienciaecultura.org.br\/wp-content\/uploads\/2025\/08\/CC-3E25-opinia\u0303o-Cidades-e-serta\u0303o-e-mudanc\u0327as-clima\u0301ticas-figura5-800x806.jpg 800w, https:\/\/revistacienciaecultura.org.br\/wp-content\/uploads\/2025\/08\/CC-3E25-opinia\u0303o-Cidades-e-serta\u0303o-e-mudanc\u0327as-clima\u0301ticas-figura5.jpg 1039w\" sizes=\"(max-width: 595px) 100vw, 595px\" \/><br \/>\n<strong>Figura 5. N\u00edvel de Implementa\u00e7\u00e3o e Articula\u00e7\u00e3o do Plano Municipal de Saneamento B\u00e1sico.<br \/>\n<\/strong>Fonte: Plataforma Adapta Brasil no MCTI, <a href=\"https:\/\/sistema.adaptabrasil.mcti.gov.br\/\">https:\/\/sistema.adaptabrasil.mcti.gov.br\/<\/a><\/h6>\n<p>&nbsp;<\/p>\n<p>Esse quadro tamb\u00e9m n\u00e3o \u00e9 bom quando se vai para outras dimens\u00f5es dentro de Planejamento, como a Ades\u00e3o ao Programa Cidades Resilientes,<sup>[xi]<\/sup> a Programas ou a\u00e7\u00f5es de preven\u00e7\u00e3o e combate \u00e0 seca, <sup>[xii]<\/sup> e Investimento per capita em Pol\u00edticas de Adapta\u00e7\u00e3o e Infraestrutura para Prote\u00e7\u00e3o Ambiental. \u00c9 importante destacar tamb\u00e9m que o N\u00edvel de Atua\u00e7\u00e3o em Comit\u00eas de Bacia tamb\u00e9m \u00e9 baixo,<sup>[xiii]<\/sup> isso demonstra que \u00e9 preciso melhorar a capacidade de articula\u00e7\u00e3o e inser\u00e7\u00e3o da agenda da adapta\u00e7\u00e3o no \u00e2mbito das pol\u00edticas clim\u00e1ticas locais e regionais.<\/p>\n<p>&nbsp;<\/p>\n<h4 id=\"boa-parte-dos-municipios-do-semiarido-brasileiro-esta-incluido-em-uma-zona-de-risco-de-seca\" style=\"text-align: center;\"><span style=\"color: #800000;\"><em>\u201cBoa parte dos munic\u00edpios do semi\u00e1rido brasileiro est\u00e1 inclu\u00eddo em uma zona de risco de seca.\u201d<\/em><\/span><\/h4>\n<p>&nbsp;<\/p>\n<p>O Centro Nacional de Monitoramento e Alertas de Desastres Naturais em relat\u00f3rio emitido em 2021 <sup>[4]<\/sup> j\u00e1 apontava a necessidade de um Sistema de Defesa Civil robusto no Nordeste, considerando que s\u00e3o recorrentes os decretos de reconhecimento de calamidade p\u00fablica, especialmente em virtude de estiagens, como aponta a <strong>Figura 6<\/strong> extra\u00edda do aludido relat\u00f3rio.<\/p>\n<h6 id=\"figura-6-reconhecimentos-de-calamidades-publicas-no-semiarido-nordestinofonte-brasil-2021\" style=\"text-align: center;\"><img loading=\"lazy\" class=\"aligncenter wp-image-8749\" src=\"https:\/\/revistacienciaecultura.org.br\/wp-content\/uploads\/2025\/08\/CC-3E25-opinia\u0303o-Cidades-e-serta\u0303o-e-mudanc\u0327as-clima\u0301ticas-figura6-300x218.jpg\" alt=\"\" width=\"600\" height=\"435\" srcset=\"https:\/\/revistacienciaecultura.org.br\/wp-content\/uploads\/2025\/08\/CC-3E25-opinia\u0303o-Cidades-e-serta\u0303o-e-mudanc\u0327as-clima\u0301ticas-figura6-300x218.jpg 300w, https:\/\/revistacienciaecultura.org.br\/wp-content\/uploads\/2025\/08\/CC-3E25-opinia\u0303o-Cidades-e-serta\u0303o-e-mudanc\u0327as-clima\u0301ticas-figura6-1024x743.jpg 1024w, https:\/\/revistacienciaecultura.org.br\/wp-content\/uploads\/2025\/08\/CC-3E25-opinia\u0303o-Cidades-e-serta\u0303o-e-mudanc\u0327as-clima\u0301ticas-figura6-768x557.jpg 768w, https:\/\/revistacienciaecultura.org.br\/wp-content\/uploads\/2025\/08\/CC-3E25-opinia\u0303o-Cidades-e-serta\u0303o-e-mudanc\u0327as-clima\u0301ticas-figura6-18x12.jpg 18w, https:\/\/revistacienciaecultura.org.br\/wp-content\/uploads\/2025\/08\/CC-3E25-opinia\u0303o-Cidades-e-serta\u0303o-e-mudanc\u0327as-clima\u0301ticas-figura6-800x581.jpg 800w, https:\/\/revistacienciaecultura.org.br\/wp-content\/uploads\/2025\/08\/CC-3E25-opinia\u0303o-Cidades-e-serta\u0303o-e-mudanc\u0327as-clima\u0301ticas-figura6-1160x842.jpg 1160w, https:\/\/revistacienciaecultura.org.br\/wp-content\/uploads\/2025\/08\/CC-3E25-opinia\u0303o-Cidades-e-serta\u0303o-e-mudanc\u0327as-clima\u0301ticas-figura6.jpg 1495w\" sizes=\"(max-width: 600px) 100vw, 600px\" \/><br \/>\n<strong>Figura 6. Reconhecimentos de calamidades p\u00fablicas no semi\u00e1rido nordestino<br \/>\n<\/strong>(Fonte: Brasil, 2021)<\/h6>\n<p>&nbsp;<\/p>\n<p>Entre 2013 e 2020, grande parte dos munic\u00edpios de pequeno porte expediu decretos de calamidade p\u00fablica, apontando para a fragilidade socioecon\u00f4mica desses munic\u00edpios em atuar plenamente em processo de resolu\u00e7\u00e3o dos efeitos de desastres, necessitando do aporte de recursos da Uni\u00e3o e dos Estados. Geralmente esses munic\u00edpios t\u00eam arrecada\u00e7\u00e3o pr\u00f3pria baixa, dependendo da reparti\u00e7\u00e3o tribut\u00e1ria atrav\u00e9s do Fundo de Participa\u00e7\u00e3o. Na <strong>Figura 6,<\/strong> \u00e9 poss\u00edvel verificar partes mais escuras que s\u00e3o cidades que decretaram situa\u00e7\u00e3o de calamidade p\u00fablica. Os desastres entre 1995 e 2019 representaram perdas financeiras de 140,6 bilh\u00f5es para o Nordeste.<sup>[4]<\/sup><\/p>\n<p>As defesas civis do Nordeste, especialmente do semi\u00e1rido, padecem da falta de estrutura m\u00ednima para seu funcionamento, a exemplo de recursos humanos em n\u00famero condizendo \u00e0s necessidades, falta de aloca\u00e7\u00e3o adequada no organograma administrativo do munic\u00edpio, boa parte n\u00e3o possui nem viatura para realiza\u00e7\u00e3o das atividades b\u00e1sica, parte n\u00e3o possui or\u00e7amento pr\u00f3prio, enfim, falta, na verdade, uma pol\u00edtica p\u00fablica adequada.<\/p>\n<p>&nbsp;<\/p>\n<h4 id=\"alguns-apontamentos-finais-iniciais\"><strong>Alguns apontamentos finais\/iniciais <\/strong><\/h4>\n<p>Esse artigo de opini\u00e3o teve como escopo chamar a aten\u00e7\u00e3o a necessidade urgente de planejamento focado em resultados que possam ser traduzidos em uma maior capacidade adaptativa por parte de cidades j\u00e1 inseridas em um contexto de vulnerabilidade estrutura, cuja vari\u00e1vel clim\u00e1tica est\u00e1 presente desde sempre como um obst\u00e1culo a ser superado, ou melhor, a ser tratado se forma mais focada em processos de adapta\u00e7\u00e3o clim\u00e1tica.<\/p>\n<p>&nbsp;<\/p>\n<h4 id=\"nossos-municipios-via-de-regra-nao-estao-preparados-e-nao-possuem-ferramentas-de-planejamento-a-curto-medio-e-longo-prazo-para-implementar-acoes-adequadas-de-adaptacao-climatica\" style=\"text-align: center;\"><span style=\"color: #800000;\"><em>\u201cNossos munic\u00edpios, via de regra, n\u00e3o est\u00e3o preparados e n\u00e3o possuem ferramentas de planejamento a curto, m\u00e9dio e longo prazo para implementar a\u00e7\u00f5es adequadas de adapta\u00e7\u00e3o clim\u00e1tica.\u201d<\/em><\/span><\/h4>\n<p>&nbsp;<\/p>\n<p>Os nossos munic\u00edpios, via de regra, n\u00e3o est\u00e3o preparados e n\u00e3o possuem ferramentas de planejamento a curto, m\u00e9dio e longo prazo para implementar a\u00e7\u00f5es adequadas de adapta\u00e7\u00e3o clim\u00e1tica, agindo muito mais para \u201capagar inc\u00eandios\u201d quando os desastres acontecem. Da\u00ed, sempre as cenas se repetem, seja de enchentes em regi\u00f5es semi\u00e1ridas do Nordeste e da escassez como premissa do nosso Nordeste.<\/p>\n<p>Na verdade, n\u00e3o \u00e9 apenas or\u00e7amento que resolveria essa aus\u00eancia de a\u00e7\u00f5es, mas o aumento da capacidade de articula\u00e7\u00e3o entre comunidades, munic\u00edpios, Estados e Governo Federal, passando pela forma\u00e7\u00e3o de quadros capacitados para dar coer\u00eancia aos planos e \u00e0 fase de execu\u00e7\u00e3o. Os planos precisam estar articulados entre si, plano diretor, planos clim\u00e1ticos, planos de bacia, planos de saneamento, havendo um planejamento urbano conectado com o espa\u00e7o rural. Algumas capitais brasileiras j\u00e1 possuem seu plano de a\u00e7\u00e3o clim\u00e1tica, n\u00e3o sendo, ainda, uma realidade da grande maioria dos munic\u00edpios brasileiros.<\/p>\n<hr \/>\n<h5 id=\"notas\"><span style=\"color: #808080;\"><strong>NOTAS<\/strong><\/span><\/h5>\n<h5 id=\"i-vide-https-fnp-org-br-publicacoes-item-150-cidades-ate-10-mil-habitantes\"><span style=\"color: #808080;\"><sup>[i]<\/sup> <em>Vide<\/em> <a style=\"color: #808080;\" href=\"https:\/\/fnp.org.br\/publicacoes\/item\/150-cidades-ate-10-mil-habitantes\">https:\/\/fnp.org.br\/publicacoes\/item\/150-cidades-ate-10-mil-habitantes<\/a><\/span><\/h5>\n<h5 id=\"ii-vide-https-www-gov-br-pt-br-noticias-financas-impostos-e-gestao-publica-2023-06-censo-2022-indica-que-o-brasil-totaliza-203-milhoes-de-habitantes\"><span style=\"color: #808080;\"><sup>[ii]<\/sup> <em>Vide<\/em> <a style=\"color: #808080;\" href=\"https:\/\/www.gov.br\/pt-br\/noticias\/financas-impostos-e-gestao-publica\/2023\/06\/censo-2022-indica-que-o-brasil-totaliza-203-milhoes-de-habitantes\">https:\/\/www.gov.br\/pt-br\/noticias\/financas-impostos-e-gestao-publica\/2023\/06\/censo-2022-indica-que-o-brasil-totaliza-203-milhoes-de-habitantes<\/a><\/span><\/h5>\n<h5 id=\"iii-resiliencia-pode-ser-descrita-como-a-capacidade-do-sistema-em-tolerar-disturbios-e-ainda-assim-permanecer-no-mesmo-dominio-de-estabilidade-lindoso-2017-p-136\"><span style=\"color: #808080;\"><sup>[iii]<\/sup> Resili\u00eancia pode ser descrita como a capacidade do sistema em tolerar dist\u00farbios e, ainda assim, permanecer no mesmo dom\u00ednio de estabilidade (Lindoso, 2017, p. 136).<\/span><\/h5>\n<h5 id=\"iv-vide-https-sistema-adaptabrasil-mcti-gov-br\"><span style=\"color: #808080;\">[iv] Vide <a style=\"color: #808080;\" href=\"https:\/\/sistema.adaptabrasil.mcti.gov.br\/\">https:\/\/sistema.adaptabrasil.mcti.gov.br\/<\/a><\/span><\/h5>\n<h5 id=\"v-vide-https-www-gov-br-mma-pt-br-assuntos-mudanca-do-clima-adaptacaotexta%20adapta%c3%a7%c3%a3o%20%c3%a0%20mudan%c3%a7a%20doipcc%2c%20na%20sigla%20em%20ingl%c3%aas\"><span style=\"color: #808080;\"><sup>[v]<\/sup> Vide <a style=\"color: #808080;\" href=\"https:\/\/www.gov.br\/mma\/pt-br\/assuntos\/mudanca-do-clima\/adaptacao#:~:text=A%20adapta%C3%A7%C3%A3o%20%C3%A0%20mudan%C3%A7a%20do,IPCC%2C%20na%20sigla%20em%20ingl%C3%AAs\">https:\/\/www.gov.br\/mma\/pt-br\/assuntos\/mudanca-do-clima\/adaptacao#:~:text=A%20adapta%C3%A7%C3%A3o%20%C3%A0%20mudan%C3%A7a%20do,IPCC%2C%20na%20sigla%20em%20ingl%C3%AAs<\/a>.<\/span><\/h5>\n<h5 id=\"vi-capacidade-do-sistema-socioecologico-de-se-preparar-e-se-ajustar-as-alteracoes-climaticas-ou-aos-danos-climaticos-potenciais-relacionados-a-seca-principalmente-para-diminuir-os-impactos-negativo\"><span style=\"color: #808080;\">[vi] Capacidade do sistema socioecol\u00f3gico de se preparar e se ajustar \u00e0s altera\u00e7\u00f5es clim\u00e1ticas ou aos danos clim\u00e1ticos potenciais relacionados \u00e0 seca, principalmente para diminuir os impactos negativos, aproveitar as oportunidades ou responder \u00e0s consequ\u00eancias. O \u00cdndice de Capacidade Adaptativa \u00e9 resultante da composi\u00e7\u00e3o dos indicadores tem\u00e1ticos: planejamento e gest\u00e3o de risco para recursos h\u00eddricos, capacidade de abastecimento e reserva\u00e7\u00e3o de \u00e1gua, e capacidade socioecon\u00f4mica familiar. (Detalhamento do indicador na plataforma &#8211; <a style=\"color: #808080;\" href=\"https:\/\/sistema.adaptabrasil.mcti.gov.br\/\">https:\/\/sistema.adaptabrasil.mcti.gov.br\/<\/a> ).<\/span><\/h5>\n<h5 id=\"vii-nivel-de-implementacao-e-articulacao-de-planos-municipais-de-saneamento-basico-considerando-a-tematica-de-capacidade-adaptativa-de-planejamento-e-gestao-de-risco-para-recursos-hidricos-o-nivel\"><span style=\"color: #808080;\">[vii] N\u00edvel de implementa\u00e7\u00e3o e articula\u00e7\u00e3o de planos municipais de saneamento b\u00e1sico considerando a tem\u00e1tica de capacidade adaptativa de planejamento e gest\u00e3o de risco para recursos h\u00eddricos. O n\u00edvel de implementa\u00e7\u00e3o considerou a exist\u00eancia de avalia\u00e7\u00e3o e monitoramento sistem\u00e1ticos das a\u00e7\u00f5es programadas; de diagn\u00f3stico da situa\u00e7\u00e3o da presta\u00e7\u00e3o dos servi\u00e7os p\u00fablicos de saneamento b\u00e1sico e de seus impactos nas condi\u00e7\u00f5es de vida da popula\u00e7\u00e3o local; de defini\u00e7\u00e3o do ente regulador do servi\u00e7o; de a\u00e7\u00f5es para emerg\u00eancias e conting\u00eancia; de objetivos e metas de curto, m\u00e9dio e longo prazos de universaliza\u00e7\u00e3o dos servi\u00e7os; de programas, projetos e a\u00e7\u00f5es necess\u00e1rias para atingir os objetivos e metas propostos; e de defini\u00e7\u00e3o de tarifa social para servi\u00e7os de saneamento b\u00e1sico. O n\u00edvel de articula\u00e7\u00e3o considerou a participa\u00e7\u00e3o de cons\u00f3rcio p\u00fablico na \u00e1rea de saneamento ao n\u00edvel estadual e\/ou intermunicipal (Detalhamento do indicador da plataforma &#8211; <a style=\"color: #808080;\" href=\"https:\/\/sistema.adaptabrasil.mcti.gov.br\/\">https:\/\/sistema.adaptabrasil.mcti.gov.br\/<\/a> ).<\/span><\/h5>\n<h5 id=\"viii-cidades-resilientes-sao-cidades-ou-areas-urbanas-que-seguem-parametros-internacionalmente-estabelecidos-relacionados-principalmente-as-mudancas-climaticas-e-ao-risco-governos-e-populacao-inte\"><span style=\"color: #808080;\">[viii] Cidades Resilientes s\u00e3o cidades ou \u00e1reas urbanas que seguem par\u00e2metros internacionalmente estabelecidos, relacionados principalmente \u00e0s mudan\u00e7as clim\u00e1ticas e ao risco; governos e popula\u00e7\u00e3o integrados aos problemas da cidade. A participa\u00e7\u00e3o do munic\u00edpio no Programa mostra o seu compromisso em edificar a sua resili\u00eancia por meio da defini\u00e7\u00e3o de a\u00e7\u00f5es e prioridades na \u00e1rea de gest\u00e3o do risco de desastres em sua localidade. (Detalhamento do indicador da plataforma &#8211; <a style=\"color: #808080;\" href=\"https:\/\/sistema.adaptabrasil.mcti.gov.br\/\">https:\/\/sistema.adaptabrasil.mcti.gov.br\/<\/a> ).<\/span><\/h5>\n<h5 id=\"ix-situacao-do-municipio-quanto-a-implementacao-de-estrategias-de-prevencao-contra-impactos-relacionados-a-seca-visando-acoes-de-prevencao-mitigacao-preparacao-resposta-e-recuperacao-considerand\"><span style=\"color: #808080;\">[ix] Situa\u00e7\u00e3o do munic\u00edpio quanto \u00e0 implementa\u00e7\u00e3o de estrat\u00e9gias de preven\u00e7\u00e3o contra impactos relacionados \u00e0 seca visando a\u00e7\u00f5es de preven\u00e7\u00e3o, mitiga\u00e7\u00e3o, prepara\u00e7\u00e3o, resposta e recupera\u00e7\u00e3o, considerando a tem\u00e1tica de capacidade adaptativa de planejamento e gest\u00e3o de risco para recursos h\u00eddricos (Detalhamento do indicador da plataforma &#8211; <a style=\"color: #808080;\" href=\"https:\/\/sistema.adaptabrasil.mcti.gov.br\/\">https:\/\/sistema.adaptabrasil.mcti.gov.br\/<\/a> ).<\/span><\/h5>\n<h5 id=\"x-nivel-de-atuacao-em-planos-de-gerenciamento-dos-recursos-hidricos-nos-comites-de-bacias-hidrograficas-nos-municipios-considerando-a-tematica-de-capacidade-adaptativa-para-planejamento-e-gestao-de\"><span style=\"color: #808080;\">[x] N\u00edvel de atua\u00e7\u00e3o em planos de gerenciamento dos recursos h\u00eddricos nos comit\u00eas de bacias hidrogr\u00e1ficas nos munic\u00edpios considerando a tem\u00e1tica de capacidade adaptativa para planejamento e gest\u00e3o de risco para recursos h\u00eddricos. Este n\u00edvel foi composto pelas seguintes informa\u00e7\u00f5es: (A) integra\u00e7\u00e3o com algum comit\u00ea interestadual ou estadual (conforme SNRHI); (B) Exist\u00eancia da participa\u00e7\u00e3o da comunidade no Comit\u00ea de Bacia Hidrogr\u00e1fica para controle da presta\u00e7\u00e3o de servi\u00e7o de saneamento; (C) Participa\u00e7\u00e3o da articula\u00e7\u00e3o intermunicipal na forma de Comit\u00ea de bacia hidrogr\u00e1fica; e (D) O Plano Municipal de Saneamento B\u00e1sico foi elaborado em conjunto com o comit\u00ea de bacia hidrogr\u00e1fica. (Detalhamento do indicador da plataforma &#8211; <a style=\"color: #808080;\" href=\"https:\/\/sistema.adaptabrasil.mcti.gov.br\/\">https:\/\/sistema.adaptabrasil.mcti.gov.br\/<\/a> ).<\/span><\/h5>\n<h5 id=\"xi-vide-https-agenciadenoticias-ibge-gov-br-agencia-noticias-2012-agencia-de-noticias-noticias-37237-de-2010-a-2022-populacao-brasileira-cresce-6-5-e-chega-a-203-1-milhoes\"><span style=\"color: #808080;\">[xi] Vide <a style=\"color: #808080;\" href=\"https:\/\/agenciadenoticias.ibge.gov.br\/agencia-noticias\/2012-agencia-de-noticias\/noticias\/37237-de-2010-a-2022-populacao-brasileira-cresce-6-5-e-chega-a-203-1-milhoes\">https:\/\/agenciadenoticias.ibge.gov.br\/agencia-noticias\/2012-agencia-de-noticias\/noticias\/37237-de-2010-a-2022-populacao-brasileira-cresce-6-5-e-chega-a-203-1-milhoes<\/a><\/span><\/h5>\n<h5 id=\"xii-vide-https-censo2022-ibge-gov-br-panorama-mapas-htmlrecorten3temaconexao_rede_esgoto\"><span style=\"color: #808080;\">[xii] Vide <a style=\"color: #808080;\" href=\"https:\/\/censo2022.ibge.gov.br\/panorama\/mapas.html?recorte=N3&amp;tema=conexao_rede_esgoto\">https:\/\/censo2022.ibge.gov.br\/panorama\/mapas.html?recorte=N3&amp;tema=conexao_rede_esgoto<\/a><\/span><\/h5>\n<h5 id=\"xiii-vide-https-sistema-adaptabrasil-mcti-gov-br\"><span style=\"color: #808080;\">[xiii] Vide <a style=\"color: #808080;\" href=\"https:\/\/sistema.adaptabrasil.mcti.gov.br\/\">https:\/\/sistema.adaptabrasil.mcti.gov.br\/<\/a><\/span><\/h5>\n<h5 id=\"\"><span style=\"color: #808080;\"><strong>\u00a0<\/strong><strong>\u00a0<\/strong><\/span><\/h5>\n<h5 id=\"referencias\"><span style=\"color: #808080;\"><strong>REFER\u00caNCIAS <\/strong><\/span><\/h5>\n<h5 id=\"1-lindoso-d-p-vulnerability-and-resilience-potentials-convergences-and-limitations-in-interdisciplinary-research-ambiente-sociedade-v-20-n-4-p-127-144-out-2017\"><span style=\"color: #808080;\">[1] LINDOSO, D. P. Vulnerability and resilience: potentials, convergences and limitations in interdisciplinary research. <em>Ambiente &amp; Sociedade<\/em>, v. 20, n. 4, p. 127\u2013144, out. 2017.<\/span><\/h5>\n<h5 id=\"2-giulio-g-m-d-martins-a-m-b-lemos-m-c-adaptacao-climatica-fronteiras-do-conhecimento-para-pensar-o-contexto-brasileiro-estudos-avancados-v-30-n-88-p-25-41-set-2016\"><span style=\"color: #808080;\">[2] GIULIO, G. M. D.; MARTINS, A. M. B.; LEMOS, M. C. Adapta\u00e7\u00e3o clim\u00e1tica: fronteiras do conhecimento para pensar o contexto brasileiro. <em>Estudos Avan\u00e7ados<\/em>, v. 30, n. 88, p. 25\u201341, set. 2016.<\/span><\/h5>\n<h5 id=\"3-obermaier-m-rosa-l-p-mudanca-climatica-e-adaptacao-no-brasil-uma-analise-critica-estudos-avancados-v-27-n-78-p-155-176-2013\"><span style=\"color: #808080;\">[3] OBERMAIER, M.; ROSA, L. P. Mudan\u00e7a clim\u00e1tica e adapta\u00e7\u00e3o no Brasil: uma an\u00e1lise cr\u00edtica. <em>Estudos Avan\u00e7ados<\/em>, v. 27, n. 78, p. 155\u2013176, 2013.<\/span><\/h5>\n<h5 id=\"4-brasil-ministerio-do-desenvolvimento-regional-secretaria-nacional-de-protecao-e-defesa-civil-diagnostico-de-capacidades-e-necessidades-municipais-em-protecao-e-defesa-civil-brasilia-ministeri\"><span style=\"color: #808080;\">[4] BRASIL. Minist\u00e9rio do Desenvolvimento Regional. Secretaria Nacional de Prote\u00e7\u00e3o e Defesa Civil. <em>Diagn\u00f3stico de capacidades e necessidades municipais em prote\u00e7\u00e3o e defesa civil<\/em>. Bras\u00edlia: Minist\u00e9rio do Desenvolvimento Regional, 2021.<\/span><\/h5>\n<hr \/>\n<h6 id=\"capa-condicoes-do-clima-do-semiarido-brasileiro-apresentam-serie-de-dificuldades-que-podem-ser-potencializadas-com-as-mudancas-climaticas-foto-agencia-brasil-reproducao\"><strong>Capa. Condi\u00e7\u00f5es do clima do semi\u00e1rido brasileiro apresentam s\u00e9rie de dificuldades que podem ser potencializadas com as mudan\u00e7as clim\u00e1ticas.<br \/>\n<\/strong>(Foto: Ag\u00eancia Brasil. Reprodu\u00e7\u00e3o)<\/h6>\n","protected":false},"excerpt":{"rendered":"Munic\u00edpios brasileiros n\u00e3o possuem ferramentas de planejamento para implementar a\u00e7\u00f5es adequadas de&hellip;\n","protected":false},"author":295,"featured_media":8743,"comment_status":"open","ping_status":"open","sticky":false,"template":"","format":"standard","meta":[],"categories":[21],"tags":[],"acf":[],"_links":{"self":[{"href":"https:\/\/revistacienciaecultura.org.br\/index.php?rest_route=\/wp\/v2\/posts\/8742"}],"collection":[{"href":"https:\/\/revistacienciaecultura.org.br\/index.php?rest_route=\/wp\/v2\/posts"}],"about":[{"href":"https:\/\/revistacienciaecultura.org.br\/index.php?rest_route=\/wp\/v2\/types\/post"}],"author":[{"embeddable":true,"href":"https:\/\/revistacienciaecultura.org.br\/index.php?rest_route=\/wp\/v2\/users\/295"}],"replies":[{"embeddable":true,"href":"https:\/\/revistacienciaecultura.org.br\/index.php?rest_route=%2Fwp%2Fv2%2Fcomments&post=8742"}],"version-history":[{"count":2,"href":"https:\/\/revistacienciaecultura.org.br\/index.php?rest_route=\/wp\/v2\/posts\/8742\/revisions"}],"predecessor-version":[{"id":8751,"href":"https:\/\/revistacienciaecultura.org.br\/index.php?rest_route=\/wp\/v2\/posts\/8742\/revisions\/8751"}],"wp:featuredmedia":[{"embeddable":true,"href":"https:\/\/revistacienciaecultura.org.br\/index.php?rest_route=\/wp\/v2\/media\/8743"}],"wp:attachment":[{"href":"https:\/\/revistacienciaecultura.org.br\/index.php?rest_route=%2Fwp%2Fv2%2Fmedia&parent=8742"}],"wp:term":[{"taxonomy":"category","embeddable":true,"href":"https:\/\/revistacienciaecultura.org.br\/index.php?rest_route=%2Fwp%2Fv2%2Fcategories&post=8742"},{"taxonomy":"post_tag","embeddable":true,"href":"https:\/\/revistacienciaecultura.org.br\/index.php?rest_route=%2Fwp%2Fv2%2Ftags&post=8742"}],"curies":[{"name":"wp","href":"https:\/\/api.w.org\/{rel}","templated":true}]}}