{"id":8783,"date":"2025-08-12T07:30:52","date_gmt":"2025-08-12T07:30:52","guid":{"rendered":"https:\/\/revistacienciaecultura.org.br\/?p=8783"},"modified":"2025-08-11T17:14:44","modified_gmt":"2025-08-11T17:14:44","slug":"sbpc-propoe-formulacao-de-lei-federal-para-flexibilizacao-de-recursos-para-pesquisa-cientifica","status":"publish","type":"post","link":"https:\/\/revistacienciaecultura.org.br\/?p=8783","title":{"rendered":"SBPC prop\u00f5e formula\u00e7\u00e3o de lei federal para flexibiliza\u00e7\u00e3o de recursos para pesquisa cient\u00edfica"},"content":{"rendered":"<h4 id=\"mocao-foi-aprovada-pela-assembleia-geral-de-socios-reunidos-na-77a-reuniao-anual-em-recife\"><span style=\"color: #808080;\">Mo\u00e7\u00e3o foi aprovada pela Assembleia Geral de S\u00f3cios, reunidos na 77\u00aa Reuni\u00e3o Anual, em Recife<\/span><\/h4>\n<p>&nbsp;<\/p>\n<p>A Assembleia Geral de S\u00f3cios da Sociedade Brasileira para o Progresso da Ci\u00eancia (SBPC), reunida em 17 de julho, durante a 77\u00aa Reuni\u00e3o Anual, em Recife, aprovou a mo\u00e7\u00e3o \u201cPela flexibiliza\u00e7\u00e3o dos recursos da ci\u00eancia\u201d, propondo a cria\u00e7\u00e3o de lei que permita a transposi\u00e7\u00e3o de recursos entre as rubricas de capital e custeio nos projetos de CT&amp;I. O documento foi encaminhado \u00e0 Comiss\u00e3o de Legisla\u00e7\u00e3o Participativa da C\u00e2mara dos Deputados.<\/p>\n<p>A medida visa dar mais autonomia aos coordenadores para empregar os recursos conforme as necessidades reais das pesquisas, como aquisi\u00e7\u00e3o de reagentes, manuten\u00e7\u00e3o de equipamentos, trabalhos de campo ou contrata\u00e7\u00e3o de servi\u00e7os especializados.<\/p>\n<p>Confira o texto na \u00edntegra:<\/p>\n<p><strong>MO\u00c7\u00c3O APROVADA NA ASSEMBLEIA GERAL ORDIN\u00c1RIA DOS S\u00d3CIOS DA SOCIEDADE BRASILEIRA PARA O PROGRESSO DA CI\u00caNCIA (SBPC), REALIZADA EM 17 DE JULHO DE 2025, NA UNIVERSIDADE FEDERAL RURAL DE PERNAMBUCO (UFRPE), EM RECIFE-PE, POR OCASI\u00c3O DE SUA 77\u00aa REUNI\u00c3O ANUAL.<\/strong><\/p>\n<p><strong>\u00a0<\/strong><\/p>\n<p><strong>T\u00edtulo:\u00a0<\/strong>Pela flexibiliza\u00e7\u00e3o dos recursos da ci\u00eancia.<\/p>\n<p><strong>Destinat\u00e1rios:\u00a0<\/strong>Comiss\u00e3o de Legisla\u00e7\u00e3o Participativa (CLP) da C\u00e2mara dos Deputados.<\/p>\n<p>&nbsp;<\/p>\n<p><strong>Texto: \u201c<\/strong>A Assembleia Geral de S\u00f3cios da SBPC prop\u00f5e \u00e0 Comiss\u00e3o de Legisla\u00e7\u00e3o Participativa a formula\u00e7\u00e3o de uma lei federal que permita a flexibiliza\u00e7\u00e3o na transposi\u00e7\u00e3o de recursos entre as rubricas de capital e custeio nos projetos de ci\u00eancia, tecnologia e inova\u00e7\u00e3o.<\/p>\n<p>O objetivo \u00e9 facilitar a execu\u00e7\u00e3o financeira das pesquisas, permitindo que os coordenadores possam, ao longo do projeto, decidir com maior autonomia como empregar os recursos de acordo com as necessidades cient\u00edficas reais, seja para aquisi\u00e7\u00e3o de reagentes, compra ou conserto de equipamentos, realiza\u00e7\u00e3o de trabalho de campo ou contrata\u00e7\u00e3o de servi\u00e7os especializados.<\/p>\n<p>Recife, 17 de julho de 2025.\u201d<\/p>\n<p><strong><span style=\"color: #800000;\"><a style=\"color: #800000;\" href=\"https:\/\/www.jornaldaciencia.org.br\/wp-content\/uploads\/2025\/08\/Of.-SBPC-141-Mo%C3%A7%C3%A3o-Pela-flexibiliza%C3%A7%C3%A3o-dos-recursos-da-ci%C3%AAncia..pdf\" target=\"_blank\" rel=\"noopener\">O documento pode ser acessado em PDF neste link.<\/a><\/span><\/strong><\/p>\n<p>&nbsp;<\/p>\n<p><span style=\"color: #808080;\"><em>Jornal da Ci\u00eancia<\/em><\/span><\/p>\n","protected":false},"excerpt":{"rendered":"Mo\u00e7\u00e3o foi aprovada pela Assembleia Geral de S\u00f3cios, reunidos na 77\u00aa Reuni\u00e3o&hellip;\n","protected":false},"author":19,"featured_media":8784,"comment_status":"open","ping_status":"open","sticky":false,"template":"","format":"standard","meta":[],"categories":[1,2],"tags":[],"acf":[],"_links":{"self":[{"href":"https:\/\/revistacienciaecultura.org.br\/index.php?rest_route=\/wp\/v2\/posts\/8783"}],"collection":[{"href":"https:\/\/revistacienciaecultura.org.br\/index.php?rest_route=\/wp\/v2\/posts"}],"about":[{"href":"https:\/\/revistacienciaecultura.org.br\/index.php?rest_route=\/wp\/v2\/types\/post"}],"author":[{"embeddable":true,"href":"https:\/\/revistacienciaecultura.org.br\/index.php?rest_route=\/wp\/v2\/users\/19"}],"replies":[{"embeddable":true,"href":"https:\/\/revistacienciaecultura.org.br\/index.php?rest_route=%2Fwp%2Fv2%2Fcomments&post=8783"}],"version-history":[{"count":1,"href":"https:\/\/revistacienciaecultura.org.br\/index.php?rest_route=\/wp\/v2\/posts\/8783\/revisions"}],"predecessor-version":[{"id":8785,"href":"https:\/\/revistacienciaecultura.org.br\/index.php?rest_route=\/wp\/v2\/posts\/8783\/revisions\/8785"}],"wp:featuredmedia":[{"embeddable":true,"href":"https:\/\/revistacienciaecultura.org.br\/index.php?rest_route=\/wp\/v2\/media\/8784"}],"wp:attachment":[{"href":"https:\/\/revistacienciaecultura.org.br\/index.php?rest_route=%2Fwp%2Fv2%2Fmedia&parent=8783"}],"wp:term":[{"taxonomy":"category","embeddable":true,"href":"https:\/\/revistacienciaecultura.org.br\/index.php?rest_route=%2Fwp%2Fv2%2Fcategories&post=8783"},{"taxonomy":"post_tag","embeddable":true,"href":"https:\/\/revistacienciaecultura.org.br\/index.php?rest_route=%2Fwp%2Fv2%2Ftags&post=8783"}],"curies":[{"name":"wp","href":"https:\/\/api.w.org\/{rel}","templated":true}]}}