{"id":8892,"date":"2025-09-10T07:30:00","date_gmt":"2025-09-10T07:30:00","guid":{"rendered":"https:\/\/revistacienciaecultura.org.br\/?p=8892"},"modified":"2025-09-24T14:56:07","modified_gmt":"2025-09-24T14:56:07","slug":"inpa-o-instituto-que-colocou-a-amazonia-no-mapa-da-ciencia-internacional","status":"publish","type":"post","link":"https:\/\/revistacienciaecultura.org.br\/?p=8892","title":{"rendered":"INPA: o instituto que colocou a Amaz\u00f4nia no mapa da ci\u00eancia internacional"},"content":{"rendered":"<h4 id=\"como-um-instituto-criado-no-coracao-da-floresta-se-tornou-referencia-global-em-biologia-tropical-e-mudou-nossa-forma-de-entender-a-relacao-entre-ciencia-natureza-e-desenvolvimento-sustentavel\"><span style=\"color: #808080;\">Como um instituto criado no cora\u00e7\u00e3o da floresta se tornou refer\u00eancia global em biologia tropical e mudou nossa forma de entender a rela\u00e7\u00e3o entre ci\u00eancia, natureza e desenvolvimento sustent\u00e1vel<\/span><\/h4>\n<p>&nbsp;<\/p>\n<p>No cora\u00e7\u00e3o da maior floresta tropical do planeta, uma institui\u00e7\u00e3o silenciosamente revolucionou nosso entendimento sobre a biodiversidade e os segredos da Amaz\u00f4nia. O <span style=\"color: #800000;\"><strong><a style=\"color: #800000;\" href=\"https:\/\/www.gov.br\/inpa\/pt-br\" target=\"_blank\" rel=\"noopener\">Instituto Nacional de Pesquisas da Amaz\u00f4nia (INPA)<\/a><\/strong><\/span>, criado em 1952 por um vision\u00e1rio decreto de Get\u00falio Vargas, transformou-se n\u00e3o apenas em um centro de excel\u00eancia cient\u00edfica, mas no principal tradutor dos mist\u00e9rios desse ecossistema \u00fanico para a comunidade global.<\/p>\n<p>A hist\u00f3ria do INPA come\u00e7a em um Brasil ainda deslumbrado com seu pr\u00f3prio territ\u00f3rio. Na Manaus dos anos 1950, uma cidade isolada e sem infraestrutura, o bot\u00e2nico Adolfo Ducke convenceu o governo de que ali, no meio da floresta, deveria nascer o instituto que estudaria a Amaz\u00f4nia. A ideia era ousada: criar um centro de pesquisa de padr\u00e3o internacional em uma regi\u00e3o que o pr\u00f3prio Brasil mal conhecia. Os primeiros anos foram de verdadeiro pioneirismo, com expedi\u00e7\u00f5es que mapeavam fauna e flora como quem desbrava um continente desconhecido.<\/p>\n<p>&nbsp;<\/p>\n<h4 id=\"os-cientistas-do-inpa-foram-os-primeiros-a-demonstrar-como-a-amazonia-nao-e-apenas-vitima-das-mudancas-climaticas-mas-peca-fundamental-no-equilibrio-ambiental-do-planeta\" style=\"text-align: center;\"><span style=\"color: #800000;\"><em>\u201cOs cientistas do INPA foram os primeiros a demonstrar como a Amaz\u00f4nia n\u00e3o \u00e9 apenas v\u00edtima das mudan\u00e7as clim\u00e1ticas, mas pe\u00e7a fundamental no equil\u00edbrio ambiental do planeta.\u201d<\/em><\/span><\/h4>\n<p>&nbsp;<\/p>\n<p>O que poucos poderiam imaginar \u00e9 que aquela institui\u00e7\u00e3o prec\u00e1ria, que funcionou por quase 20 anos em sedes alugadas no centro de Manaus, se tornaria refer\u00eancia mundial em biologia tropical. O INPA foi essencial para colocar a Amaz\u00f4nia no mapa da ci\u00eancia internacional, n\u00e3o como objeto de estudo distante, mas como laborat\u00f3rio vivo onde se formularam teorias revolucion\u00e1rias sobre ecologia, clima e biodiversidade.<\/p>\n<p>Nos anos 1970, com a constru\u00e7\u00e3o de sua sede definitiva no bairro do Aleixo, o INPA consolidou-se como farol cient\u00edfico. Foi quando lan\u00e7ou a <span style=\"color: #800000;\"><strong><a style=\"color: #800000;\" href=\"https:\/\/acta.inpa.gov.br\/\" target=\"_blank\" rel=\"noopener\">Acta Amazonica<\/a><\/strong><\/span>, revista que se tornaria o principal ve\u00edculo de divulga\u00e7\u00e3o de pesquisas sobre a regi\u00e3o. Mas sua verdadeira revolu\u00e7\u00e3o veio nos anos 1990, quando passou a coordenar redes internacionais de estudo sobre as intera\u00e7\u00f5es entre a floresta e o clima global. Os cientistas do INPA foram os primeiros a demonstrar como a Amaz\u00f4nia n\u00e3o \u00e9 apenas v\u00edtima das mudan\u00e7as clim\u00e1ticas, mas pe\u00e7a fundamental no equil\u00edbrio ambiental do planeta.<\/p>\n<h6 id=\"foto-inpa-reproducao\" style=\"text-align: center;\"><img loading=\"lazy\" class=\"aligncenter wp-image-8893\" src=\"https:\/\/revistacienciaecultura.org.br\/wp-content\/uploads\/2025\/09\/inpa-1-300x225.jpeg\" alt=\"\" width=\"400\" height=\"300\" srcset=\"https:\/\/revistacienciaecultura.org.br\/wp-content\/uploads\/2025\/09\/inpa-1-300x225.jpeg 300w, https:\/\/revistacienciaecultura.org.br\/wp-content\/uploads\/2025\/09\/inpa-1-16x12.jpeg 16w, https:\/\/revistacienciaecultura.org.br\/wp-content\/uploads\/2025\/09\/inpa-1.jpeg 620w\" sizes=\"(max-width: 400px) 100vw, 400px\" \/><br \/>\n(Foto: INPA. Reprodu\u00e7\u00e3o)<\/h6>\n<p>&nbsp;<\/p>\n<p>&nbsp;<\/p>\n<p>Hoje, os n\u00fameros falam por si: o INPA \u00e9 a terceira institui\u00e7\u00e3o no mundo em produ\u00e7\u00e3o cient\u00edfica sobre a Amaz\u00f4nia, atr\u00e1s apenas da USP e da UFPA \u2013 um feito not\u00e1vel para um instituto com recursos limitados. Suas pesquisas v\u00e3o desde o estudo de novas esp\u00e9cies at\u00e9 modelos complexos que preveem o impacto do desmatamento no regime de chuvas do continente. O bosque da ci\u00eancia, seu espa\u00e7o de visita\u00e7\u00e3o, j\u00e1 recebeu milh\u00f5es de pessoas, transformando a rela\u00e7\u00e3o da popula\u00e7\u00e3o com a floresta.<\/p>\n<p>Mas o verdadeiro legado do INPA talvez esteja em como ele redefine o papel da ci\u00eancia. Ao inv\u00e9s de apenas catalogar esp\u00e9cies, o instituto mostrou que a pesquisa pode ser ferramenta de desenvolvimento sustent\u00e1vel. Seus estudos sobre manejo de pirarucu, por exemplo, revolucionaram a economia de comunidades ribeirinhas. As pesquisas com \u00f3leos vegetais abriram caminho para biof\u00e1rmacos. E seus alertas sobre desmatamento influenciaram pol\u00edticas ambientais em todo o mundo.<\/p>\n<h4 id=\"o-inpa-e-a-terceira-instituicao-no-mundo-em-producao-cientifica-sobre-a-amazonia\" style=\"text-align: center;\"><span style=\"color: #800000;\"><em>\u201cO INPA \u00e9 a terceira institui\u00e7\u00e3o no mundo em produ\u00e7\u00e3o cient\u00edfica sobre a Amaz\u00f4nia.\u201d<\/em><\/span><\/h4>\n<p>&nbsp;<\/p>\n<p>Setenta anos ap\u00f3s sua cria\u00e7\u00e3o, o INPA enfrenta novos desafios, da press\u00e3o sobre a floresta \u00e0 necessidade de inovar com recursos escassos. Mas sua hist\u00f3ria prova que a ci\u00eancia feita na e pela Amaz\u00f4nia \u00e9 insubstitu\u00edvel. Como disse a pesquisadora Maria Teresa Piedade, refer\u00eancia em estudos de \u00e1reas alag\u00e1veis, &#8220;a perseveran\u00e7a dos cientistas na regi\u00e3o mostrou seus frutos&#8221;. O INPA n\u00e3o apenas estudou a Amaz\u00f4nia &#8211; ele a colocou no centro do debate sobre o futuro do planeta, lembrando ao mundo que entender essa floresta n\u00e3o \u00e9 quest\u00e3o acad\u00eamica, mas necessidade vital para a humanidade.<\/p>\n<p>&nbsp;<\/p>\n<h6 id=\"capa-inpa-reproducao\">Capa: INPA. Reprodu\u00e7\u00e3o<\/h6>\n<p>&nbsp;<\/p>\n<h6 id=\"ciencia-cultura-2022-by-sbpc-is-licensed-under-cc-by-sa-4-0\" style=\"text-align: center;\"><span style=\"color: #808080;\"><a style=\"color: #808080;\" href=\"https:\/\/revistacienciaecultura.org.br\/\">Ci\u00eancia &amp; Cultura<\/a>\u00a0\u00a9 2022 by\u00a0<a style=\"color: #808080;\" href=\"http:\/\/www.sbpcnet.org.br\/\">SBPC<\/a>\u00a0is licensed under\u00a0<a style=\"color: #808080;\" href=\"https:\/\/creativecommons.org\/licenses\/by-sa\/4.0\/\">CC BY-SA 4.0 \u00a0 <\/a><img loading=\"lazy\" class=\"\" src=\"https:\/\/mirrors.creativecommons.org\/presskit\/icons\/cc.svg\" alt=\"\" width=\"30\" height=\"30\" \/><img loading=\"lazy\" class=\"\" src=\"https:\/\/mirrors.creativecommons.org\/presskit\/icons\/by.svg\" alt=\"\" width=\"30\" height=\"30\" \/><img loading=\"lazy\" class=\"\" src=\"https:\/\/mirrors.creativecommons.org\/presskit\/icons\/sa.svg\" alt=\"\" width=\"30\" height=\"30\" \/><\/span><\/h6>\n","protected":false},"excerpt":{"rendered":"Como um instituto criado no cora\u00e7\u00e3o da floresta se tornou refer\u00eancia global&hellip;\n","protected":false},"author":19,"featured_media":8894,"comment_status":"open","ping_status":"open","sticky":false,"template":"","format":"standard","meta":[],"categories":[1,2],"tags":[],"acf":[],"_links":{"self":[{"href":"https:\/\/revistacienciaecultura.org.br\/index.php?rest_route=\/wp\/v2\/posts\/8892"}],"collection":[{"href":"https:\/\/revistacienciaecultura.org.br\/index.php?rest_route=\/wp\/v2\/posts"}],"about":[{"href":"https:\/\/revistacienciaecultura.org.br\/index.php?rest_route=\/wp\/v2\/types\/post"}],"author":[{"embeddable":true,"href":"https:\/\/revistacienciaecultura.org.br\/index.php?rest_route=\/wp\/v2\/users\/19"}],"replies":[{"embeddable":true,"href":"https:\/\/revistacienciaecultura.org.br\/index.php?rest_route=%2Fwp%2Fv2%2Fcomments&post=8892"}],"version-history":[{"count":4,"href":"https:\/\/revistacienciaecultura.org.br\/index.php?rest_route=\/wp\/v2\/posts\/8892\/revisions"}],"predecessor-version":[{"id":9044,"href":"https:\/\/revistacienciaecultura.org.br\/index.php?rest_route=\/wp\/v2\/posts\/8892\/revisions\/9044"}],"wp:featuredmedia":[{"embeddable":true,"href":"https:\/\/revistacienciaecultura.org.br\/index.php?rest_route=\/wp\/v2\/media\/8894"}],"wp:attachment":[{"href":"https:\/\/revistacienciaecultura.org.br\/index.php?rest_route=%2Fwp%2Fv2%2Fmedia&parent=8892"}],"wp:term":[{"taxonomy":"category","embeddable":true,"href":"https:\/\/revistacienciaecultura.org.br\/index.php?rest_route=%2Fwp%2Fv2%2Fcategories&post=8892"},{"taxonomy":"post_tag","embeddable":true,"href":"https:\/\/revistacienciaecultura.org.br\/index.php?rest_route=%2Fwp%2Fv2%2Ftags&post=8892"}],"curies":[{"name":"wp","href":"https:\/\/api.w.org\/{rel}","templated":true}]}}