{"id":8935,"date":"2025-09-10T08:00:45","date_gmt":"2025-09-10T08:00:45","guid":{"rendered":"https:\/\/revistacienciaecultura.org.br\/?p=8935"},"modified":"2025-09-24T14:55:43","modified_gmt":"2025-09-24T14:55:43","slug":"cidades-sustentaveis-2","status":"publish","type":"post","link":"https:\/\/revistacienciaecultura.org.br\/?p=8935","title":{"rendered":"Cidades sustent\u00e1veis"},"content":{"rendered":"<h4 id=\"planejamento-urbano-verde-busca-equilibrar-crescimento-economico-preservacao-ambiental-e-bem-estar-social-diante-dos-desafios-impostos-pelas-mudancas-climaticas\"><span style=\"color: #808080;\">Planejamento urbano verde busca equilibrar crescimento econ\u00f4mico, preserva\u00e7\u00e3o ambiental e bem-estar social diante dos desafios impostos pelas mudan\u00e7as clim\u00e1ticas.<\/span><\/h4>\n<p><em>\u00a0<\/em><\/p>\n<p>Diante da crise clim\u00e1tica, o planejamento de cidades sustent\u00e1veis se tornou um dos maiores desafios contempor\u00e2neos. Essas estrat\u00e9gias visam reduzir impactos ambientais, proteger popula\u00e7\u00f5es vulner\u00e1veis e fortalecer a resili\u00eancia urbana, equilibrando crescimento econ\u00f4mico, bem-estar social e preserva\u00e7\u00e3o ambiental. A meta \u00e9 garantir qualidade de vida hoje, sem comprometer os recursos das gera\u00e7\u00f5es futuras.<\/p>\n<p>No Brasil, as desigualdades sociais e econ\u00f4micas tornam esse caminho ainda mais complexo. A falta de infraestrutura verde, os investimentos fragmentados e a press\u00e3o do crescimento urbano acelerado dificultam a implementa\u00e7\u00e3o de solu\u00e7\u00f5es. A integra\u00e7\u00e3o entre ci\u00eancia, pol\u00edticas p\u00fablicas e participa\u00e7\u00e3o social \u00e9 fundamental para criar cidades resilientes, inclusivas e ambientalmente respons\u00e1veis. \u201cS\u00e3o uma s\u00e9rie de elementos para que se tenha uma cidade de dimens\u00e3o humana\u201d, pontua Marta Adriana Bustos Romero, professora do Departamento de Tecnologia (FAU\/TEC) da Universidade de Bras\u00edlia (UnB) e \u00a0l\u00edder do Grupo de Pesquisa Sustentabilidade em Arquitetura e Urbanismo.<\/p>\n<p>A sustentabilidade urbana, contudo, vai al\u00e9m da pauta ambiental. Envolve mobilidade limpa, energia renov\u00e1vel, gest\u00e3o eficiente de res\u00edduos, acesso a \u00e1reas verdes, al\u00e9m de pol\u00edticas que assegurem equidade e sa\u00fade p\u00fablica. \u201cQuando falamos em sustentabilidade, temos que pensar que equilibramos um trip\u00e9, s\u00e3o tr\u00eas fatores que precisam ter o mesmo peso. N\u00e3o \u00e9 s\u00f3 a quest\u00e3o ambiental: \u00e9 o ambiental, o social e o econ\u00f4mico\u201d, explica Izabele Colusso, coordenadora e docente do curso de Arquitetura e Urbanismo da UNISINOS e coordenadora da Especializa\u00e7\u00e3o em CIDADES &#8211; Gest\u00e3o Estrat\u00e9gica do Territ\u00f3rio Urbano. Para tanto, planos como o Zoneamento Ecol\u00f3gico-Econ\u00f4mico, os Planos Diretores Municipais e as Agendas 21 Locais s\u00e3o ferramentas centrais, desde que utilizados de forma preventiva e com foco em solu\u00e7\u00f5es de longo prazo.<\/p>\n<p>Experi\u00eancias internacionais mostram que cidades sustent\u00e1veis n\u00e3o apenas reduzem polui\u00e7\u00e3o e congestionamentos, mas tamb\u00e9m valorizam espa\u00e7os p\u00fablicos, estimulam a economia local e promovem justi\u00e7a social. O alinhamento com os Objetivos de Desenvolvimento Sustent\u00e1vel (ODS), da ONU, refor\u00e7a esse compromisso global. No centro dessa transforma\u00e7\u00e3o, est\u00e1 a escolha por pol\u00edticas que conciliem preserva\u00e7\u00e3o ambiental, inclus\u00e3o social e prosperidade econ\u00f4mica. \u201c\u00c9 um trabalho cont\u00ednuo de sensibiliza\u00e7\u00e3o da sociedade, n\u00f3s, voc\u00eas, a imprensa, a COP30, tudo isso vai criando uma sensibilidade que cada vez mais \u00e9 urgente enfrentarmos\u201d, defende Alex Abiko, professor titular em Gest\u00e3o Urbana e Habitacional da Escola Polit\u00e9cnica da Universidade de S\u00e3o Paulo (USP).<\/p>\n<p><strong>Assista ao v\u00eddeo completo:<\/strong><\/p>\n<p><iframe loading=\"lazy\" title=\"Cidades Sustent\u00e1veis\" width=\"1200\" height=\"675\" src=\"https:\/\/www.youtube.com\/embed\/XddL_a1t4gQ?feature=oembed\" frameborder=\"0\" allow=\"accelerometer; autoplay; clipboard-write; encrypted-media; gyroscope; picture-in-picture; web-share\" referrerpolicy=\"strict-origin-when-cross-origin\" allowfullscreen><\/iframe><\/p>\n<p>&nbsp;<\/p>\n<h6 id=\"ciencia-cultura-2022-by-sbpc-is-licensed-under-cc-by-sa-4-0\" style=\"text-align: center;\"><span style=\"color: #808080;\"><a style=\"color: #808080;\" href=\"https:\/\/revistacienciaecultura.org.br\/\">Ci\u00eancia &amp; Cultura<\/a>\u00a0\u00a9 2022 by\u00a0<a style=\"color: #808080;\" href=\"http:\/\/www.sbpcnet.org.br\/\">SBPC<\/a>\u00a0is licensed under\u00a0<a style=\"color: #808080;\" href=\"https:\/\/creativecommons.org\/licenses\/by-sa\/4.0\/\">CC BY-SA 4.0 \u00a0 <\/a><img loading=\"lazy\" class=\"\" src=\"https:\/\/mirrors.creativecommons.org\/presskit\/icons\/cc.svg\" alt=\"\" width=\"30\" height=\"30\" \/><img loading=\"lazy\" class=\"\" src=\"https:\/\/mirrors.creativecommons.org\/presskit\/icons\/by.svg\" alt=\"\" width=\"30\" height=\"30\" \/><img loading=\"lazy\" class=\"\" src=\"https:\/\/mirrors.creativecommons.org\/presskit\/icons\/sa.svg\" alt=\"\" width=\"30\" height=\"30\" \/><\/span><\/h6>\n","protected":false},"excerpt":{"rendered":"Planejamento urbano verde busca equilibrar crescimento econ\u00f4mico, preserva\u00e7\u00e3o ambiental e bem-estar social&hellip;\n","protected":false},"author":19,"featured_media":8936,"comment_status":"open","ping_status":"open","sticky":false,"template":"","format":"standard","meta":[],"categories":[5],"tags":[],"acf":[],"_links":{"self":[{"href":"https:\/\/revistacienciaecultura.org.br\/index.php?rest_route=\/wp\/v2\/posts\/8935"}],"collection":[{"href":"https:\/\/revistacienciaecultura.org.br\/index.php?rest_route=\/wp\/v2\/posts"}],"about":[{"href":"https:\/\/revistacienciaecultura.org.br\/index.php?rest_route=\/wp\/v2\/types\/post"}],"author":[{"embeddable":true,"href":"https:\/\/revistacienciaecultura.org.br\/index.php?rest_route=\/wp\/v2\/users\/19"}],"replies":[{"embeddable":true,"href":"https:\/\/revistacienciaecultura.org.br\/index.php?rest_route=%2Fwp%2Fv2%2Fcomments&post=8935"}],"version-history":[{"count":2,"href":"https:\/\/revistacienciaecultura.org.br\/index.php?rest_route=\/wp\/v2\/posts\/8935\/revisions"}],"predecessor-version":[{"id":9043,"href":"https:\/\/revistacienciaecultura.org.br\/index.php?rest_route=\/wp\/v2\/posts\/8935\/revisions\/9043"}],"wp:featuredmedia":[{"embeddable":true,"href":"https:\/\/revistacienciaecultura.org.br\/index.php?rest_route=\/wp\/v2\/media\/8936"}],"wp:attachment":[{"href":"https:\/\/revistacienciaecultura.org.br\/index.php?rest_route=%2Fwp%2Fv2%2Fmedia&parent=8935"}],"wp:term":[{"taxonomy":"category","embeddable":true,"href":"https:\/\/revistacienciaecultura.org.br\/index.php?rest_route=%2Fwp%2Fv2%2Fcategories&post=8935"},{"taxonomy":"post_tag","embeddable":true,"href":"https:\/\/revistacienciaecultura.org.br\/index.php?rest_route=%2Fwp%2Fv2%2Ftags&post=8935"}],"curies":[{"name":"wp","href":"https:\/\/api.w.org\/{rel}","templated":true}]}}