{"id":8939,"date":"2025-09-16T07:30:12","date_gmt":"2025-09-16T07:30:12","guid":{"rendered":"https:\/\/revistacienciaecultura.org.br\/?p=8939"},"modified":"2025-09-24T14:55:04","modified_gmt":"2025-09-24T14:55:04","slug":"sbpc-lanca-edital-do-7o-premio-carolina-bori-ciencia-mulher","status":"publish","type":"post","link":"https:\/\/revistacienciaecultura.org.br\/?p=8939","title":{"rendered":"SBPC lan\u00e7a edital do 7\u00ba Pr\u00eamio Carolina Bori Ci\u00eancia &#038; Mulher"},"content":{"rendered":"<h4 id=\"vice-presidente-da-entidade-e-coordenadora-desta-edicao-soraya-smaili-convida-sociedades-cientificas-afiliadas-a-participar-com-premio-de-r-25-mil-a-cada-vencedora-iniciativa-busca-valorizar-grand\"><span style=\"color: #808080;\">Vice-presidente da entidade e coordenadora desta edi\u00e7\u00e3o, Soraya Smaili convida sociedades cient\u00edficas afiliadas a participar. Com pr\u00eamio de R$ 25 mil a cada vencedora, iniciativa busca valorizar grandes cientistas brasileiras. Indica\u00e7\u00f5es podem ser feitas at\u00e9 7 de novembro<\/span><\/h4>\n<p>&nbsp;<\/p>\n<p>A Sociedade Brasileira para o Progresso da Ci\u00eancia (SBPC) lan\u00e7a nesta segunda-feira, 15 de setembro, a\u00a0<span style=\"color: #800000;\"><strong><a style=\"color: #800000;\" href=\"https:\/\/www.jornaldaciencia.org.br\/wp-content\/uploads\/2025\/09\/Edital-7-Pr%C3%AAmio-Carolina-Bori-Mulheres-Cientistas-2025-26.pdf\" target=\"_blank\" rel=\"noopener\">chamada da 7\u00aa edi\u00e7\u00e3o do Pr\u00eamio Carolina Bori \u201cCi\u00eancia &amp; Mulher\u201d<\/a><\/strong><\/span>. Dedicada \u00e0 categoria \u201cMulheres Cientistas\u201d, a premia\u00e7\u00e3o busca reconhecer as pesquisadoras brasileiras de institui\u00e7\u00f5es nacionais que tenham prestado relevantes contribui\u00e7\u00f5es \u00e0 Ci\u00eancia e ao desenvolvimento tecnol\u00f3gico do Pa\u00eds.<\/p>\n<p>Ao todo ser\u00e3o tr\u00eas vencedoras, de cada uma das tr\u00eas grandes \u00e1reas do conhecimento: Humanidades; Biol\u00f3gicas e Ci\u00eancias da Sa\u00fade; e Engenharias, Exatas e Ci\u00eancias da Terra. As indica\u00e7\u00f5es para a premia\u00e7\u00e3o poder\u00e3o ser feitas pelas sociedades cient\u00edficas afiliadas \u00e0 SBPC at\u00e9 o dia 07 de novembro.\u00a0<strong>Cada vencedora receber\u00e1 um pr\u00eamio em dinheiro no valor de R$ 25 mil (vinte e cinco mil reais)<\/strong>.<\/p>\n<p>\u201cEstamos lan\u00e7ando mais um Pr\u00eamio Carolina Bori e, neste ano, celebramos o crescimento da premia\u00e7\u00e3o, com o aumento no n\u00famero de inscri\u00e7\u00f5es, que v\u00eam subindo de ano a ano, al\u00e9m do pr\u00f3prio pr\u00eamio, cada vez mais significativo. Isso mostra a for\u00e7a das mulheres pesquisadoras do nosso Pa\u00eds, mas tamb\u00e9m a import\u00e2ncia de valorizarmos e darmos visibilidade ao que elas fazem\u201d, pondera a vice-presidente da SBPC e coordenadora desta 7\u00aa edi\u00e7\u00e3o da iniciativa, Soraya Smaili.<\/p>\n<p>Para participar, a sociedade cient\u00edfica afiliada deve preencher a ficha cadastral e anexar os documentos exigidos no edital\u00a0<span style=\"color: #800000;\"><strong><a style=\"color: #800000;\" href=\"https:\/\/docs.google.com\/forms\/d\/e\/1FAIpQLSfHCsrB5nHCIYb6mKzkVr3bI57A-huMchX1amZGdkGUPE9Bww\/viewform?usp=preview\" target=\"_blank\" rel=\"noopener\">neste formul\u00e1rio online<\/a><\/strong><\/span>. As inscri\u00e7\u00f5es dever\u00e3o ser devidamente justificadas, com informa\u00e7\u00f5es como mini-biografia atualizada da candidata (at\u00e9 500 caracteres, com espa\u00e7o); curr\u00edculo atualizado na Plataforma Lattes (<span style=\"color: #800000;\"><strong><a style=\"color: #800000;\" href=\"http:\/\/lattes.cnpq.br\/\" target=\"_blank\" rel=\"noopener\">http:\/\/lattes.cnpq.br<\/a><\/strong><\/span>); e carta de recomenda\u00e7\u00e3o fundamentada em evid\u00eancias que justifiquem o pr\u00eamio (at\u00e9 2.000 caracteres, com espa\u00e7o e\u00a0<span style=\"color: #800000;\"><strong><a style=\"color: #800000;\" href=\"https:\/\/www.gov.br\/governodigital\/pt-br\/identidade\/assinatura-eletronica\" target=\"_blank\" rel=\"noopener\">assinatura digital pelo sistema gov.br<\/a><\/strong><\/span>).<\/p>\n<p>A cerim\u00f4nia de outorga do pr\u00eamio \u00e0s cientistas contempladas ser\u00e1 realizada no dia 11 de fevereiro de 2026 na Rua Maria Ant\u00f4nia, 294, em S\u00e3o Paulo, onde fica a sede da SBPC. Smaili pondera que iniciativas como o Pr\u00eamio Carolina Bori \u201cCi\u00eancia &amp; Mulher\u201d reparam desigualdades e d\u00e3o o devido reconhecimento \u00e0s profissionais. \u201cS\u00e3o as mulheres ocupando os seus lugares de lideran\u00e7a na Ci\u00eancia brasileira\u201d, conclui.<\/p>\n<p>&nbsp;<\/p>\n<h4 id=\"homenagem-as-cientistas-brasileiras\"><strong>Homenagem \u00e0s cientistas brasileiras<\/strong><\/h4>\n<p>Criado em 2019, o\u00a0<strong>Pr\u00eamio \u201cCarolina Bori Ci\u00eancia &amp; Mulher\u201d<\/strong>\u00a0\u00e9 uma homenagem da SBPC \u00e0s cientistas brasileiras e \u00e0s futuras cientistas brasileiras de not\u00f3rio talento, que leva o nome de sua primeira presidente mulher, Carolina Martuscelli Bori.<\/p>\n<p>Neste ano, a SBPC empossou sua quarta presidente mulher, Francilene Proc\u00f3pio Garcia, e continua com uma Diretoria majoritariamente representada por mulheres. Com essa premia\u00e7\u00e3o, a entidade reafirma seu compromisso de reconhecer, valorizar e promover a lideran\u00e7a feminina na ci\u00eancia brasileira, bem como estimular crian\u00e7as, adolescentes e jovens a seguirem a carreira cient\u00edfica. Apesar de ser mais de 50% da popula\u00e7\u00e3o mundial, as mulheres representam apenas 30% dos cientistas.<\/p>\n<p>O pr\u00eamio ocorre anualmente, alternando duas categorias: \u201cMulheres Cientistas\u201d e \u201cMeninas na Ci\u00eancia\u201d. Na\u00a0<span style=\"color: #800000;\"><a style=\"color: #800000;\" href=\"http:\/\/www.jornaldaciencia.org.br\/sbpc-divulga-vencedoras-do-1o-premio-carolina-bori-ciencia-mulher\/\" target=\"_blank\" rel=\"noopener\"><strong>primeira edi\u00e7\u00e3o<\/strong><\/a><\/span>, 25 Sociedades Cient\u00edficas afiliadas \u00e0 SBPC indicaram 29 cientistas brasileiras. A escolhida para receber o pr\u00eamio na categoria \u201cMulheres Cientistas\u201d foi\u00a0<strong>Helena Bonciani Nader<\/strong>, professora-titular da Universidade Federal de S\u00e3o Paulo (EPM-Unifesp). E\u00a0<strong>Alice Rangel de Paiva Abreu<\/strong>, professora em\u00e9rita da Universidade Federal do Rio de Janeiro (UFRJ), recebeu a \u201cMen\u00e7\u00e3o Honrosa\u201d.<\/p>\n<p>A\u00a0<span style=\"color: #800000;\"><a style=\"color: #800000;\" href=\"http:\/\/www.jornaldaciencia.org.br\/sbpc-divulga-vencedoras-do-3o-premio-carolina-bori-ciencia-mulher\/\" target=\"_blank\" rel=\"noopener\"><strong>3\u00aa edi\u00e7\u00e3o do Pr\u00eamio Carolina Bori \u201cCi\u00eancia &amp; Mulher\u201d<\/strong><\/a><\/span>\u00a0recebeu indica\u00e7\u00f5es de\u00a0<strong>35\u00a0<\/strong>Sociedades Afiliadas \u00e0 SBPC. As vencedoras foram\u00a0<strong>Nilma Lino Gomes<\/strong>, professora titular em\u00e9rita da Faculdade de Educa\u00e7\u00e3o da Universidade Federal de Minas Gerais (UFMG), na \u00e1rea de Humanidades;\u00a0<strong>Gulnar Azevedo e Silva<\/strong>, professora titular do Instituto de Medicina Social da Universidade do Estado do Rio de Janeiro (UERJ), na \u00e1rea de Biol\u00f3gicas e Sa\u00fade; e\u00a0<strong>Beatriz Leonor Silveira Barbuy<\/strong>, professora titular do Instituto de Astronomia, Geof\u00edsica e Ci\u00eancias Atmosf\u00e9ricas (IAG) da Universidade de S\u00e3o Paulo (USP), na \u00e1rea de Engenharias, Exatas e Ci\u00eancias da Terra.<\/p>\n<p>J\u00e1\u00a0<span style=\"color: #800000;\"><strong><a style=\"color: #800000;\" href=\"https:\/\/www.jornaldaciencia.org.br\/cerimonia-de-entrega-do-5o-premio-carolina-bori-ciencia-mulher-valorizou-a-pluralidade-2\/\" target=\"_blank\" rel=\"noopener\">na 5\u00aa edi\u00e7\u00e3o<\/a><\/strong><\/span>, a premia\u00e7\u00e3o recebeu 56 indica\u00e7\u00f5es de 52 sociedades cient\u00edficas afiliadas. A honraria teve como vencedoras a qu\u00edmica\u00a0<strong>Yvonne Mascarenhas<\/strong>, professora aposentada do Instituto de F\u00edsica de S\u00e3o Carlos da Universidade de S\u00e3o Paulo, na \u00e1rea de Engenharias, Exatas e Ci\u00eancias da Terra; a antrop\u00f3loga\u00a0<strong>Maria Manuela Ligeti Carneiro da Cunha<\/strong>, da Universidade de S\u00e3o Paulo e da Universidade de Chicago, na \u00e1rea de Humanidades; e a biom\u00e9dica\u00a0<strong>Regina Pekelmann Markus<\/strong>, do Instituto de Ci\u00eancias Biol\u00f3gicas da Universidade de S\u00e3o Paulo, na \u00e1rea de Biol\u00f3gicas e Sa\u00fade.<\/p>\n<p><strong><a href=\"http:\/\/www.jornaldaciencia.org.br\/wp-content\/uploads\/2025\/09\/Edital-7-Pr%C3%AAmio-Carolina-Bori-Mulheres-Cientistas-2025-26.pdf\" target=\"_blank\" rel=\"noopener\"><span style=\"color: #800000;\">Acesse o edital aqui!<\/span><\/a><\/strong><\/p>\n<p>&nbsp;<\/p>\n<p><a href=\"https:\/\/docs.google.com\/forms\/d\/e\/1FAIpQLSfHCsrB5nHCIYb6mKzkVr3bI57A-huMchX1amZGdkGUPE9Bww\/viewform?usp=preview\" target=\"_blank\" rel=\"noopener\"><strong><span style=\"color: #800000;\">Inscri\u00e7\u00f5es do 7\u00ba Pr\u00eamio Carolina Bori \u201cCi\u00eancia e Mulher\u201d \u2013 clique aqui!<\/span><\/strong><\/a><\/p>\n<p>&nbsp;<\/p>\n<h6 id=\"ciencia-cultura-2022-by-sbpc-is-licensed-under-cc-by-sa-4-0\" style=\"text-align: center;\"><span style=\"color: #808080;\"><a style=\"color: #808080;\" href=\"https:\/\/revistacienciaecultura.org.br\/\">Ci\u00eancia &amp; Cultura<\/a>\u00a0\u00a9 2022 by\u00a0<a style=\"color: #808080;\" href=\"http:\/\/www.sbpcnet.org.br\/\">SBPC<\/a>\u00a0is licensed under\u00a0<a style=\"color: #808080;\" href=\"https:\/\/creativecommons.org\/licenses\/by-sa\/4.0\/\">CC BY-SA 4.0 \u00a0 <\/a><img loading=\"lazy\" class=\"\" src=\"https:\/\/mirrors.creativecommons.org\/presskit\/icons\/cc.svg\" alt=\"\" width=\"30\" height=\"30\" \/><img loading=\"lazy\" class=\"\" src=\"https:\/\/mirrors.creativecommons.org\/presskit\/icons\/by.svg\" alt=\"\" width=\"30\" height=\"30\" \/><img loading=\"lazy\" class=\"\" src=\"https:\/\/mirrors.creativecommons.org\/presskit\/icons\/sa.svg\" alt=\"\" width=\"30\" height=\"30\" \/><\/span><\/h6>\n<p>&nbsp;<\/p>\n<p><span style=\"color: #808080;\"><em>Jornal da Ci\u00eancia<\/em><\/span><\/p>\n","protected":false},"excerpt":{"rendered":"Vice-presidente da entidade e coordenadora desta edi\u00e7\u00e3o, Soraya Smaili convida sociedades cient\u00edficas&hellip;\n","protected":false},"author":19,"featured_media":4705,"comment_status":"open","ping_status":"open","sticky":false,"template":"","format":"standard","meta":[],"categories":[1,2],"tags":[],"acf":[],"_links":{"self":[{"href":"https:\/\/revistacienciaecultura.org.br\/index.php?rest_route=\/wp\/v2\/posts\/8939"}],"collection":[{"href":"https:\/\/revistacienciaecultura.org.br\/index.php?rest_route=\/wp\/v2\/posts"}],"about":[{"href":"https:\/\/revistacienciaecultura.org.br\/index.php?rest_route=\/wp\/v2\/types\/post"}],"author":[{"embeddable":true,"href":"https:\/\/revistacienciaecultura.org.br\/index.php?rest_route=\/wp\/v2\/users\/19"}],"replies":[{"embeddable":true,"href":"https:\/\/revistacienciaecultura.org.br\/index.php?rest_route=%2Fwp%2Fv2%2Fcomments&post=8939"}],"version-history":[{"count":3,"href":"https:\/\/revistacienciaecultura.org.br\/index.php?rest_route=\/wp\/v2\/posts\/8939\/revisions"}],"predecessor-version":[{"id":9041,"href":"https:\/\/revistacienciaecultura.org.br\/index.php?rest_route=\/wp\/v2\/posts\/8939\/revisions\/9041"}],"wp:featuredmedia":[{"embeddable":true,"href":"https:\/\/revistacienciaecultura.org.br\/index.php?rest_route=\/wp\/v2\/media\/4705"}],"wp:attachment":[{"href":"https:\/\/revistacienciaecultura.org.br\/index.php?rest_route=%2Fwp%2Fv2%2Fmedia&parent=8939"}],"wp:term":[{"taxonomy":"category","embeddable":true,"href":"https:\/\/revistacienciaecultura.org.br\/index.php?rest_route=%2Fwp%2Fv2%2Fcategories&post=8939"},{"taxonomy":"post_tag","embeddable":true,"href":"https:\/\/revistacienciaecultura.org.br\/index.php?rest_route=%2Fwp%2Fv2%2Ftags&post=8939"}],"curies":[{"name":"wp","href":"https:\/\/api.w.org\/{rel}","templated":true}]}}