{"id":8983,"date":"2025-09-22T08:22:04","date_gmt":"2025-09-22T08:22:04","guid":{"rendered":"https:\/\/revistacienciaecultura.org.br\/?p=8983"},"modified":"2025-09-24T14:50:25","modified_gmt":"2025-09-24T14:50:25","slug":"cidades-e-educacao-ambiental","status":"publish","type":"post","link":"https:\/\/revistacienciaecultura.org.br\/?p=8983","title":{"rendered":"Cidades e educa\u00e7\u00e3o ambiental"},"content":{"rendered":"<h4 id=\"a-maior-parte-das-cidades-do-brasil-ainda-nao-tem-uma-politica-municipal-de-educacao-ambiental-tema-e-destaque-no-novo-episodio-do-ciencia-cultura-cast\"><span style=\"color: #808080;\">A maior parte das cidades do Brasil ainda n\u00e3o tem uma Politica Municipal de Educa\u00e7\u00e3o Ambiental. Tema \u00e9 destaque no novo epis\u00f3dio do Ci\u00eancia &amp; Cultura Cast.<\/span><\/h4>\n<p>&nbsp;<\/p>\n<p>A maioria dos munic\u00edpios brasileiros ainda n\u00e3o possui uma Pol\u00edtica Municipal de Educa\u00e7\u00e3o Ambiental: apenas 30% das cidades implementaram a\u00e7\u00f5es nessa \u00e1rea. A disparidade regional \u00e9 evidente. Enquanto o Centro-Oeste lidera com 38,1% das cidades aplicando iniciativas, o Sul registra apenas 20%. Os dados fazem parte da Pesquisa de Informa\u00e7\u00f5es B\u00e1sicas Municipais 2023, divulgada pelo IBGE, que tamb\u00e9m analisou aspectos da gest\u00e3o ambiental no pa\u00eds.<\/p>\n<p>O novo epis\u00f3dio do <strong>Ci\u00eancia &amp; Cultura Cast<\/strong>, podcast da revista <a href=\"https:\/\/revistacienciaecultura.org.br\/\"><strong>Ci\u00eancia &amp; Cultura<\/strong><\/a> da SBPC, aborda justamente o tema das cidades e da educa\u00e7\u00e3o ambiental. Para <strong>Edson Grandisoli<\/strong>, consultor e especialista em educa\u00e7\u00e3o clim\u00e1tica e economia circular, o cen\u00e1rio exige uma mudan\u00e7a cultural profunda: <em>\u201cAs mudan\u00e7as clim\u00e1ticas \u00e9 a ponta do iceberg de escolhas hist\u00f3ricas que n\u00f3s temos feito nos \u00faltimos tempos. E a educa\u00e7\u00e3o tem esse papel fundamental de, primeiro, fazer com que as pessoas compreendam um pouco o papel das cidades e o papel das pessoas e institui\u00e7\u00f5es que est\u00e3o nas cidades\u201d<\/em>, afirma.<\/p>\n<p>Os n\u00fameros refor\u00e7am a urg\u00eancia. No Norte, 76% dos munic\u00edpios ainda utilizam lix\u00f5es como destino de res\u00edduos, muito acima da m\u00e9dia nacional de 36%. J\u00e1 os aterros sanit\u00e1rios est\u00e3o presentes em apenas 21% das cidades brasileiras, embora o Sul apresente um desempenho mais positivo, com 45%. Em rela\u00e7\u00e3o \u00e0 coleta seletiva, o quadro \u00e9 igualmente desigual: somente 22% dos munic\u00edpios oferecem o servi\u00e7o, com destaque novamente para o Sul (81%), enquanto o Nordeste aparece com o \u00edndice mais baixo (33%).<\/p>\n<p>Outro dado relevante \u00e9 que 96% das cidades brasileiras contam com servi\u00e7os de drenagem e manejo de \u00e1guas pluviais. Contudo, solu\u00e7\u00f5es inovadoras e sustent\u00e1veis, como jardins de chuva e canteiros pluviais, ainda enfrentam dificuldades de implementa\u00e7\u00e3o, seja pela falta de incentivos financeiros, seja pela consolida\u00e7\u00e3o das \u00e1reas urbanas. Para <strong>Edson Grandisoli<\/strong>, o desafio est\u00e1 tamb\u00e9m em inspirar: <em>\u201cManter-se coerente com os seus valores, comunicar e inspirar outras pessoas a seguirem um caminho similar, eu acho que \u00e9 um caminho bastante interessante e tamb\u00e9m \u00e9 um caminho de educa\u00e7\u00e3o que est\u00e1 presente a\u00ed no nosso dia a dia\u201d<\/em>, conclui.<\/p>\n<p><strong>Ou\u00e7a ao epis\u00f3dio completo:<\/strong><\/p>\n<p><iframe title=\"Spotify Embed: Cidades e educa\u00e7\u00e3o ambiental\" style=\"border-radius: 12px\" width=\"100%\" height=\"152\" frameborder=\"0\" allowfullscreen allow=\"autoplay; clipboard-write; encrypted-media; fullscreen; picture-in-picture\" loading=\"lazy\" src=\"https:\/\/open.spotify.com\/embed\/episode\/4GxLtHELuCmuzpx8PL7sxF?si=5f7d91e92451459f&#038;utm_source=oembed\"><\/iframe><\/p>\n<p>&nbsp;<\/p>\n<h6 id=\"ciencia-cultura-2022-by-sbpc-is-licensed-under-cc-by-sa-4-0\" style=\"text-align: center;\"><span style=\"color: #808080;\"><a style=\"color: #808080;\" href=\"https:\/\/revistacienciaecultura.org.br\/\">Ci\u00eancia &amp; Cultura<\/a>\u00a0\u00a9 2022 by\u00a0<a style=\"color: #808080;\" href=\"http:\/\/www.sbpcnet.org.br\/\">SBPC<\/a>\u00a0is licensed under\u00a0<a style=\"color: #808080;\" href=\"https:\/\/creativecommons.org\/licenses\/by-sa\/4.0\/\">CC BY-SA 4.0 \u00a0 <\/a><img loading=\"lazy\" class=\"\" src=\"https:\/\/mirrors.creativecommons.org\/presskit\/icons\/cc.svg\" alt=\"\" width=\"30\" height=\"30\" \/><img loading=\"lazy\" class=\"\" src=\"https:\/\/mirrors.creativecommons.org\/presskit\/icons\/by.svg\" alt=\"\" width=\"30\" height=\"30\" \/><img loading=\"lazy\" class=\"\" src=\"https:\/\/mirrors.creativecommons.org\/presskit\/icons\/sa.svg\" alt=\"\" width=\"30\" height=\"30\" \/><\/span><\/h6>\n","protected":false},"excerpt":{"rendered":"A maior parte das cidades do Brasil ainda n\u00e3o tem uma Politica&hellip;\n","protected":false},"author":19,"featured_media":8986,"comment_status":"open","ping_status":"open","sticky":false,"template":"","format":"standard","meta":[],"categories":[4],"tags":[],"acf":[],"_links":{"self":[{"href":"https:\/\/revistacienciaecultura.org.br\/index.php?rest_route=\/wp\/v2\/posts\/8983"}],"collection":[{"href":"https:\/\/revistacienciaecultura.org.br\/index.php?rest_route=\/wp\/v2\/posts"}],"about":[{"href":"https:\/\/revistacienciaecultura.org.br\/index.php?rest_route=\/wp\/v2\/types\/post"}],"author":[{"embeddable":true,"href":"https:\/\/revistacienciaecultura.org.br\/index.php?rest_route=\/wp\/v2\/users\/19"}],"replies":[{"embeddable":true,"href":"https:\/\/revistacienciaecultura.org.br\/index.php?rest_route=%2Fwp%2Fv2%2Fcomments&post=8983"}],"version-history":[{"count":2,"href":"https:\/\/revistacienciaecultura.org.br\/index.php?rest_route=\/wp\/v2\/posts\/8983\/revisions"}],"predecessor-version":[{"id":9034,"href":"https:\/\/revistacienciaecultura.org.br\/index.php?rest_route=\/wp\/v2\/posts\/8983\/revisions\/9034"}],"wp:featuredmedia":[{"embeddable":true,"href":"https:\/\/revistacienciaecultura.org.br\/index.php?rest_route=\/wp\/v2\/media\/8986"}],"wp:attachment":[{"href":"https:\/\/revistacienciaecultura.org.br\/index.php?rest_route=%2Fwp%2Fv2%2Fmedia&parent=8983"}],"wp:term":[{"taxonomy":"category","embeddable":true,"href":"https:\/\/revistacienciaecultura.org.br\/index.php?rest_route=%2Fwp%2Fv2%2Fcategories&post=8983"},{"taxonomy":"post_tag","embeddable":true,"href":"https:\/\/revistacienciaecultura.org.br\/index.php?rest_route=%2Fwp%2Fv2%2Ftags&post=8983"}],"curies":[{"name":"wp","href":"https:\/\/api.w.org\/{rel}","templated":true}]}}