{"id":9049,"date":"2025-09-26T19:39:17","date_gmt":"2025-09-26T19:39:17","guid":{"rendered":"https:\/\/revistacienciaecultura.org.br\/?p=9049"},"modified":"2025-09-26T19:39:17","modified_gmt":"2025-09-26T19:39:17","slug":"ocupacao-urbana-e-transformacao-da-natureza","status":"publish","type":"post","link":"https:\/\/revistacienciaecultura.org.br\/?p=9049","title":{"rendered":"Ocupa\u00e7\u00e3o urbana e transforma\u00e7\u00e3o da natureza"},"content":{"rendered":"<h4 id=\"a-ocupacao-urbana-revela-tanto-os-impactos-da-modernizacao-quanto-os-caminhos-possiveis-para-uma-reconciliacao-entre-cidade-e-ambiente\"><span style=\"color: #808080;\">A ocupa\u00e7\u00e3o urbana revela tanto os impactos da moderniza\u00e7\u00e3o quanto os caminhos poss\u00edveis para uma reconcilia\u00e7\u00e3o entre cidade e ambiente.<\/span><\/h4>\n<p>&nbsp;<\/p>\n<p>Ao longo da hist\u00f3ria, o avan\u00e7o das cidades foi marcado pela transforma\u00e7\u00e3o profunda dos territ\u00f3rios: rios foram enterrados, manguezais soterrados e \u00e1reas alag\u00e1veis ocupadas em nome do \u201cprogresso\u201d. O asfalto encobriu a mem\u00f3ria da natureza e consolidou um modelo de urbaniza\u00e7\u00e3o que insiste em apagar sua pr\u00f3pria base de exist\u00eancia. O tema \u00e9 debatido por especialistas no v\u00eddeo da <a href=\"https:\/\/revistacienciaecultura.org.br\/\"><strong><span style=\"color: #000000;\"><span style=\"color: #800000;\">Ci\u00eancia &amp; Cultura<\/span><\/span><\/strong><\/a>.<\/p>\n<p>\u201cQuando a gente fala em degradar ambiente, n\u00f3s estamos falando em degradar as pessoas tamb\u00e9m, porque elas n\u00e3o est\u00e3o separadas\u201d, explica Val\u00e9ria Cristina Pereira Silva, professora do instituo de Estudos Socioambientais da Universidade Federal de Goi\u00e1s (UFG). Essa ocupa\u00e7\u00e3o sem planejamento alterou radicalmente o perfil ecol\u00f3gico urbano, gerando enchentes recorrentes, polui\u00e7\u00e3o, ilhas de calor e a perda da biodiversidade local \u2014 sintomas que tamb\u00e9m amplificam os efeitos da crise clim\u00e1tica.<\/p>\n<p>O processo de urbaniza\u00e7\u00e3o imp\u00f5e press\u00f5es m\u00faltiplas: o desmatamento compromete habitats naturais, a impermeabiliza\u00e7\u00e3o do solo intensifica o escoamento das \u00e1guas e a polui\u00e7\u00e3o do ar e dos rios deteriora ecossistemas e a qualidade de vida. Al\u00e9m disso, a concentra\u00e7\u00e3o de concreto e asfalto eleva as temperaturas nas cidades, configurando as chamadas \u201cilhas de calor urbanas\u201d. \u201cEnquanto a gente estiver achando que a natureza \u00e9 outra coisa, n\u00e3o somos n\u00f3s, a gente vai continuar mal nessa hist\u00f3ria\u201d, alerta Rita de C\u00e1ssia Martins Montezuma, professora Associada do Departamento de Geografia da Universidade Federal Fluminense (UFF) e do Programa de P\u00f3s-Gradua\u00e7\u00e3o em Arquitetura Paisag\u00edstica (MPAP) no PROURB da Universidade Federal do Rio de Janeiro (UFRJ).<\/p>\n<p>Diante desse cen\u00e1rio, resgatar a mem\u00f3ria ambiental dos territ\u00f3rios torna-se fundamental para repensar o futuro urbano. A ci\u00eancia tem papel decisivo em recontar as hist\u00f3rias ocultas sob o concreto e em inspirar novos caminhos. Solu\u00e7\u00f5es baseadas na natureza \u2014 como telhados verdes, parques alag\u00e1veis e corredores ecol\u00f3gicos \u2014 representam alternativas sustent\u00e1veis que n\u00e3o apenas mitigam os impactos da urbaniza\u00e7\u00e3o, mas tamb\u00e9m convidam a reconciliar a cidade com o ambiente. Mais do que obras de engenharia, s\u00e3o projetos de reaproxima\u00e7\u00e3o, que valorizam ci\u00eancia, educa\u00e7\u00e3o e cultura como instrumentos para reimaginar cidades mais resilientes e humanas. \u201cUma solu\u00e7\u00e3o baseada na natureza, se ela n\u00e3o inclui a sociedade, se ela n\u00e3o inclui as pessoas que nela vivem. \u00c9 muito prov\u00e1vel que essa solu\u00e7\u00e3o n\u00e3o d\u00ea certo\u201d, pontua Luis Renato Bezerra Pequeno, professor do Instituto de Arquitetura, Urbanismo e Design da Universidade Federal do Cear\u00e1 (UFC) e do Programa de P\u00f3s-Gradua\u00e7\u00e3o em Arquitetura e Urbanismo + Design.<\/p>\n<p><strong>Assista ao v\u00eddeo completo:<\/strong><\/p>\n<p><iframe loading=\"lazy\" title=\"Ocupa\u00e7\u00e3o urbana e transforma\u00e7\u00e3o da natureza\" width=\"1200\" height=\"675\" src=\"https:\/\/www.youtube.com\/embed\/2E95tdyFfYI?feature=oembed\" frameborder=\"0\" allow=\"accelerometer; autoplay; clipboard-write; encrypted-media; gyroscope; picture-in-picture; web-share\" referrerpolicy=\"strict-origin-when-cross-origin\" allowfullscreen><\/iframe><\/p>\n","protected":false},"excerpt":{"rendered":"A ocupa\u00e7\u00e3o urbana revela tanto os impactos da moderniza\u00e7\u00e3o quanto os caminhos&hellip;\n","protected":false},"author":19,"featured_media":9050,"comment_status":"open","ping_status":"open","sticky":false,"template":"","format":"standard","meta":[],"categories":[5],"tags":[],"acf":[],"_links":{"self":[{"href":"https:\/\/revistacienciaecultura.org.br\/index.php?rest_route=\/wp\/v2\/posts\/9049"}],"collection":[{"href":"https:\/\/revistacienciaecultura.org.br\/index.php?rest_route=\/wp\/v2\/posts"}],"about":[{"href":"https:\/\/revistacienciaecultura.org.br\/index.php?rest_route=\/wp\/v2\/types\/post"}],"author":[{"embeddable":true,"href":"https:\/\/revistacienciaecultura.org.br\/index.php?rest_route=\/wp\/v2\/users\/19"}],"replies":[{"embeddable":true,"href":"https:\/\/revistacienciaecultura.org.br\/index.php?rest_route=%2Fwp%2Fv2%2Fcomments&post=9049"}],"version-history":[{"count":1,"href":"https:\/\/revistacienciaecultura.org.br\/index.php?rest_route=\/wp\/v2\/posts\/9049\/revisions"}],"predecessor-version":[{"id":9051,"href":"https:\/\/revistacienciaecultura.org.br\/index.php?rest_route=\/wp\/v2\/posts\/9049\/revisions\/9051"}],"wp:featuredmedia":[{"embeddable":true,"href":"https:\/\/revistacienciaecultura.org.br\/index.php?rest_route=\/wp\/v2\/media\/9050"}],"wp:attachment":[{"href":"https:\/\/revistacienciaecultura.org.br\/index.php?rest_route=%2Fwp%2Fv2%2Fmedia&parent=9049"}],"wp:term":[{"taxonomy":"category","embeddable":true,"href":"https:\/\/revistacienciaecultura.org.br\/index.php?rest_route=%2Fwp%2Fv2%2Fcategories&post=9049"},{"taxonomy":"post_tag","embeddable":true,"href":"https:\/\/revistacienciaecultura.org.br\/index.php?rest_route=%2Fwp%2Fv2%2Ftags&post=9049"}],"curies":[{"name":"wp","href":"https:\/\/api.w.org\/{rel}","templated":true}]}}