{"id":9081,"date":"2025-10-22T07:30:55","date_gmt":"2025-10-22T07:30:55","guid":{"rendered":"https:\/\/revistacienciaecultura.org.br\/?p=9081"},"modified":"2025-11-25T11:46:31","modified_gmt":"2025-11-25T11:46:31","slug":"moda-inteligente-quando-a-tecnologia-veste-o-futuro","status":"publish","type":"post","link":"https:\/\/revistacienciaecultura.org.br\/?p=9081","title":{"rendered":"Moda inteligente: quando a tecnologia veste o futuro"},"content":{"rendered":"<h4 id=\"tecidos-inteligentes-e-tecnologias-vestiveis-estao-transformando-a-experiencia-de-usar-roupas-e-redesenhando-o-papel-da-moda-na-sociedade\"><span style=\"color: #808080;\">Tecidos inteligentes e tecnologias vest\u00edveis est\u00e3o transformando a experi\u00eancia de usar roupas \u2014 e redesenhando o papel da moda na sociedade.<\/span><\/h4>\n<p>&nbsp;<\/p>\n<p>N\u00e3o \u00e9 s\u00f3 a m\u00fasica que impressiona nas apresenta\u00e7\u00f5es de Beyonc\u00e9. Durante a turn\u00ea <em>Renaissance<\/em>, um dos figurinos da artista roubou a cena: um vestido que muda de cor em pleno palco. A pe\u00e7a, desenvolvida com pigmentos fotocr\u00f4micos, reage \u00e0 luz ultravioleta e cria efeitos visuais em tempo real, aproximando a moda de um espet\u00e1culo cient\u00edfico. Mais do que um detalhe fashion, o epis\u00f3dio ilustra como a tecnologia vem se infiltrando no tecido \u2014 literalmente \u2014 da ind\u00fastria do vestu\u00e1rio.<\/p>\n<p>&nbsp;<\/p>\n<h4 id=\"do-jeans-termorregulador-aos-bio-tecidos-cultivados-em-laboratorio-a-moda-tornou-se-um-laboratorio-vivo-de-ciencia-aplicada\" style=\"text-align: center;\"><span style=\"color: #800000;\"><em>\u201cDo jeans termorregulador aos bio-tecidos cultivados em laborat\u00f3rio, a moda tornou-se um laborat\u00f3rio vivo de ci\u00eancia aplicada.\u201d<\/em><\/span><\/h4>\n<p>&nbsp;<\/p>\n<p>Hoje, roupas n\u00e3o servem apenas para vestir. Tecidos com propriedades antibacterianas, prote\u00e7\u00e3o contra raios UV, regula\u00e7\u00e3o t\u00e9rmica ou at\u00e9 capacidade de autorreparo j\u00e1 est\u00e3o no mercado. Alguns incorporam sensores capazes de monitorar batimentos card\u00edacos e desempenho f\u00edsico, transformando pe\u00e7as em verdadeiras centrais de dados. A chamada \u201ctecnologia vest\u00edvel\u201d avan\u00e7a a passos largos: pulseiras inteligentes e rel\u00f3gios j\u00e1 s\u00e3o comuns, mas especialistas preveem que roupas e cal\u00e7ados conectados ser\u00e3o a pr\u00f3xima fronteira. (<strong>Figura 1<\/strong>)<\/p>\n<h6 id=\"foto-senai-reproducao\" style=\"text-align: center;\"><img loading=\"lazy\" class=\"aligncenter wp-image-9083\" src=\"https:\/\/revistacienciaecultura.org.br\/wp-content\/uploads\/2025\/10\/tecidos-inteligentes-na-moda-scaled-3-300x200.jpeg\" alt=\"\" width=\"500\" height=\"333\" srcset=\"https:\/\/revistacienciaecultura.org.br\/wp-content\/uploads\/2025\/10\/tecidos-inteligentes-na-moda-scaled-3-300x200.jpeg 300w, https:\/\/revistacienciaecultura.org.br\/wp-content\/uploads\/2025\/10\/tecidos-inteligentes-na-moda-scaled-3-1024x683.jpeg 1024w, https:\/\/revistacienciaecultura.org.br\/wp-content\/uploads\/2025\/10\/tecidos-inteligentes-na-moda-scaled-3-768x512.jpeg 768w, https:\/\/revistacienciaecultura.org.br\/wp-content\/uploads\/2025\/10\/tecidos-inteligentes-na-moda-scaled-3-1536x1024.jpeg 1536w, https:\/\/revistacienciaecultura.org.br\/wp-content\/uploads\/2025\/10\/tecidos-inteligentes-na-moda-scaled-3-2048x1366.jpeg 2048w, https:\/\/revistacienciaecultura.org.br\/wp-content\/uploads\/2025\/10\/tecidos-inteligentes-na-moda-scaled-3-18x12.jpeg 18w, https:\/\/revistacienciaecultura.org.br\/wp-content\/uploads\/2025\/10\/tecidos-inteligentes-na-moda-scaled-3-800x533.jpeg 800w, https:\/\/revistacienciaecultura.org.br\/wp-content\/uploads\/2025\/10\/tecidos-inteligentes-na-moda-scaled-3-1160x773.jpeg 1160w, https:\/\/revistacienciaecultura.org.br\/wp-content\/uploads\/2025\/10\/tecidos-inteligentes-na-moda-scaled-3.jpeg 2560w\" sizes=\"(max-width: 500px) 100vw, 500px\" \/><br \/>\n(Foto: Senai. Reprodu\u00e7\u00e3o)<\/h6>\n<p>&nbsp;<\/p>\n<p>A sa\u00fade \u00e9 um dos campos em que essas inova\u00e7\u00f5es mais se destacam. Tecidos tratados com micropart\u00edculas de prata j\u00e1 s\u00e3o utilizados para inibir bact\u00e9rias e odores, e pesquisas avan\u00e7am no desenvolvimento de materiais capazes at\u00e9 de inativar v\u00edrus, como o coronav\u00edrus. Roupas com compress\u00e3o controlada auxiliam na circula\u00e7\u00e3o sangu\u00ednea e na performance esportiva, enquanto cal\u00e7ados com propriedades antibacterianas e hidratantes come\u00e7am a chegar \u00e0s vitrines. Ao mesmo tempo, a nanotecnologia abre caminho para tecidos que repelem l\u00edquidos, protegem contra insetos e se ajustam ao corpo, ampliando o conforto do usu\u00e1rio.<\/p>\n<p>&nbsp;<\/p>\n<h4 id=\"sustentabilidade\"><strong>Sustentabilidade<\/strong><\/h4>\n<p>Mas a revolu\u00e7\u00e3o t\u00eaxtil n\u00e3o se limita \u00e0 funcionalidade. A sustentabilidade \u00e9 um eixo central. A ind\u00fastria, pressionada por cr\u00edticas ao desperd\u00edcio e \u00e0 polui\u00e7\u00e3o, aposta em mat\u00e9rias-primas alternativas: couro de abacaxi, fios reciclados de garrafas PET, res\u00edduos de redes de pesca e fibras de milho ou caf\u00e9. A biotecnologia d\u00e1 origem a bio-tecidos cultivados a partir de fungos e bact\u00e9rias, biodegrad\u00e1veis e de baixo impacto ambiental. Em paralelo, softwares e realidade virtual permitem desenhar, testar e at\u00e9 \u201cexperimentar\u201d roupas digitalmente, reduzindo sobras de produ\u00e7\u00e3o. (<strong>Figura 2<\/strong>)<\/p>\n<h6 id=\"foto-autoindustria-reproducao\" style=\"text-align: center;\"><img loading=\"lazy\" class=\"aligncenter wp-image-9082\" src=\"https:\/\/revistacienciaecultura.org.br\/wp-content\/uploads\/2025\/10\/rede-300x200.jpeg\" alt=\"\" width=\"500\" height=\"334\" srcset=\"https:\/\/revistacienciaecultura.org.br\/wp-content\/uploads\/2025\/10\/rede-300x200.jpeg 300w, https:\/\/revistacienciaecultura.org.br\/wp-content\/uploads\/2025\/10\/rede-768x512.jpeg 768w, https:\/\/revistacienciaecultura.org.br\/wp-content\/uploads\/2025\/10\/rede-18x12.jpeg 18w, https:\/\/revistacienciaecultura.org.br\/wp-content\/uploads\/2025\/10\/rede-800x534.jpeg 800w, https:\/\/revistacienciaecultura.org.br\/wp-content\/uploads\/2025\/10\/rede.jpeg 925w\" sizes=\"(max-width: 500px) 100vw, 500px\" \/><br \/>\n(Foto: Autoind\u00fastria. Reprodu\u00e7\u00e3o)<\/h6>\n<p>&nbsp;<\/p>\n<p>A integra\u00e7\u00e3o entre ci\u00eancia e moda tamb\u00e9m transforma a experi\u00eancia do consumidor. Marcas esportivas j\u00e1 oferecem pe\u00e7as com sensores que enviam dados de respira\u00e7\u00e3o, gasto cal\u00f3rico e desempenho f\u00edsico em tempo real para aplicativos. Estudos de mercado apontam que, at\u00e9 2026, o setor global de tecnologias vest\u00edveis deve movimentar mais de 260 bilh\u00f5es de d\u00f3lares. A tend\u00eancia \u00e9 que roupas, acess\u00f3rios e dispositivos \u201cconversem\u201d entre si, criando um ecossistema de dados voltado ao bem-estar.<\/p>\n<p>&nbsp;<\/p>\n<h4 id=\"a-nanotecnologia-e-a-biotecnologia-ampliam-a-funcionalidade-do-vestuario-enquanto-a-inteligencia-artificial-redefine-o-processo-criativo-e-produtivo\" style=\"text-align: center;\"><span style=\"color: #800000;\"><em>\u201cA nanotecnologia e a biotecnologia ampliam a funcionalidade do vestu\u00e1rio, enquanto a intelig\u00eancia artificial redefine o processo criativo e produtivo.\u201d<\/em><\/span><\/h4>\n<p>&nbsp;<\/p>\n<p>O futuro, portanto, j\u00e1 est\u00e1 sendo costurado. A moda deixa de ser apenas est\u00e9tica para se tornar funcional, conectada e sustent\u00e1vel. Se antes parecia fic\u00e7\u00e3o cient\u00edfica imaginar cal\u00e7as jeans que refrescam em dias de calor ou tecidos que se regeneram ap\u00f3s um rasgo, hoje essas inova\u00e7\u00f5es est\u00e3o ao alcance da m\u00e3o. O desafio \u00e9 torn\u00e1-las acess\u00edveis em larga escala, sem perder de vista o design, o conforto e o compromisso ambiental. Afinal, a roupa do amanh\u00e3 n\u00e3o ser\u00e1 apenas o que voc\u00ea veste, mas tamb\u00e9m o que cuida do seu corpo e do planeta.<\/p>\n<h6 id=\"capa-divulgacao\">(Capa: Divulga\u00e7\u00e3o)<\/h6>\n<p>&nbsp;<\/p>\n<h6 id=\"ciencia-cultura-2022-by-sbpc-is-licensed-under-cc-by-sa-4-0\" style=\"text-align: center;\"><span style=\"color: #808080;\"><a style=\"color: #808080;\" href=\"https:\/\/revistacienciaecultura.org.br\/\">Ci\u00eancia &amp; Cultura<\/a>\u00a0\u00a9 2022 by\u00a0<a style=\"color: #808080;\" href=\"http:\/\/www.sbpcnet.org.br\/\">SBPC<\/a>\u00a0is licensed under\u00a0<a style=\"color: #808080;\" href=\"https:\/\/creativecommons.org\/licenses\/by-sa\/4.0\/\">CC BY-SA 4.0 \u00a0 <\/a><img loading=\"lazy\" class=\"\" src=\"https:\/\/mirrors.creativecommons.org\/presskit\/icons\/cc.svg\" alt=\"\" width=\"30\" height=\"30\" \/><img loading=\"lazy\" class=\"\" src=\"https:\/\/mirrors.creativecommons.org\/presskit\/icons\/by.svg\" alt=\"\" width=\"30\" height=\"30\" \/><img loading=\"lazy\" class=\"\" src=\"https:\/\/mirrors.creativecommons.org\/presskit\/icons\/sa.svg\" alt=\"\" width=\"30\" height=\"30\" \/><\/span><\/h6>\n","protected":false},"excerpt":{"rendered":"Tecidos inteligentes e tecnologias vest\u00edveis est\u00e3o transformando a experi\u00eancia de usar roupas&hellip;\n","protected":false},"author":19,"featured_media":9084,"comment_status":"open","ping_status":"open","sticky":false,"template":"","format":"standard","meta":[],"categories":[1,2,866],"tags":[],"acf":[],"_links":{"self":[{"href":"https:\/\/revistacienciaecultura.org.br\/index.php?rest_route=\/wp\/v2\/posts\/9081"}],"collection":[{"href":"https:\/\/revistacienciaecultura.org.br\/index.php?rest_route=\/wp\/v2\/posts"}],"about":[{"href":"https:\/\/revistacienciaecultura.org.br\/index.php?rest_route=\/wp\/v2\/types\/post"}],"author":[{"embeddable":true,"href":"https:\/\/revistacienciaecultura.org.br\/index.php?rest_route=\/wp\/v2\/users\/19"}],"replies":[{"embeddable":true,"href":"https:\/\/revistacienciaecultura.org.br\/index.php?rest_route=%2Fwp%2Fv2%2Fcomments&post=9081"}],"version-history":[{"count":2,"href":"https:\/\/revistacienciaecultura.org.br\/index.php?rest_route=\/wp\/v2\/posts\/9081\/revisions"}],"predecessor-version":[{"id":9118,"href":"https:\/\/revistacienciaecultura.org.br\/index.php?rest_route=\/wp\/v2\/posts\/9081\/revisions\/9118"}],"wp:featuredmedia":[{"embeddable":true,"href":"https:\/\/revistacienciaecultura.org.br\/index.php?rest_route=\/wp\/v2\/media\/9084"}],"wp:attachment":[{"href":"https:\/\/revistacienciaecultura.org.br\/index.php?rest_route=%2Fwp%2Fv2%2Fmedia&parent=9081"}],"wp:term":[{"taxonomy":"category","embeddable":true,"href":"https:\/\/revistacienciaecultura.org.br\/index.php?rest_route=%2Fwp%2Fv2%2Fcategories&post=9081"},{"taxonomy":"post_tag","embeddable":true,"href":"https:\/\/revistacienciaecultura.org.br\/index.php?rest_route=%2Fwp%2Fv2%2Ftags&post=9081"}],"curies":[{"name":"wp","href":"https:\/\/api.w.org\/{rel}","templated":true}]}}