{"id":9100,"date":"2025-10-30T07:30:56","date_gmt":"2025-10-30T07:30:56","guid":{"rendered":"https:\/\/revistacienciaecultura.org.br\/?p=9100"},"modified":"2025-11-25T11:38:24","modified_gmt":"2025-11-25T11:38:24","slug":"o-compromisso-etico-deve-estar-presente-em-todo-o-ciclo-de-inovacao-da-concepcao-a-aplicacao","status":"publish","type":"post","link":"https:\/\/revistacienciaecultura.org.br\/?p=9100","title":{"rendered":"\u201cO compromisso \u00e9tico deve estar presente em todo o ciclo de inova\u00e7\u00e3o, da concep\u00e7\u00e3o \u00e0 aplica\u00e7\u00e3o.\u201d"},"content":{"rendered":"<h4 id=\"confira-entrevista-com-priscila-rezende-da-costa-coordenadora-do-nucleo-de-inovacao-tecnologica-da-espm\"><span style=\"color: #808080;\">Confira entrevista com Priscila Rezende da Costa, coordenadora do N\u00facleo de Inova\u00e7\u00e3o Tecnol\u00f3gica da ESPM<\/span><\/h4>\n<p>&nbsp;<\/p>\n<p><em>Com uma trajet\u00f3ria marcada pela produ\u00e7\u00e3o cient\u00edfica e pela articula\u00e7\u00e3o entre universidade, empresas e governo, Priscila Rezende da Costa ocupa hoje um lugar de destaque no debate sobre inova\u00e7\u00e3o, empreendedorismo e transforma\u00e7\u00e3o digital no Brasil e no exterior. Professora titular da <\/em><span style=\"color: #800000;\"><a style=\"color: #800000;\" href=\"https:\/\/www.espm.br\/\" target=\"_blank\" rel=\"noopener\"><strong><em>Escola Superior de Propaganda e Marketing (ESPM)<\/em><\/strong><\/a><\/span><em>, atua no Programa de P\u00f3s-Gradua\u00e7\u00e3o em Administra\u00e7\u00e3o (mestrado, doutorado e p\u00f3s-doutorado) e coordena o Instituto de Ci\u00eancia e Tecnologia (ICT ESPM) e o N\u00facleo de Inova\u00e7\u00e3o Tecnol\u00f3gica (NIT ESPM). Sua atua\u00e7\u00e3o transita entre m\u00faltiplas frentes: da coopera\u00e7\u00e3o internacional em pesquisa ao fortalecimento de ecossistemas empreendedores, passando pela edi\u00e7\u00e3o de revistas cient\u00edficas de impacto na \u00e1rea de gest\u00e3o e inova\u00e7\u00e3o. <\/em><em>\u201cA chave est\u00e1 em orientar o conhecimento cient\u00edfico para problemas reais, promovendo inova\u00e7\u00e3o com impacto social efetivo\u201d, defende. <\/em><em>Priscila da Costa lidera discuss\u00f5es sobre temas como capacidades din\u00e2micas, redes tecnol\u00f3gicas e o papel da economia criativa no desenvolvimento sustent\u00e1vel. <\/em><em>\u201cMinha motiva\u00e7\u00e3o sempre esteve ligada ao desejo de compreender como a inova\u00e7\u00e3o pode servir como motor de transforma\u00e7\u00e3o econ\u00f4mica e social\u201d, afirma. <\/em><em>Nesta entrevista, ela compartilha sua vis\u00e3o sobre os desafios da inova\u00e7\u00e3o, as possibilidades de colabora\u00e7\u00e3o entre academia e mercado, e os caminhos para fortalecer a ci\u00eancia e a gest\u00e3o no pa\u00eds.<\/em><\/p>\n<p>&nbsp;<\/p>\n<p><strong>Ci\u00eancia &amp; Cultura<\/strong><strong> \u2013 Sua trajet\u00f3ria acad\u00eamica envolve temas como inova\u00e7\u00e3o, ecossistemas empreendedores e transforma\u00e7\u00e3o digital. O que a motivou a seguir esse caminho e como foi consolidar sua presen\u00e7a em \u00e1reas historicamente dominadas por homens?<\/strong><\/p>\n<p><strong>Priscila Rezende da Costa<\/strong> \u2013 Minha motiva\u00e7\u00e3o sempre esteve ligada ao desejo de compreender como a inova\u00e7\u00e3o pode servir como motor de transforma\u00e7\u00e3o econ\u00f4mica e social. Desde a gradua\u00e7\u00e3o em Administra\u00e7\u00e3o na UFLA at\u00e9 o doutorado na FEA-USP, busquei investigar como a coopera\u00e7\u00e3o tecnol\u00f3gica, os ecossistemas empreendedores e a transforma\u00e7\u00e3o digital poderiam alavancar novos modelos de neg\u00f3cio e desenvolvimento sustent\u00e1vel. Consolidar minha presen\u00e7a em \u00e1reas historicamente masculinas significou n\u00e3o apenas conquistar espa\u00e7o, mas tamb\u00e9m atuar como exemplo para outras mulheres. Essa trajet\u00f3ria exigiu resili\u00eancia, forma\u00e7\u00e3o s\u00f3lida e a capacidade de articular redes acad\u00eamicas e institucionais que reconhecessem o valor da diversidade.<\/p>\n<p>&nbsp;<\/p>\n<h4 id=\"consolidar-minha-presenca-em-areas-historicamente-masculinas-significou-nao-apenas-conquistar-espaco-mas-tambem-atuar-como-exemplo-para-outras-mulheres\" style=\"text-align: center;\"><span style=\"color: #800000;\"><em> \u201cConsolidar minha presen\u00e7a em \u00e1reas historicamente masculinas significou n\u00e3o apenas conquistar espa\u00e7o, mas tamb\u00e9m atuar como exemplo para outras mulheres.\u201d<\/em><\/span><\/h4>\n<p>&nbsp;<\/p>\n<p><strong>C&amp;C<\/strong> \u2013 <strong>Voc\u00ea coordena o Instituto de Ci\u00eancia e Tecnologia da ESPM, al\u00e9m do N\u00facleo de Inova\u00e7\u00e3o Tecnol\u00f3gica. Como essas estruturas contribuem para aproximar a ci\u00eancia da sociedade e impulsionar parcerias entre universidade, empresas e governo?<\/strong><\/p>\n<p><strong>PRC<\/strong> \u2013 O Instituto de Ci\u00eancia e Tecnologia (ICT) e o N\u00facleo de Inova\u00e7\u00e3o Tecnol\u00f3gica (NIT) da ESPM funcionam como plataformas de conex\u00e3o entre a universidade e a sociedade. Por meio deles, fomentamos pesquisas aplicadas, parcerias com empresas e iniciativas com \u00f3rg\u00e3os governamentais, promovendo uma ci\u00eancia orientada a resultados concretos. Essas estruturas permitem que a produ\u00e7\u00e3o cient\u00edfica seja convertida em solu\u00e7\u00f5es inovadoras e socialmente relevantes, al\u00e9m de impulsionar a forma\u00e7\u00e3o de profissionais preparados para lidar com os desafios contempor\u00e2neos.<\/p>\n<p><strong>C&amp;C<\/strong> \u2013 <strong>Voc\u00ea pesquisa coopera\u00e7\u00e3o universidade-empresa-governo, modelo conhecido como &#8220;tr\u00edplice h\u00e9lice&#8221;. Quais os principais desafios e oportunidades para esse tipo de colabora\u00e7\u00e3o no contexto brasileiro atual?<\/strong><\/p>\n<p><strong>PRC<\/strong> \u2013 O modelo de tr\u00edplice h\u00e9lice enfrenta obst\u00e1culos como a burocracia regulat\u00f3ria, a falta de alinhamento de incentivos e a ainda limitada cultura de confian\u00e7a entre academia e setor produtivo. No entanto, o Brasil tem um campo f\u00e9rtil de oportunidades: setores como agroneg\u00f3cio, energia e sa\u00fade apresentam grande potencial de inova\u00e7\u00e3o a partir da coopera\u00e7\u00e3o. Quando h\u00e1 governan\u00e7a adequada e clareza de pap\u00e9is, esse modelo gera resultados que v\u00e3o al\u00e9m da inova\u00e7\u00e3o tecnol\u00f3gica, alcan\u00e7ando tamb\u00e9m impactos sociais e ambientais.<\/p>\n<p>&nbsp;<\/p>\n<h4 id=\"essas-estruturas-permitem-que-a-producao-cientifica-seja-convertida-em-solucoes-inovadoras-e-socialmente-relevantes\" style=\"text-align: center;\"><span style=\"color: #800000;\"><em>\u201cEssas estruturas permitem que a produ\u00e7\u00e3o cient\u00edfica seja convertida em solu\u00e7\u00f5es inovadoras e socialmente relevantes.\u201d<\/em><\/span><\/h4>\n<p>&nbsp;<\/p>\n<p><strong>C&amp;C<\/strong> \u2013 <strong>Em sua vis\u00e3o, como as capacidades din\u00e2micas e as rotas tecnol\u00f3gicas podem ser ferramentas para impulsionar a inova\u00e7\u00e3o com impacto social no Brasil?<\/strong><\/p>\n<p><strong>PRC<\/strong> \u2013 Minhas pesquisas destacam como as capacidades din\u00e2micas \u2014 a habilidade de aprender, adaptar e reconfigurar recursos \u2014 e as rotas tecnol\u00f3gicas \u2014 os caminhos que orientam a evolu\u00e7\u00e3o de tecnologias \u2014 podem ser aplicadas para reduzir desigualdades. No Brasil, essas ferramentas podem direcionar inova\u00e7\u00f5es em \u00e1reas cr\u00edticas, como sa\u00fade p\u00fablica, educa\u00e7\u00e3o e energia limpa. A chave est\u00e1 em orientar o conhecimento cient\u00edfico para problemas reais, promovendo inova\u00e7\u00e3o com impacto social efetivo.<\/p>\n<p><strong>C&amp;C<\/strong> \u2013 <strong>A transforma\u00e7\u00e3o digital e a seguran\u00e7a da informa\u00e7\u00e3o s\u00e3o temas cada vez mais estrat\u00e9gicos. Como equilibrar inova\u00e7\u00e3o tecnol\u00f3gica e responsabilidade \u00e9tica nesses campos?<\/strong><\/p>\n<p><strong>PRC<\/strong> \u2013 A transforma\u00e7\u00e3o digital e a seguran\u00e7a da informa\u00e7\u00e3o est\u00e3o no centro da competitividade, mas tamb\u00e9m da responsabilidade \u00e9tica. O equil\u00edbrio depende de tr\u00eas dimens\u00f5es: governan\u00e7a e regula\u00e7\u00e3o claras, para proteger dados e direitos; forma\u00e7\u00e3o \u00e9tica de profissionais, para que a inova\u00e7\u00e3o seja guiada por valores; e transpar\u00eancia nas organiza\u00e7\u00f5es, para garantir que o avan\u00e7o tecnol\u00f3gico n\u00e3o amplie desigualdades ou vulnerabilidades. O compromisso \u00e9tico deve estar presente em todo o ciclo de inova\u00e7\u00e3o, da concep\u00e7\u00e3o \u00e0 aplica\u00e7\u00e3o.<\/p>\n<p>&nbsp;<\/p>\n<h4 id=\"quando-ha-governanca-adequada-e-clareza-de-papeis-a-triplice-helice-gera-resultados-que-vao-alem-da-inovacao-tecnologica-alcancando-tambem-impactos-sociais-e-ambientais\" style=\"text-align: center;\"><span style=\"color: #800000;\"><em>\u201cQuando h\u00e1 governan\u00e7a adequada e clareza de pap\u00e9is, a tr\u00edplice h\u00e9lice gera resultados que v\u00e3o al\u00e9m da inova\u00e7\u00e3o tecnol\u00f3gica, alcan\u00e7ando tamb\u00e9m impactos sociais e ambientais.\u201d<\/em><\/span><\/h4>\n<p>&nbsp;<\/p>\n<p><strong>C&amp;C<\/strong> \u2013 <strong>Que conselhos voc\u00ea daria a jovens mulheres interessadas em ingressar na pesquisa acad\u00eamica nas \u00e1reas de tecnologia, inova\u00e7\u00e3o e gest\u00e3o, especialmente em posi\u00e7\u00f5es de lideran\u00e7a?<\/strong><\/p>\n<p><strong>PRC<\/strong> \u2013 Meu principal conselho \u00e9: acreditem na sua trajet\u00f3ria e construam redes de apoio. Nas \u00e1reas de inova\u00e7\u00e3o, tecnologia e gest\u00e3o, ainda \u00e9 preciso romper barreiras culturais e institucionais. Para isso, sugiro:<\/p>\n<ul>\n<li>Buscar constante forma\u00e7\u00e3o e internacionaliza\u00e7\u00e3o, como fiz em projetos multic\u00eantricos na Am\u00e9rica Latina e na Europa.<\/li>\n<li>Assumir posi\u00e7\u00f5es de lideran\u00e7a em grupos de pesquisa e comit\u00eas, mesmo diante de resist\u00eancias.<\/li>\n<li>Valorizar a interdisciplinaridade, pois \u00e9 dela que surgem as inova\u00e7\u00f5es mais transformadoras.<\/li>\n<li>E, sobretudo, lembrar que ocupar espa\u00e7os de destaque \u00e9 tamb\u00e9m abrir caminho para outras mulheres.<\/li>\n<\/ul>\n<h6 id=\"ciencia-cultura-2022-by-sbpc-is-licensed-under-cc-by-sa-4-0\" style=\"text-align: center;\"><span style=\"color: #808080;\"><a style=\"color: #808080;\" href=\"https:\/\/revistacienciaecultura.org.br\/\">Ci\u00eancia &amp; Cultura<\/a>\u00a0\u00a9 2022 by\u00a0<a style=\"color: #808080;\" href=\"http:\/\/www.sbpcnet.org.br\/\">SBPC<\/a>\u00a0is licensed under\u00a0<a style=\"color: #808080;\" href=\"https:\/\/creativecommons.org\/licenses\/by-sa\/4.0\/\">CC BY-SA 4.0 \u00a0 <\/a><img loading=\"lazy\" class=\"\" src=\"https:\/\/mirrors.creativecommons.org\/presskit\/icons\/cc.svg\" alt=\"\" width=\"30\" height=\"30\" \/><img loading=\"lazy\" class=\"\" src=\"https:\/\/mirrors.creativecommons.org\/presskit\/icons\/by.svg\" alt=\"\" width=\"30\" height=\"30\" \/><img loading=\"lazy\" class=\"\" src=\"https:\/\/mirrors.creativecommons.org\/presskit\/icons\/sa.svg\" alt=\"\" width=\"30\" height=\"30\" \/><\/span><\/h6>\n","protected":false},"excerpt":{"rendered":"Confira entrevista com Priscila Rezende da Costa, coordenadora do N\u00facleo de Inova\u00e7\u00e3o&hellip;\n","protected":false},"author":19,"featured_media":9101,"comment_status":"open","ping_status":"open","sticky":false,"template":"","format":"standard","meta":[],"categories":[1,2,864],"tags":[],"acf":[],"_links":{"self":[{"href":"https:\/\/revistacienciaecultura.org.br\/index.php?rest_route=\/wp\/v2\/posts\/9100"}],"collection":[{"href":"https:\/\/revistacienciaecultura.org.br\/index.php?rest_route=\/wp\/v2\/posts"}],"about":[{"href":"https:\/\/revistacienciaecultura.org.br\/index.php?rest_route=\/wp\/v2\/types\/post"}],"author":[{"embeddable":true,"href":"https:\/\/revistacienciaecultura.org.br\/index.php?rest_route=\/wp\/v2\/users\/19"}],"replies":[{"embeddable":true,"href":"https:\/\/revistacienciaecultura.org.br\/index.php?rest_route=%2Fwp%2Fv2%2Fcomments&post=9100"}],"version-history":[{"count":2,"href":"https:\/\/revistacienciaecultura.org.br\/index.php?rest_route=\/wp\/v2\/posts\/9100\/revisions"}],"predecessor-version":[{"id":9115,"href":"https:\/\/revistacienciaecultura.org.br\/index.php?rest_route=\/wp\/v2\/posts\/9100\/revisions\/9115"}],"wp:featuredmedia":[{"embeddable":true,"href":"https:\/\/revistacienciaecultura.org.br\/index.php?rest_route=\/wp\/v2\/media\/9101"}],"wp:attachment":[{"href":"https:\/\/revistacienciaecultura.org.br\/index.php?rest_route=%2Fwp%2Fv2%2Fmedia&parent=9100"}],"wp:term":[{"taxonomy":"category","embeddable":true,"href":"https:\/\/revistacienciaecultura.org.br\/index.php?rest_route=%2Fwp%2Fv2%2Fcategories&post=9100"},{"taxonomy":"post_tag","embeddable":true,"href":"https:\/\/revistacienciaecultura.org.br\/index.php?rest_route=%2Fwp%2Fv2%2Ftags&post=9100"}],"curies":[{"name":"wp","href":"https:\/\/api.w.org\/{rel}","templated":true}]}}