{"id":9142,"date":"2025-10-23T07:30:36","date_gmt":"2025-10-23T07:30:36","guid":{"rendered":"https:\/\/revistacienciaecultura.org.br\/?p=9142"},"modified":"2025-10-20T18:58:09","modified_gmt":"2025-10-20T18:58:09","slug":"cidades-e-meio-ambiente-um-olhar-sobre-os-desafios-urbanos-no-brasil-contemporaneo","status":"publish","type":"post","link":"https:\/\/revistacienciaecultura.org.br\/?p=9142","title":{"rendered":"Cidades e meio ambiente: um olhar sobre os desafios urbanos no Brasil contempor\u00e2neo"},"content":{"rendered":"<h4 id=\"voce-pode-baixar-o-pdf-da-revista-ou-ler-a-edicao-em-flipbook-confira\"><span style=\"color: #808080;\">Voc\u00ea pode baixar o PDF da revista ou ler a edi\u00e7\u00e3o em flipbook. Confira!<\/span><\/h4>\n<p>&nbsp;<\/p>\n<p>Desigualdades, eventos clim\u00e1ticos extremos e a urg\u00eancia da justi\u00e7a socioambiental est\u00e3o no centro do debate da nova edi\u00e7\u00e3o da <span style=\"color: #800000;\"><strong><a style=\"color: #800000;\" href=\"https:\/\/revistacienciaecultura.org.br\/\">Ci\u00eancia &amp; Cultura<\/a><\/strong><\/span>, dedicada ao tema <strong>\u201cCidades e Meio Ambiente\u201d<\/strong>. O volume re\u00fane artigos, reportagens, podcasts e v\u00eddeos que exploram as m\u00faltiplas dimens\u00f5es territoriais, socioecon\u00f4micas e ecol\u00f3gicas das cidades brasileiras.<\/p>\n<p>Os textos discutem a realidade urbana em regi\u00f5es como o Nordeste, a Amaz\u00f4nia, o Rio Grande do Sul e as zonas costeiras, abordando temas como <strong>adapta\u00e7\u00e3o clim\u00e1tica<\/strong><strong>, <\/strong><strong>inclus\u00e3o socioprodutiva de catadores<\/strong><strong>, <\/strong><strong>ondas de calor<\/strong><strong>, <\/strong><strong>racismo ambiental<\/strong><strong> e <\/strong><strong>planejamento urbano sustent\u00e1vel<\/strong><strong>.<\/strong><\/p>\n<p>Em um contexto marcado pela expans\u00e3o desordenada e pela desigualdade social, as cidades brasileiras revelam um padr\u00e3o de urbaniza\u00e7\u00e3o \u201cinsustent\u00e1vel\u201d, que compromete tanto a qualidade de vida quanto os sistemas ecol\u00f3gicos que sustentam as comunidades. O fortalecimento institucional, o planejamento baseado em riscos e o uso de <strong>solu\u00e7\u00f5es<\/strong> <strong>baseadas na natureza<\/strong> surgem como caminhos essenciais para a constru\u00e7\u00e3o de infraestruturas mais resilientes e inclusivas. \u201cA emerg\u00eancia clim\u00e1tica n\u00e3o \u00e9 mais uma previs\u00e3o distante, mas uma realidade que transforma radicalmente a vida nas cidades brasileiras\u201d, alerta Pedro Jacobi, professor do Programa de P\u00f3s Gradua\u00e7\u00e3o em Ci\u00eancia Ambiental (PROCAM\/IEE\/USP) da Universidade de S\u00e3o Paulo (USP) e editor deste n\u00famero da <span style=\"color: #800000;\"><strong><a style=\"color: #800000;\" href=\"https:\/\/revistacienciaecultura.org.br\/\">Ci\u00eancia &amp; Cultura<\/a><\/strong><\/span><em><strong>.<\/strong><\/em><\/p>\n<p><em><strong>\u00a0<\/strong><\/em><\/p>\n<h4 id=\"leia-aqui-a-edicao-em-flipbook\" style=\"text-align: center;\"><a href=\"https:\/\/online.fliphtml5.com\/bybrx\/rkpf\/\" target=\"_blank\" rel=\"noopener\"><span style=\"color: #800000;\"><strong>Leia aqui a edi\u00e7\u00e3o em Flipbook<\/strong><\/span><\/a><\/h4>\n<p><a href=\"https:\/\/online.fliphtml5.com\/bybrx\/rkpf\/\" target=\"_blank\" rel=\"noopener\"><img loading=\"lazy\" class=\"size-medium wp-image-9143 aligncenter\" src=\"https:\/\/revistacienciaecultura.org.br\/wp-content\/uploads\/2025\/10\/Capa-Cie\u0302ncia-Cultura-3E25-212x300.jpg\" alt=\"\" width=\"212\" height=\"300\" srcset=\"https:\/\/revistacienciaecultura.org.br\/wp-content\/uploads\/2025\/10\/Capa-Cie\u0302ncia-Cultura-3E25-212x300.jpg 212w, https:\/\/revistacienciaecultura.org.br\/wp-content\/uploads\/2025\/10\/Capa-Cie\u0302ncia-Cultura-3E25-724x1024.jpg 724w, https:\/\/revistacienciaecultura.org.br\/wp-content\/uploads\/2025\/10\/Capa-Cie\u0302ncia-Cultura-3E25-768x1086.jpg 768w, https:\/\/revistacienciaecultura.org.br\/wp-content\/uploads\/2025\/10\/Capa-Cie\u0302ncia-Cultura-3E25-1086x1536.jpg 1086w, https:\/\/revistacienciaecultura.org.br\/wp-content\/uploads\/2025\/10\/Capa-Cie\u0302ncia-Cultura-3E25-8x12.jpg 8w, https:\/\/revistacienciaecultura.org.br\/wp-content\/uploads\/2025\/10\/Capa-Cie\u0302ncia-Cultura-3E25-800x1132.jpg 800w, https:\/\/revistacienciaecultura.org.br\/wp-content\/uploads\/2025\/10\/Capa-Cie\u0302ncia-Cultura-3E25-1160x1641.jpg 1160w, https:\/\/revistacienciaecultura.org.br\/wp-content\/uploads\/2025\/10\/Capa-Cie\u0302ncia-Cultura-3E25.jpg 1414w\" sizes=\"(max-width: 212px) 100vw, 212px\" \/><\/a><\/p>\n<p>&nbsp;<\/p>\n<h4 id=\"leia-aqui-a-edicao-em-pdf\" style=\"text-align: center;\"><a href=\"https:\/\/drive.google.com\/file\/d\/1-l1I6XDMIbwhiOp0o3msopFVoOlyvKHU\/view?usp=sharing\" target=\"_blank\" rel=\"noopener\"><span style=\"color: #800000;\"><strong>Leia aqui a edi\u00e7\u00e3o em PDF<\/strong><\/span><\/a><a href=\"https:\/\/drive.google.com\/file\/d\/1-l1I6XDMIbwhiOp0o3msopFVoOlyvKHU\/view?usp=sharing\" target=\"_blank\" rel=\"noopener\"><img loading=\"lazy\" class=\"size-medium wp-image-9143 aligncenter\" src=\"https:\/\/revistacienciaecultura.org.br\/wp-content\/uploads\/2025\/10\/Capa-Cie\u0302ncia-Cultura-3E25-212x300.jpg\" alt=\"\" width=\"212\" height=\"300\" srcset=\"https:\/\/revistacienciaecultura.org.br\/wp-content\/uploads\/2025\/10\/Capa-Cie\u0302ncia-Cultura-3E25-212x300.jpg 212w, https:\/\/revistacienciaecultura.org.br\/wp-content\/uploads\/2025\/10\/Capa-Cie\u0302ncia-Cultura-3E25-724x1024.jpg 724w, https:\/\/revistacienciaecultura.org.br\/wp-content\/uploads\/2025\/10\/Capa-Cie\u0302ncia-Cultura-3E25-768x1086.jpg 768w, https:\/\/revistacienciaecultura.org.br\/wp-content\/uploads\/2025\/10\/Capa-Cie\u0302ncia-Cultura-3E25-1086x1536.jpg 1086w, https:\/\/revistacienciaecultura.org.br\/wp-content\/uploads\/2025\/10\/Capa-Cie\u0302ncia-Cultura-3E25-8x12.jpg 8w, https:\/\/revistacienciaecultura.org.br\/wp-content\/uploads\/2025\/10\/Capa-Cie\u0302ncia-Cultura-3E25-800x1132.jpg 800w, https:\/\/revistacienciaecultura.org.br\/wp-content\/uploads\/2025\/10\/Capa-Cie\u0302ncia-Cultura-3E25-1160x1641.jpg 1160w, https:\/\/revistacienciaecultura.org.br\/wp-content\/uploads\/2025\/10\/Capa-Cie\u0302ncia-Cultura-3E25.jpg 1414w\" sizes=\"(max-width: 212px) 100vw, 212px\" \/><\/a><\/h4>\n<p>&nbsp;<\/p>\n","protected":false},"excerpt":{"rendered":"Voc\u00ea pode baixar o PDF da revista ou ler a edi\u00e7\u00e3o em&hellip;\n","protected":false},"author":19,"featured_media":9144,"comment_status":"open","ping_status":"open","sticky":false,"template":"","format":"standard","meta":[],"categories":[1,2],"tags":[],"acf":[],"_links":{"self":[{"href":"https:\/\/revistacienciaecultura.org.br\/index.php?rest_route=\/wp\/v2\/posts\/9142"}],"collection":[{"href":"https:\/\/revistacienciaecultura.org.br\/index.php?rest_route=\/wp\/v2\/posts"}],"about":[{"href":"https:\/\/revistacienciaecultura.org.br\/index.php?rest_route=\/wp\/v2\/types\/post"}],"author":[{"embeddable":true,"href":"https:\/\/revistacienciaecultura.org.br\/index.php?rest_route=\/wp\/v2\/users\/19"}],"replies":[{"embeddable":true,"href":"https:\/\/revistacienciaecultura.org.br\/index.php?rest_route=%2Fwp%2Fv2%2Fcomments&post=9142"}],"version-history":[{"count":1,"href":"https:\/\/revistacienciaecultura.org.br\/index.php?rest_route=\/wp\/v2\/posts\/9142\/revisions"}],"predecessor-version":[{"id":9145,"href":"https:\/\/revistacienciaecultura.org.br\/index.php?rest_route=\/wp\/v2\/posts\/9142\/revisions\/9145"}],"wp:featuredmedia":[{"embeddable":true,"href":"https:\/\/revistacienciaecultura.org.br\/index.php?rest_route=\/wp\/v2\/media\/9144"}],"wp:attachment":[{"href":"https:\/\/revistacienciaecultura.org.br\/index.php?rest_route=%2Fwp%2Fv2%2Fmedia&parent=9142"}],"wp:term":[{"taxonomy":"category","embeddable":true,"href":"https:\/\/revistacienciaecultura.org.br\/index.php?rest_route=%2Fwp%2Fv2%2Fcategories&post=9142"},{"taxonomy":"post_tag","embeddable":true,"href":"https:\/\/revistacienciaecultura.org.br\/index.php?rest_route=%2Fwp%2Fv2%2Ftags&post=9142"}],"curies":[{"name":"wp","href":"https:\/\/api.w.org\/{rel}","templated":true}]}}