{"id":9148,"date":"2025-10-28T07:30:55","date_gmt":"2025-10-28T07:30:55","guid":{"rendered":"https:\/\/revistacienciaecultura.org.br\/?p=9148"},"modified":"2025-10-22T11:50:36","modified_gmt":"2025-10-22T11:50:36","slug":"ciclo-11-de-cursos-online-da-sbpc-esta-com-inscricoes-abertas","status":"publish","type":"post","link":"https:\/\/revistacienciaecultura.org.br\/?p=9148","title":{"rendered":"Ciclo 11 de cursos online da SBPC est\u00e1 com inscri\u00e7\u00f5es abertas"},"content":{"rendered":"<h4 id=\"webminicursos-sao-voltados-para-quem-deseja-aprofundar-seus-conhecimentos-em-ciencia-educacao-e-sociedade-e-dao-direito-a-certificado-de-participacao\"><span style=\"color: #808080;\">Webminicursos s\u00e3o voltados para quem deseja aprofundar seus conhecimentos em ci\u00eancia, educa\u00e7\u00e3o e sociedade, e d\u00e3o direito a certificado de participa\u00e7\u00e3o<\/span><\/h4>\n<p>&nbsp;<\/p>\n<p>Est\u00e3o abertas as inscri\u00e7\u00f5es para o Ciclo 11 dos webminicursos (WMCs) oferecidos pela Sociedade Brasileira para o Progresso da Ci\u00eancia (SBPC). Os cursos s\u00e3o totalmente online, com temas variados e voltados para quem deseja aprofundar seus conhecimentos em ci\u00eancia, educa\u00e7\u00e3o e sociedade. Os conte\u00fados s\u00e3o relan\u00e7amentos de minicursos apresentados em Reuni\u00f5es Anuais da SBPC.<\/p>\n<p>Os webminicursos t\u00eam dura\u00e7\u00e3o de 6 horas, com aulas previamente gravadas e disponibilizadas na plataforma Moodle. As inscri\u00e7\u00f5es v\u00e3o at\u00e9\u00a0<strong>02 de dezembro de 2025<\/strong>, e o pagamento da taxa de matr\u00edcula deve ser feito em at\u00e9 1 dia ap\u00f3s a inscri\u00e7\u00e3o. Os participantes t\u00eam at\u00e9\u00a0<strong>08 de dezembro de 2025<\/strong>\u00a0para assistir \u00e0s aulas. Os certificados poder\u00e3o ser acessados de\u00a0<strong>10 de dezembro de 2025 a 14 de abril de 2026<\/strong>. A taxa de matr\u00edcula por curso \u00e9 de R$ 30,00 para s\u00f3cios(as) quites da SBPC e de 50,00 para n\u00e3o s\u00f3cios(as).<\/p>\n<p>&nbsp;<\/p>\n<h4 id=\"beneficio-para-novosas-sociosas\"><strong>Benef\u00edcio para novos(as) s\u00f3cios(as)<\/strong><\/h4>\n<p>Quem se associa \u00e0 SBPC pela primeira vez ganha\u00a0<strong>um WMC gratuito<\/strong>. Ap\u00f3s a associa\u00e7\u00e3o e o pagamento da anuidade, o curso gratuito ser\u00e1 liberado. Al\u00e9m disso, o(a) novo(a) s\u00f3cio(a) tem acesso a descontos em outros WMCs, na Reuni\u00e3o Anual e em diversos eventos promovidos pela entidade.<\/p>\n<p>Associe-se aqui:\u00a0<span style=\"color: #800000;\"><strong><a style=\"color: #800000;\" href=\"http:\/\/portal.sbpcnet.org.br\/socios\/associe-se\/\" target=\"_blank\" rel=\"noopener\">http:\/\/portal.sbpcnet.org.br\/socios\/associe-se\/<\/a><\/strong><\/span><\/p>\n<p>Inscreva-se j\u00e1 e aproveite essa oportunidade de atualizar seu conhecimento:<br \/>\n<span style=\"color: #800000;\"><strong><a style=\"color: #800000;\" href=\"https:\/\/cursos.sbpcnet.org.br\/\" target=\"_blank\" rel=\"noopener\">https:\/\/cursos.sbpcnet.org.br\/<\/a><\/strong><\/span><\/p>\n<p>&nbsp;<\/p>\n<h4 id=\"lista-de-webminicursos\"><strong>Lista de webminicursos:<\/strong><\/h4>\n<p><strong>WMC11-101: APLICA\u00c7\u00c3O DE SENTEN\u00c7AS L\u00d3GICAS NAS PESQUISAS DE ARTIGOS CIENT\u00cdFICOS<\/strong>\u00a0\u2013 Ministrantes:\u00a0Paulo Fernando Leite Filho (UPE), Emanuella Maria Barbosa Louren\u00e7o Bezerra (UFRPE) e Silvia Let\u00edcia da Silva Ferreira (UFRPE)<\/p>\n<p><strong>WMC11-102: INTRODU\u00c7\u00c3O \u00c0 OPTOELETR\u00d4NICA E SPINTR\u00d4NICA<\/strong>\u00a0\u2013 Ministrante:\u00a0Jos\u00e9 Holanda da Silva J\u00fanior (UFRPE)<\/p>\n<p><strong>WMC11-103: MASER DE AM\u00d4NIA: O PRECURSOR DO LASER<\/strong>\u00a0\u2013 Ministrante:\u00a0Wellington Moreira da Silva (UFRPE)<\/p>\n<p><strong>WMC11-104: INCIDENTES COM TUBAR\u00d5ES NO ESTADO DE PERNAMBUCO<\/strong>\u00a0\u2013 Ministrante:\u00a0Cristiane Maria Varela de Ara\u00fajo (UFRPE), Heitor Spinelli Montenegro (UFPE) e Estefani Santana do Nascimento (UFRPE)<\/p>\n<p><strong>WMC11-105: EXPLORANDO O M\u00c9TODO CIENT\u00cdFICO EM EXPERIMENTA\u00c7\u00c3O ANIMAL: DO MANEJO \u00c9TICO \u00c0 AN\u00c1LISE DE DADOS<\/strong>\u00a0\u2013 Ministrantes:<strong>\u00a0<\/strong>Thais Heloise da Silva Almeida (UFPE), Danielle Dutra Pereira (UFPE) e Jeine Emanuele Santos da Silva (UFRPE)<\/p>\n<p><strong>WMC11-106: SA\u00daDE, SUSTENTABILIDADE E PR\u00c1TICAS EDUCATIVAS<\/strong>\u00a0\u2013 Ministrantes:<strong>\u00a0<\/strong>Renata Priscila da Silva (UPE), Rita Paradeda Muhle (UPE) e Telma Temoteo dos Santos (UPE)<\/p>\n<p><strong>WMC11-107: DA D\u00cdVIDA AO DIVIDENDO: COMO SAIR DA CONDI\u00c7\u00c3O DE DEVEDORA PARA INVESTIDORA?<\/strong>\u00a0\u2013 Ministrantes:\u00a0Laurileide Barbosa da Silva (UFRPE) e Dayse Am\u00e2ncio dos Santos Veras Freitas (UFRPE)<\/p>\n<p><strong>WMC11-108: A ESCRITA DA HIST\u00d3RIA NATURAL NO S\u00c9CULO XVI \u2013 PROGRAMAS DE PESQUISA CIENT\u00cdFICA, OBST\u00c1CULOS CONFESSIONAIS E O ESTUDO DA NATUREZA BRASILEIRA<\/strong>\u00a0\u2013 Ministrante:\u00a0Bruno Martins Boto Leite (UFRPE)<\/p>\n<p><strong>WMC11-109: RECURSOS EDUCACIONAIS ABERTOS (REA) NA CULTURA DO REMIX: INTERFACES COM EDUCA\u00c7\u00c3O MEDIADA POR TECNOLOGIAS DIGITAIS<\/strong>\u00a0\u2013 Ministrante:\u00a0Ivanda Maria Martins Silva (UFRPE)<\/p>\n<p><strong>WMC11-110: ESCOLHENDO O PERI\u00d3DICO: COMO SUBMETER SEU ARTIGO SEM CAIR EM PR\u00c1TICAS EDITORIAIS PREDAT\u00d3RIAS<\/strong>\u00a0\u2013 Ministrantes:\u00a0Sigmar de Mello Rode (UNESP), Silvia Regina Galleti (IB) e Edna Frasson de Souza Montero (UNIFESP)<\/p>\n<p><strong>WMC11-111: ARGUMENTA\u00c7\u00c3O NA ESCOLA: CONSTRU\u00c7\u00c3O DE CONHECIMENTO E DI\u00c1LOGO EXPANSIVO<\/strong>\u00a0\u2013 Ministrantes:\u00a0Julia Maria Raposo Gon\u00e7alves de Melo Larr\u00e9 (UFRPE), Carla Lima Richter (IFPE) e Suzana Ferreira Paulino Domingos (UFRPE)<\/p>\n<p><strong>WMC11-112: INTRODU\u00c7\u00c3O \u00c0 PRESERVA\u00c7\u00c3O DO PATRIM\u00d4NIO CULTURAL DE CI\u00caNCIA E TECNOLOGIA<\/strong>\u00a0\u2013 Ministrantes:\u00a0Marcus Granato (MAST), Emanuela Sousa Ribeiro (UFPE) e Bruno Melo de Ara\u00fajo (UFPE)<\/p>\n<p><strong>WMC11-113: G\u00caNERO, SEXUALIDADE E INTERSECCIONALIDADES: A EDUCA\u00c7\u00c3O F\u00cdSICA COMO CATALISADORA DAS DISCUSS\u00d5ES NA ESCOLA<\/strong>\u00a0\u2013 Ministrante:\u00a0Rarielle Rodrigues Lima (UFMA)<\/p>\n<p><strong>WMC11-114: BASES TE\u00d3RICAS DA PESQUISA SOBRE MOVIMENTOS SOCIAIS E ESPORTE<\/strong>\u00a0\u2013 Ministrante:\u00a0Celi Nelza Z\u00fclke Taffarel (UFBA) e Pedro Osmar Flores de Noronha Figueiredo (UEG)<\/p>\n<p>Acesse agora e participe!\u00a0<span style=\"color: #800000;\"><strong><a style=\"color: #800000;\" href=\"https:\/\/cursos.sbpcnet.org.br\/\" target=\"_blank\" rel=\"noopener\">https:\/\/cursos.sbpcnet.org.br\/<\/a><\/strong><\/span><\/p>\n<p><span style=\"color: #808080;\"><em>Jornal da Ci\u00eancia<\/em><\/span><\/p>\n","protected":false},"excerpt":{"rendered":"Webminicursos s\u00e3o voltados para quem deseja aprofundar seus conhecimentos em ci\u00eancia, educa\u00e7\u00e3o&hellip;\n","protected":false},"author":19,"featured_media":1513,"comment_status":"open","ping_status":"open","sticky":false,"template":"","format":"standard","meta":[],"categories":[1,2],"tags":[],"acf":[],"_links":{"self":[{"href":"https:\/\/revistacienciaecultura.org.br\/index.php?rest_route=\/wp\/v2\/posts\/9148"}],"collection":[{"href":"https:\/\/revistacienciaecultura.org.br\/index.php?rest_route=\/wp\/v2\/posts"}],"about":[{"href":"https:\/\/revistacienciaecultura.org.br\/index.php?rest_route=\/wp\/v2\/types\/post"}],"author":[{"embeddable":true,"href":"https:\/\/revistacienciaecultura.org.br\/index.php?rest_route=\/wp\/v2\/users\/19"}],"replies":[{"embeddable":true,"href":"https:\/\/revistacienciaecultura.org.br\/index.php?rest_route=%2Fwp%2Fv2%2Fcomments&post=9148"}],"version-history":[{"count":1,"href":"https:\/\/revistacienciaecultura.org.br\/index.php?rest_route=\/wp\/v2\/posts\/9148\/revisions"}],"predecessor-version":[{"id":9149,"href":"https:\/\/revistacienciaecultura.org.br\/index.php?rest_route=\/wp\/v2\/posts\/9148\/revisions\/9149"}],"wp:featuredmedia":[{"embeddable":true,"href":"https:\/\/revistacienciaecultura.org.br\/index.php?rest_route=\/wp\/v2\/media\/1513"}],"wp:attachment":[{"href":"https:\/\/revistacienciaecultura.org.br\/index.php?rest_route=%2Fwp%2Fv2%2Fmedia&parent=9148"}],"wp:term":[{"taxonomy":"category","embeddable":true,"href":"https:\/\/revistacienciaecultura.org.br\/index.php?rest_route=%2Fwp%2Fv2%2Fcategories&post=9148"},{"taxonomy":"post_tag","embeddable":true,"href":"https:\/\/revistacienciaecultura.org.br\/index.php?rest_route=%2Fwp%2Fv2%2Ftags&post=9148"}],"curies":[{"name":"wp","href":"https:\/\/api.w.org\/{rel}","templated":true}]}}