{"id":9292,"date":"2025-12-04T07:30:24","date_gmt":"2025-12-04T07:30:24","guid":{"rendered":"https:\/\/revistacienciaecultura.org.br\/?p=9292"},"modified":"2025-11-25T10:50:51","modified_gmt":"2025-11-25T10:50:51","slug":"a-matematica-na-arte-de-escher-quando-a-imaginacao-encontra-a-geometria","status":"publish","type":"post","link":"https:\/\/revistacienciaecultura.org.br\/?p=9292","title":{"rendered":"A matem\u00e1tica na arte de Escher: quando a imagina\u00e7\u00e3o encontra a geometria"},"content":{"rendered":"<h4 id=\"a-obra-do-artista-grafico-neerlandes-revela-como-arte-e-ciencia-podem-se-fundir-em-mundos-visuais-que-desafiam-as-leis-da-geometria-da-perspectiva-e-ate-da-realidade\"><span style=\"color: #808080;\">A obra do artista gr\u00e1fico neerland\u00eas revela como arte e ci\u00eancia podem se fundir em mundos visuais que desafiam as leis da geometria, da perspectiva e at\u00e9 da realidade.<\/span><\/h4>\n<p>&nbsp;<\/p>\n<p>Ao observar as obras de Maurits Cornelis Escher (1898-1972), \u00e9 comum o espectador se ver diante de imagens que desafiam a l\u00f3gica, a gravidade e a percep\u00e7\u00e3o do espa\u00e7o. Mas por tr\u00e1s dos cen\u00e1rios imposs\u00edveis, dos planos que se dobram sobre si mesmos e das figuras que se metamorfoseiam umas nas outras, h\u00e1 uma presen\u00e7a constante e fundamental: a matem\u00e1tica. Embora Escher n\u00e3o tenha tido forma\u00e7\u00e3o formal em ci\u00eancias exatas, seu trabalho \u00e9 um exemplo not\u00e1vel de como conceitos matem\u00e1ticos podem ser transformados em experi\u00eancias visuais profundamente po\u00e9ticas e provocativas.<\/p>\n<p>&nbsp;<\/p>\n<h4 id=\"o-encontro-entre-arte-e-geometria\"><strong>O encontro entre arte e geometria<\/strong><\/h4>\n<p>A produ\u00e7\u00e3o art\u00edstica de Escher atravessa fronteiras tradicionais entre arte e ci\u00eancia, explorando conceitos como tessela\u00e7\u00f5es, simetria, ilus\u00f5es de \u00f3tica, geometria n\u00e3o-euclidiana e espa\u00e7os imposs\u00edveis. Suas composi\u00e7\u00f5es n\u00e3o apenas encantam pela beleza formal, mas tamb\u00e9m instigam reflex\u00f5es sobre a natureza da realidade e os limites da percep\u00e7\u00e3o humana.<\/p>\n<p>As tessela\u00e7\u00f5es, por exemplo, t\u00eam papel central em suas obras. Trata-se da repeti\u00e7\u00e3o de padr\u00f5es que recobrem uma superf\u00edcie sem sobreposi\u00e7\u00f5es ou espa\u00e7os vazios. Inspirado pelas decora\u00e7\u00f5es mouras do pal\u00e1cio de Alhambra, na Espanha, Escher foi al\u00e9m da geometria ornamental \u00e1rabe ao incorporar formas da natureza e figuras reconhec\u00edveis em suas divis\u00f5es do plano, como peixes, p\u00e1ssaros, r\u00e9pteis e figuras humanas.<\/p>\n<p>&nbsp;<\/p>\n<h4 id=\"sem-seu-consentimento-a-matematica-o-tornou-mestre-nas-ilusoes-de-otica-possibilitando-a-criacao-de-figuras-aparentemente-tridimensionais-metamorfoses-mosaicos-planos-impossiveis-e-nocoe\" style=\"text-align: center;\"><span style=\"color: #800000;\"><em>\u201cSem seu consentimento, a matem\u00e1tica o tornou mestre nas ilus\u00f5es de \u00f3tica, possibilitando a cria\u00e7\u00e3o de figuras aparentemente tridimensionais, metamorfoses, mosaicos, planos imposs\u00edveis e no\u00e7\u00f5es de profundidade antes inexploradas.\u201d<\/em><\/span><\/h4>\n<p>&nbsp;<\/p>\n<p>As simetrias, sejam por reflex\u00e3o, rota\u00e7\u00e3o ou transla\u00e7\u00e3o, organizam e estruturam esses padr\u00f5es. O artista sabia intuitivamente como manipular essas transforma\u00e7\u00f5es geom\u00e9tricas, alcan\u00e7ando resultados que espantam pela harmonia e complexidade.<\/p>\n<p>Seus espa\u00e7os imposs\u00edveis, como os retratados em \u201cRelativity\u201d ou \u201cAscending and Descending\u201d, s\u00e3o constru\u00eddos a partir de distor\u00e7\u00f5es da perspectiva tradicional. Escadas que parecem subir e descer ao mesmo tempo, planos que se curvam ou se entrela\u00e7am em dimens\u00f5es irreais: tudo isso comp\u00f5e uma narrativa visual que subverte as regras da f\u00edsica e da l\u00f3gica.<\/p>\n<h6 id=\"figura-1-escher-ascending-and-descending-1960\" style=\"text-align: center;\"><img loading=\"lazy\" class=\"aligncenter wp-image-9293\" src=\"https:\/\/revistacienciaecultura.org.br\/wp-content\/uploads\/2025\/11\/Escher-1-227x300.jpeg\" alt=\"\" width=\"379\" height=\"500\" srcset=\"https:\/\/revistacienciaecultura.org.br\/wp-content\/uploads\/2025\/11\/Escher-1-227x300.jpeg 227w, https:\/\/revistacienciaecultura.org.br\/wp-content\/uploads\/2025\/11\/Escher-1-9x12.jpeg 9w, https:\/\/revistacienciaecultura.org.br\/wp-content\/uploads\/2025\/11\/Escher-1.jpeg 275w\" sizes=\"(max-width: 379px) 100vw, 379px\" \/><br \/>\nFigura 1. Escher, \u201cAscending and Descending\u201d, 1960<\/h6>\n<p>&nbsp;<\/p>\n<h4 id=\"a-arte-como-instrumento-de-pensamento-matematico\"><strong>A arte como instrumento de pensamento matem\u00e1tico<\/strong><\/h4>\n<p>Apesar de nunca ter se formado matematicamente, Escher dizia sentir-se mais pr\u00f3ximo dos matem\u00e1ticos do que de seus colegas artistas. Sua obra foi estudada por cientistas e chegou a ser apresentada em confer\u00eancias internacionais de matem\u00e1tica, onde recebeu sugest\u00f5es conceituais para novas cria\u00e7\u00f5es, como as rela\u00e7\u00f5es entre c\u00f4ncavo e convexo.<\/p>\n<p>Sua s\u00e9rie \u201cLimite Circular\u201d, baseada na geometria hiperb\u00f3lica, \u00e9 um dos exemplos mais sofisticados dessa fus\u00e3o entre imagina\u00e7\u00e3o art\u00edstica e abstra\u00e7\u00e3o matem\u00e1tica. Em &#8220;Limite Circular III&#8221;, vemos uma infinidade de peixes dispostos de forma sim\u00e9trica dentro de um c\u00edrculo, diminuindo de tamanho \u00e0 medida que se aproximam da borda, a qual nunca alcan\u00e7am. A imagem se aproxima da ideia de fractais, padr\u00f5es que se repetem indefinidamente em escalas cada vez menores.<\/p>\n<p>&nbsp;<\/p>\n<h6 id=\"figura-2-escher-limite-circular-i\" style=\"text-align: center;\"><img loading=\"lazy\" class=\"aligncenter wp-image-9294\" src=\"https:\/\/revistacienciaecultura.org.br\/wp-content\/uploads\/2025\/11\/Escher-2-300x295.jpeg\" alt=\"\" width=\"500\" height=\"491\" srcset=\"https:\/\/revistacienciaecultura.org.br\/wp-content\/uploads\/2025\/11\/Escher-2-300x295.jpeg 300w, https:\/\/revistacienciaecultura.org.br\/wp-content\/uploads\/2025\/11\/Escher-2-12x12.jpeg 12w, https:\/\/revistacienciaecultura.org.br\/wp-content\/uploads\/2025\/11\/Escher-2-80x80.jpeg 80w, https:\/\/revistacienciaecultura.org.br\/wp-content\/uploads\/2025\/11\/Escher-2.jpeg 611w\" sizes=\"(max-width: 500px) 100vw, 500px\" \/><br \/>\nFigura 2. Escher, Limite Circular I<\/h6>\n<p>&nbsp;<\/p>\n<p>Outro exemplo \u00e9 \u201cMetamorphosis\u201d, obra em que figuras se transformam sucessivamente em padr\u00f5es geom\u00e9tricos, pe\u00e7as de xadrez, abelhas, casas e novamente padr\u00f5es abstratos. Trata-se de uma narrativa visual que une matem\u00e1tica, biologia, arquitetura e filosofia.<\/p>\n<p>&nbsp;<\/p>\n<h4 id=\"tecnicas-de-precisao\"><strong>T\u00e9cnicas de precis\u00e3o<\/strong><\/h4>\n<p>Escher dedicou-se principalmente \u00e0s t\u00e9cnicas da xilogravura, litografia e, em menor escala, ao meio-tom. Essas t\u00e9cnicas exigem planejamento e rigor na execu\u00e7\u00e3o, e foram fundamentais para dar vida aos seus mundos visuais com precis\u00e3o quase cient\u00edfica. Ao entalhar madeira ou desenhar sobre pedra litogr\u00e1fica, Escher controlava cada tra\u00e7o e sombra, criando imagens que pareciam impress\u00f5es da mente.<\/p>\n<p>&nbsp;<\/p>\n<h4 id=\"a-arte-de-escher-requer-da-imaginacao-da-visao-do-intelecto-e-abstrata-em-essencia-mas-permanece-figurativa-ao-brincar-com-as-percepcoes-do-olhar\" style=\"text-align: center;\"><span style=\"color: #800000;\"><em>\u201cA arte de Escher requer da imagina\u00e7\u00e3o, da vis\u00e3o do intelecto \u2014 \u00e9 abstrata em ess\u00eancia, mas permanece figurativa ao brincar com as percep\u00e7\u00f5es do olhar.\u201d<\/em><\/span><\/h4>\n<p>&nbsp;<\/p>\n<h4 id=\"a-influencia-e-o-legado\"><strong>A influ\u00eancia e o legado<\/strong><\/h4>\n<p>A influ\u00eancia de Escher ultrapassou o campo das artes. Suas obras est\u00e3o presentes em livros did\u00e1ticos, inspiram arquitetos, matem\u00e1ticos e cientistas da computa\u00e7\u00e3o, e s\u00e3o refer\u00eancias em estudos de modelagem 3D e design algor\u00edtmico. Seus padr\u00f5es e ilus\u00f5es anteciparam conceitos hoje comuns na gera\u00e7\u00e3o de fractais digitais, estruturas matem\u00e1ticas transformadas em imagens por programas de computador.<\/p>\n<p>A matem\u00e1tica moderna, sobretudo a topologia e as geometrias n\u00e3o-euclidianas, encontrou em Escher uma express\u00e3o visual rara. Seus desenhos exigem n\u00e3o apenas olhar, mas imagina\u00e7\u00e3o: um tipo de &#8220;vis\u00e3o intelectual&#8221; que transforma equa\u00e7\u00f5es em po\u00e9tica visual. N\u00e3o \u00e0 toa, Escher afirmava: <em>&#8220;N\u00e3o se pode compreender o mundo se n\u00e3o se percebe que a matem\u00e1tica e a poesia t\u00eam a mesma raiz.&#8221;<\/em><\/p>\n<p><em>\u00a0<\/em><\/p>\n<p><img loading=\"lazy\" class=\"aligncenter wp-image-9295\" src=\"https:\/\/revistacienciaecultura.org.br\/wp-content\/uploads\/2025\/11\/Escher-3-209x300.jpeg\" alt=\"\" width=\"348\" height=\"500\" srcset=\"https:\/\/revistacienciaecultura.org.br\/wp-content\/uploads\/2025\/11\/Escher-3-209x300.jpeg 209w, https:\/\/revistacienciaecultura.org.br\/wp-content\/uploads\/2025\/11\/Escher-3-713x1024.jpeg 713w, https:\/\/revistacienciaecultura.org.br\/wp-content\/uploads\/2025\/11\/Escher-3-768x1104.jpeg 768w, https:\/\/revistacienciaecultura.org.br\/wp-content\/uploads\/2025\/11\/Escher-3-1069x1536.jpeg 1069w, https:\/\/revistacienciaecultura.org.br\/wp-content\/uploads\/2025\/11\/Escher-3-8x12.jpeg 8w, https:\/\/revistacienciaecultura.org.br\/wp-content\/uploads\/2025\/11\/Escher-3-800x1150.jpeg 800w, https:\/\/revistacienciaecultura.org.br\/wp-content\/uploads\/2025\/11\/Escher-3-1160x1667.jpeg 1160w, https:\/\/revistacienciaecultura.org.br\/wp-content\/uploads\/2025\/11\/Escher-3.jpeg 1183w\" sizes=\"(max-width: 348px) 100vw, 348px\" \/><\/p>\n<h6 id=\"figura-3-escher-hand-with-reflecting-sphere-1935\" style=\"text-align: center;\">Figura 3. Escher, &#8220;Hand with Reflecting Sphere&#8221;, 1935.<\/h6>\n<p>&nbsp;<\/p>\n<h4 id=\"uma-arte-que-pensa\"><strong>Uma arte que pensa<\/strong><\/h4>\n<p>Na era da computa\u00e7\u00e3o gr\u00e1fica e da intelig\u00eancia artificial, a obra de Escher segue atual. Suas imagens continuam nos desafiando a pensar, a ver e a imaginar. Ele nos mostra que a arte n\u00e3o precisa se limitar ao emocional ou ao est\u00e9tico: ela pode ser tamb\u00e9m l\u00f3gica, estruturada, conceitual e ainda assim profundamente humana. Escher gravava com a mente antes de gravar com as m\u00e3os. E sua arte, como poucos conseguiram fazer, uniu com perfei\u00e7\u00e3o o rigor da matem\u00e1tica com a liberdade da imagina\u00e7\u00e3o.<\/p>\n<p>&nbsp;<\/p>\n<h6 id=\"capa-metamorphosis-ii-escher-1939-1940\">Capa. Metamorphosis II, Escher, 1939\u20131940<\/h6>\n<p>&nbsp;<\/p>\n<h6 id=\"ciencia-cultura-2022-by-sbpc-is-licensed-under-cc-by-sa-4-0\" style=\"text-align: center;\"><span style=\"color: #808080;\"><a style=\"color: #808080;\" href=\"https:\/\/revistacienciaecultura.org.br\/\">Ci\u00eancia &amp; Cultura<\/a>\u00a0\u00a9 2022 by\u00a0<a style=\"color: #808080;\" href=\"http:\/\/www.sbpcnet.org.br\/\">SBPC<\/a>\u00a0is licensed under\u00a0<a style=\"color: #808080;\" href=\"https:\/\/creativecommons.org\/licenses\/by-sa\/4.0\/\">CC BY-SA 4.0 \u00a0 <\/a><img loading=\"lazy\" class=\"\" src=\"https:\/\/mirrors.creativecommons.org\/presskit\/icons\/cc.svg\" alt=\"\" width=\"30\" height=\"30\" \/><img loading=\"lazy\" class=\"\" src=\"https:\/\/mirrors.creativecommons.org\/presskit\/icons\/by.svg\" alt=\"\" width=\"30\" height=\"30\" \/><img loading=\"lazy\" class=\"\" src=\"https:\/\/mirrors.creativecommons.org\/presskit\/icons\/sa.svg\" alt=\"\" width=\"30\" height=\"30\" \/><\/span><\/h6>\n","protected":false},"excerpt":{"rendered":"A obra do artista gr\u00e1fico neerland\u00eas revela como arte e ci\u00eancia podem&hellip;\n","protected":false},"author":19,"featured_media":9296,"comment_status":"open","ping_status":"open","sticky":false,"template":"","format":"standard","meta":[],"categories":[1,2],"tags":[],"acf":[],"_links":{"self":[{"href":"https:\/\/revistacienciaecultura.org.br\/index.php?rest_route=\/wp\/v2\/posts\/9292"}],"collection":[{"href":"https:\/\/revistacienciaecultura.org.br\/index.php?rest_route=\/wp\/v2\/posts"}],"about":[{"href":"https:\/\/revistacienciaecultura.org.br\/index.php?rest_route=\/wp\/v2\/types\/post"}],"author":[{"embeddable":true,"href":"https:\/\/revistacienciaecultura.org.br\/index.php?rest_route=\/wp\/v2\/users\/19"}],"replies":[{"embeddable":true,"href":"https:\/\/revistacienciaecultura.org.br\/index.php?rest_route=%2Fwp%2Fv2%2Fcomments&post=9292"}],"version-history":[{"count":2,"href":"https:\/\/revistacienciaecultura.org.br\/index.php?rest_route=\/wp\/v2\/posts\/9292\/revisions"}],"predecessor-version":[{"id":9374,"href":"https:\/\/revistacienciaecultura.org.br\/index.php?rest_route=\/wp\/v2\/posts\/9292\/revisions\/9374"}],"wp:featuredmedia":[{"embeddable":true,"href":"https:\/\/revistacienciaecultura.org.br\/index.php?rest_route=\/wp\/v2\/media\/9296"}],"wp:attachment":[{"href":"https:\/\/revistacienciaecultura.org.br\/index.php?rest_route=%2Fwp%2Fv2%2Fmedia&parent=9292"}],"wp:term":[{"taxonomy":"category","embeddable":true,"href":"https:\/\/revistacienciaecultura.org.br\/index.php?rest_route=%2Fwp%2Fv2%2Fcategories&post=9292"},{"taxonomy":"post_tag","embeddable":true,"href":"https:\/\/revistacienciaecultura.org.br\/index.php?rest_route=%2Fwp%2Fv2%2Ftags&post=9292"}],"curies":[{"name":"wp","href":"https:\/\/api.w.org\/{rel}","templated":true}]}}