{"id":9424,"date":"2025-12-09T07:30:25","date_gmt":"2025-12-09T07:30:25","guid":{"rendered":"https:\/\/revistacienciaecultura.org.br\/?p=9424"},"modified":"2025-12-08T17:45:59","modified_gmt":"2025-12-08T17:45:59","slug":"sbpc-promove-nesta-sexta-segundo-debate-do-ciclo-vozes-da-ciencia-o-brasil-que-queremos-com-foco-nos-desafios-pos-cop30","status":"publish","type":"post","link":"https:\/\/revistacienciaecultura.org.br\/?p=9424","title":{"rendered":"SBPC promove nesta sexta segundo debate do ciclo \u201cVozes da Ci\u00eancia \u2013 O Brasil que queremos\u201d com foco nos desafios p\u00f3s-COP30"},"content":{"rendered":"<h4 id=\"referencias-da-ciencia-brasileira-carlos-alfredo-joly-mariangela-hungria-paulo-artaxo-e-semiramis-domene-discutem-os-rumos-do-pais-em-clima-biodiversidade-energia-e-seguranca-alimentar\"><span style=\"color: #808080;\">Refer\u00eancias da ci\u00eancia brasileira, Carlos Alfredo Joly, Mariangela Hungria, Paulo Artaxo e Semiramis Domene discutem os rumos do Pa\u00eds em clima, biodiversidade, energia e seguran\u00e7a alimentar.\u00a0<\/span><\/h4>\n<p>&nbsp;<\/p>\n<p>Clima extremo, perda de biodiversidade, transi\u00e7\u00e3o energ\u00e9tica e seguran\u00e7a alimentar j\u00e1 fazem parte do cotidiano dos brasileiros e devem ser prioridades nas decis\u00f5es que o pa\u00eds precisar\u00e1 tomar nos pr\u00f3ximos anos. \u00c9 nesse contexto que a Sociedade Brasileira para o Progresso da Ci\u00eancia (SBPC) realiza o segundo debate do ciclo nacional\u00a0<strong>\u201cVozes da Ci\u00eancia \u2013 O Brasil que queremos\u201d<\/strong>, abrindo espa\u00e7o para uma discuss\u00e3o qualificada sobre como a ci\u00eancia pode orientar caminhos mais sustent\u00e1veis, democr\u00e1ticos e socialmente justos para o Brasil.<\/p>\n<p>O encontro acontece nesta sexta-feira, dia\u00a0<strong>12 de dezembro, a partir das 10h<\/strong>, em formato virtual, com transmiss\u00e3o\u00a0<strong>ao vivo pelo canal da SBPC no YouTube<\/strong>\u00a0(<span style=\"color: #800000;\"><strong><a style=\"color: #800000;\" href=\"https:\/\/www.youtube.com\/canalsbpc\" target=\"_blank\" rel=\"noopener\">youtube.com\/canalsbpc<\/a><\/strong><\/span>), e ter\u00e1 como tema\u00a0<strong>\u201cClima, Biodiversidade, Energia e Seguran\u00e7a Alimentar: Desafios da Transi\u00e7\u00e3o Sustent\u00e1vel P\u00f3s-COP30\u201d<\/strong>.<\/p>\n<p>Com media\u00e7\u00e3o de\u00a0<strong>Marilene Corr\u00ea<\/strong>a, diretora da SBPC, o debate reunir\u00e1 cientistas de reconhecida atua\u00e7\u00e3o nacional e internacional:\u00a0<strong>Carlos Alfredo Joly<\/strong>\u00a0(professor em\u00e9rito da Unicamp),\u00a0<strong>Mariangela Hungria<\/strong>\u00a0(pesquisadora da Embrapa e professora da UEL),\u00a0<strong>Paulo Artaxo<\/strong>\u00a0(professor titular do Instituto de F\u00edsica da USP) e\u00a0<strong>Semiramis Domene<\/strong>\u00a0(professora associada e livre-docente da Unifesp). Juntos, eles discutir\u00e3o os principais desafios e oportunidades para alinhar desenvolvimento econ\u00f4mico, prote\u00e7\u00e3o ambiental e justi\u00e7a social no cen\u00e1rio p\u00f3s-COP30.<\/p>\n<p>A iniciativa integra um\u00a0<strong>ciclo de 12 encontros virtuais<\/strong>\u00a0que se estende at\u00e9 24 de abril de 2026, sempre \u00e0s 10h pelo\u00a0<a href=\"https:\/\/www.youtube.com\/canalsbpc\" target=\"_blank\" rel=\"noopener\"><span style=\"color: #800000;\"><strong>canal da SBPC no Youtube<\/strong><\/span><\/a>. As discuss\u00f5es do ciclo ir\u00e3o subsidiar a elabora\u00e7\u00e3o de documentos propositivos, organizados pela SBPC e encaminhados \u00e0s candidatas e aos candidatos nas elei\u00e7\u00f5es de 2026, como contribui\u00e7\u00e3o da comunidade cient\u00edfica para uma agenda nacional orientada pela ci\u00eancia, pela educa\u00e7\u00e3o e pela justi\u00e7a social.<\/p>\n<p>O p\u00fablico \u00e9 convidado a participar ativamente:\u00a0<strong>perguntas e coment\u00e1rios poder\u00e3o ser enviados pelo chat durante a transmiss\u00e3o ao vivo<\/strong>.<\/p>\n<p>&nbsp;<\/p>\n<h4 id=\"programacao-completa-sempre-as-10h\"><strong>Programa\u00e7\u00e3o completa \u2014 sempre \u00e0s 10h<\/strong><\/h4>\n<p><strong>28\/11\/2025<\/strong>\u00a0\u2013\u00a0<i>O Lugar da Ci\u00eancia no Brasil que Queremos \u2013 Democracia e Soberania Sempre<\/i>\u00a0<em>(<\/em><a href=\"https:\/\/www.youtube.com\/watch?v=jatG_G3Lk_M&amp;t=6s\" target=\"_blank\" rel=\"noopener\"><span style=\"color: #800000;\"><strong>dispon\u00edvel na \u00edntegra no canal da SBPC no YouTube<\/strong><\/span><\/a><em>).<\/em><\/p>\n<p><strong>12\/12\/2025<\/strong>\u00a0\u2013\u00a0<strong><i>Clima, Biodiversidade, Energia e Seguran\u00e7a Alimentar: Desafios da Transi\u00e7\u00e3o Sustent\u00e1vel P\u00f3s-COP30<\/i><\/strong><\/p>\n<p><strong>19\/12\/2025<\/strong>\u00a0\u2013\u00a0<i>Ci\u00eancia para o Desenvolvimento e a Reindustrializa\u00e7\u00e3o Sustent\u00e1vel: qual \u00e9 a agenda de C&amp;T para o Brasil?<\/i><\/p>\n<p><strong>23\/01\/2026<\/strong>\u00a0\u2013\u00a0<i>Financiamento da C&amp;T: Perspectivas para o Crescimento do Setor<\/i><\/p>\n<p><strong>06\/02\/2026<\/strong>\u00a0\u2013\u00a0<i>Educa\u00e7\u00e3o para a Emancipa\u00e7\u00e3o: da Educa\u00e7\u00e3o B\u00e1sica \u00e0 P\u00f3s-Gradua\u00e7\u00e3o<\/i><\/p>\n<p><strong>27\/02\/2026<\/strong>\u00a0\u2013\u00a0<i>Sa\u00fade P\u00fablica, Sa\u00fade Global e Vigil\u00e2ncia 360\u00ba<\/i><\/p>\n<p><strong>13\/03\/2026<\/strong>\u00a0\u2013\u00a0<i>Intelig\u00eancia Artificial e Soberania Digital<\/i><\/p>\n<p><strong>20\/03\/2026<\/strong>\u00a0\u2013\u00a0<i>Viol\u00eancia, Direitos e Justi\u00e7a Social<\/i><\/p>\n<p><strong>27\/03\/2026<\/strong>\u00a0\u2013\u00a0<i>Arte, Ci\u00eancia, Cultura e Liberdade de Express\u00e3o na Democracia<\/i><\/p>\n<p><strong>10\/04\/2026<\/strong>\u00a0\u2013\u00a0<i>Diversidade e Inclus\u00e3o no Enfrentamento das Desigualdades<\/i><\/p>\n<p><strong>17\/04\/2026<\/strong>\u00a0\u2013\u00a0<i>Liberdade de Express\u00e3o e Verdade<\/i><\/p>\n<p><strong>24\/04\/2026<\/strong>\u00a0\u2013\u00a0<i>A Pol\u00edtica de Ci\u00eancia, Tecnologia e Inova\u00e7\u00e3o e o Brasil que queremos<\/i><\/p>\n<p>&nbsp;<\/p>\n<p><span style=\"color: #808080;\"><em>SBPC<\/em><\/span><\/p>\n","protected":false},"excerpt":{"rendered":"Refer\u00eancias da ci\u00eancia brasileira, Carlos Alfredo Joly, Mariangela Hungria, Paulo Artaxo e&hellip;\n","protected":false},"author":19,"featured_media":8714,"comment_status":"open","ping_status":"open","sticky":false,"template":"","format":"standard","meta":[],"categories":[1,2],"tags":[],"acf":[],"_links":{"self":[{"href":"https:\/\/revistacienciaecultura.org.br\/index.php?rest_route=\/wp\/v2\/posts\/9424"}],"collection":[{"href":"https:\/\/revistacienciaecultura.org.br\/index.php?rest_route=\/wp\/v2\/posts"}],"about":[{"href":"https:\/\/revistacienciaecultura.org.br\/index.php?rest_route=\/wp\/v2\/types\/post"}],"author":[{"embeddable":true,"href":"https:\/\/revistacienciaecultura.org.br\/index.php?rest_route=\/wp\/v2\/users\/19"}],"replies":[{"embeddable":true,"href":"https:\/\/revistacienciaecultura.org.br\/index.php?rest_route=%2Fwp%2Fv2%2Fcomments&post=9424"}],"version-history":[{"count":1,"href":"https:\/\/revistacienciaecultura.org.br\/index.php?rest_route=\/wp\/v2\/posts\/9424\/revisions"}],"predecessor-version":[{"id":9425,"href":"https:\/\/revistacienciaecultura.org.br\/index.php?rest_route=\/wp\/v2\/posts\/9424\/revisions\/9425"}],"wp:featuredmedia":[{"embeddable":true,"href":"https:\/\/revistacienciaecultura.org.br\/index.php?rest_route=\/wp\/v2\/media\/8714"}],"wp:attachment":[{"href":"https:\/\/revistacienciaecultura.org.br\/index.php?rest_route=%2Fwp%2Fv2%2Fmedia&parent=9424"}],"wp:term":[{"taxonomy":"category","embeddable":true,"href":"https:\/\/revistacienciaecultura.org.br\/index.php?rest_route=%2Fwp%2Fv2%2Fcategories&post=9424"},{"taxonomy":"post_tag","embeddable":true,"href":"https:\/\/revistacienciaecultura.org.br\/index.php?rest_route=%2Fwp%2Fv2%2Ftags&post=9424"}],"curies":[{"name":"wp","href":"https:\/\/api.w.org\/{rel}","templated":true}]}}