{"id":9519,"date":"2026-01-07T07:30:18","date_gmt":"2026-01-07T07:30:18","guid":{"rendered":"https:\/\/revistacienciaecultura.org.br\/?p=9519"},"modified":"2026-01-05T18:44:29","modified_gmt":"2026-01-05T18:44:29","slug":"quando-o-espaco-se-curva-e-o-tempo-desacelera","status":"publish","type":"post","link":"https:\/\/revistacienciaecultura.org.br\/?p=9519","title":{"rendered":"Quando o espa\u00e7o se curva e o tempo desacelera"},"content":{"rendered":"<h4 id=\"como-a-teoria-da-relatividade-mudou-nossa-visao-do-universo-e-por-que-ela-ainda-governa-o-mundo-moderno\"><strong><span style=\"color: #808080;\">Como a teoria da relatividade mudou nossa vis\u00e3o do Universo \u2014 e por que ela ainda governa o mundo moderno<\/span><\/strong><\/h4>\n<p>&nbsp;<\/p>\n<p>Poucas ideias cient\u00edficas conseguiram transformar de forma t\u00e3o radical a maneira como a humanidade entende a realidade quanto a teoria da relatividade. Formulada por Albert Einstein no in\u00edcio do s\u00e9culo 20, ela alterou no\u00e7\u00f5es que pareciam absolutas \u2014 como espa\u00e7o, tempo e gravidade \u2014 e abriu caminho para explicar desde a \u00f3rbita dos planetas at\u00e9 o funcionamento do GPS no celular. Mais de um s\u00e9culo depois, suas previs\u00f5es continuam sendo testadas, confirmadas e aplicadas, mostrando que aquela revolu\u00e7\u00e3o intelectual est\u00e1 longe de ser apenas um cap\u00edtulo da hist\u00f3ria da ci\u00eancia.<\/p>\n<p>A chamada teoria da relatividade, na verdade, re\u00fane duas formula\u00e7\u00f5es distintas e complementares: a teoria da relatividade restrita, publicada em 1905, e a teoria da relatividade geral, apresentada em 1915. Juntas, elas formam um dos pilares da f\u00edsica moderna, redefinindo como fen\u00f4menos extremos \u2014 velocidades pr\u00f3ximas \u00e0 da luz ou campos gravitacionais intensos \u2014 moldam o comportamento do Universo.<\/p>\n<h3 id=\"\"><strong>\u00a0<\/strong><\/h3>\n<h4 id=\"o-fim-das-certezas-absolutas\"><strong>O fim das certezas absolutas<\/strong><\/h4>\n<p>At\u00e9 o in\u00edcio do s\u00e9culo 20, a f\u00edsica newtoniana parecia suficiente para explicar o mundo. Isaac Newton descrevera a gravidade como uma for\u00e7a de atra\u00e7\u00e3o instant\u00e2nea entre corpos com massa, v\u00e1lida tanto para uma ma\u00e7\u00e3 caindo quanto para o movimento dos planetas. Espa\u00e7o e tempo eram vistos como cen\u00e1rios fixos, imut\u00e1veis, onde a mat\u00e9ria simplesmente se movia.<\/p>\n<p>Essa vis\u00e3o come\u00e7ou a ruir com experimentos que desafiaram conceitos fundamentais. Em 1887, Albert Michelson e Edward Morley tentaram detectar o chamado \u201c\u00e9ter\u201d, uma subst\u00e2ncia hipot\u00e9tica que preencheria o espa\u00e7o e serviria de meio para a propaga\u00e7\u00e3o da luz. O resultado foi desconcertante: o \u00e9ter parecia n\u00e3o existir. A velocidade da luz permanecia a mesma, independentemente do movimento da Terra.<\/p>\n<p>&nbsp;<\/p>\n<h4 id=\"ao-mostrar-que-espaco-e-tempo-nao-sao-absolutos-a-relatividade-desmontou-uma-das-certezas-mais-profundas-da-fisica-classica\" style=\"text-align: center;\"><span style=\"color: #800000;\"><em>\u201cAo mostrar que espa\u00e7o e tempo n\u00e3o s\u00e3o absolutos, a relatividade desmontou uma das certezas mais profundas da f\u00edsica cl\u00e1ssica.\u201d<\/em><\/span><\/h4>\n<p>&nbsp;<\/p>\n<p>Esses resultados intrigaram f\u00edsicos como Henri Poincar\u00e9 e Hendrik Lorentz, que desenvolveram ideias matem\u00e1ticas sofisticadas para lidar com o problema. Mas foi Einstein quem deu o salto conceitual decisivo. Em 1905, em seu c\u00e9lebre <em>annus mirabilis<\/em>, ele publicou o artigo <em>\u201cSobre a eletrodin\u00e2mica dos corpos em movimento\u201d<\/em>, propondo dois postulados simples e devastadores para as certezas cl\u00e1ssicas: as leis da f\u00edsica s\u00e3o as mesmas para todos os observadores em movimento uniforme, e a velocidade da luz no v\u00e1cuo \u00e9 a mesma para todos eles, n\u00e3o importa como estejam se movendo.<\/p>\n<h3 id=\"-2\"><strong>\u00a0<\/strong><\/h3>\n<h4 id=\"tempo-e-espaco-deixam-de-ser-absolutos\"><strong>Tempo e espa\u00e7o deixam de ser absolutos<\/strong><\/h4>\n<p>As consequ\u00eancias da relatividade restrita foram profundas e, \u00e0 primeira vista, contraintuitivas. Se a velocidade da luz \u00e9 a mesma para todos, ent\u00e3o espa\u00e7o e tempo n\u00e3o podem ser universais. Rel\u00f3gios em movimento passam a marcar o tempo mais lentamente \u2014 um efeito conhecido como dilata\u00e7\u00e3o do tempo. Objetos que se deslocam a velocidades pr\u00f3ximas \u00e0 da luz encurtam na dire\u00e7\u00e3o do movimento \u2014 a contra\u00e7\u00e3o do comprimento. E a simultaneidade deixa de ser um conceito absoluto: dois eventos que parecem ocorrer ao mesmo tempo para um observador podem n\u00e3o ser simult\u00e2neos para outro.<\/p>\n<p>Nada disso \u00e9 mera abstra\u00e7\u00e3o. Esses efeitos j\u00e1 foram medidos experimentalmente in\u00fameras vezes e s\u00e3o essenciais para tecnologias modernas. Sat\u00e9lites do sistema GPS, por exemplo, precisam corrigir continuamente seus rel\u00f3gios para levar em conta tanto a relatividade restrita quanto a geral. Sem isso, erros de posicionamento de quil\u00f4metros surgiriam em poucas horas. (<strong>Figura 1<\/strong>)<\/p>\n<h6 id=\"figura-1-satelite-gps-block-ii-f-na-orbita-terrestreimagem-nasa-reproducao\" style=\"text-align: center;\"><img loading=\"lazy\" class=\"aligncenter wp-image-9520\" src=\"https:\/\/revistacienciaecultura.org.br\/wp-content\/uploads\/2026\/01\/relatividade-fig1-300x240.jpeg\" alt=\"\" width=\"500\" height=\"401\" srcset=\"https:\/\/revistacienciaecultura.org.br\/wp-content\/uploads\/2026\/01\/relatividade-fig1-300x240.jpeg 300w, https:\/\/revistacienciaecultura.org.br\/wp-content\/uploads\/2026\/01\/relatividade-fig1-768x615.jpeg 768w, https:\/\/revistacienciaecultura.org.br\/wp-content\/uploads\/2026\/01\/relatividade-fig1-15x12.jpeg 15w, https:\/\/revistacienciaecultura.org.br\/wp-content\/uploads\/2026\/01\/relatividade-fig1-800x641.jpeg 800w, https:\/\/revistacienciaecultura.org.br\/wp-content\/uploads\/2026\/01\/relatividade-fig1.jpeg 960w\" sizes=\"(max-width: 500px) 100vw, 500px\" \/><br \/>\n<strong>Figura 1. Sat\u00e9lite GPS Block II-F na \u00f3rbita terrestre<br \/>\n<\/strong>(Imagem: NASA. Reprodu\u00e7\u00e3o)<\/h6>\n<p>&nbsp;<\/p>\n<h4 id=\"a-gravidade-como-geometria-do-universo\"><strong>A gravidade como geometria do Universo<\/strong><\/h4>\n<p>Mesmo com o sucesso da relatividade restrita, Einstein sabia que faltava algo fundamental: a gravidade. Durante cerca de dez anos, ele se dedicou a resolver esse problema. O ponto de virada veio com um experimento mental que considerou \u201ca ideia mais feliz de sua vida\u201d: perceber que algu\u00e9m em queda livre n\u00e3o sente seu pr\u00f3prio peso, assim como um astronauta flutuando no espa\u00e7o. Gravidade e acelera\u00e7\u00e3o pareciam, de alguma forma, equivalentes.<\/p>\n<p>Dessa intui\u00e7\u00e3o nasceu a teoria da relatividade geral, apresentada em 1915. Nela, a gravidade deixa de ser uma for\u00e7a no sentido cl\u00e1ssico e passa a ser interpretada como uma curvatura do espa\u00e7o-tempo causada pela presen\u00e7a de massa e energia. O espa\u00e7o e o tempo formam um tecido cont\u00ednuo que se deforma na presen\u00e7a de corpos massivos, como estrelas e planetas. Os objetos n\u00e3o s\u00e3o \u201cpuxados\u201d pela gravidade: eles simplesmente seguem os caminhos curvos desse tecido.<\/p>\n<p>Como resumiu o f\u00edsico John Archibald Wheeler, em uma das frases mais c\u00e9lebres da f\u00edsica moderna: \u201c<em>o espa\u00e7o diz \u00e0 mat\u00e9ria como se mover, e a mat\u00e9ria diz ao espa\u00e7o como se curvar\u201d<\/em>.<\/p>\n<h3 id=\"-3\"><\/h3>\n<h4 id=\"sobral-e-a-confirmacao-historica\"><strong>Sobral e a confirma\u00e7\u00e3o hist\u00f3rica<\/strong><\/h4>\n<p>Uma teoria t\u00e3o ousada precisava de comprova\u00e7\u00e3o experimental. A oportunidade surgiu em 1919, durante um eclipse solar total. Segundo a relatividade geral, a luz das estrelas ao passar perto do Sol deveria sofrer um pequeno desvio, causado pela curvatura do espa\u00e7o-tempo em torno da estrela.<\/p>\n<p>Expedi\u00e7\u00f5es cient\u00edficas foram organizadas para dois pontos estrat\u00e9gicos: a Ilha do Pr\u00edncipe, na \u00c1frica, e Sobral, no interior do Cear\u00e1. Enquanto o mau tempo dificultou as observa\u00e7\u00f5es na \u00c1frica, Sobral ofereceu c\u00e9u limpo e condi\u00e7\u00f5es ideais. Ali, astr\u00f4nomos conseguiram registrar o desvio da luz de 12 estrelas pr\u00f3ximas ao Sol eclipsado. (<strong>Figura 2<\/strong>)<\/p>\n<h6 id=\"figura-2-eclipse-de-sobral-no-interior-do-ceara-em-1919-imagem-observatorio-nacional-divulgacao\" style=\"text-align: center;\"><img loading=\"lazy\" class=\"aligncenter wp-image-9521\" src=\"https:\/\/revistacienciaecultura.org.br\/wp-content\/uploads\/2026\/01\/relatividade-fig2-222x300.png\" alt=\"\" width=\"370\" height=\"500\" srcset=\"https:\/\/revistacienciaecultura.org.br\/wp-content\/uploads\/2026\/01\/relatividade-fig2-222x300.png 222w, https:\/\/revistacienciaecultura.org.br\/wp-content\/uploads\/2026\/01\/relatividade-fig2-758x1024.png 758w, https:\/\/revistacienciaecultura.org.br\/wp-content\/uploads\/2026\/01\/relatividade-fig2-768x1037.png 768w, https:\/\/revistacienciaecultura.org.br\/wp-content\/uploads\/2026\/01\/relatividade-fig2-1137x1536.png 1137w, https:\/\/revistacienciaecultura.org.br\/wp-content\/uploads\/2026\/01\/relatividade-fig2-1516x2048.png 1516w, https:\/\/revistacienciaecultura.org.br\/wp-content\/uploads\/2026\/01\/relatividade-fig2-9x12.png 9w, https:\/\/revistacienciaecultura.org.br\/wp-content\/uploads\/2026\/01\/relatividade-fig2-800x1081.png 800w, https:\/\/revistacienciaecultura.org.br\/wp-content\/uploads\/2026\/01\/relatividade-fig2-1160x1567.png 1160w, https:\/\/revistacienciaecultura.org.br\/wp-content\/uploads\/2026\/01\/relatividade-fig2.png 2019w\" sizes=\"(max-width: 370px) 100vw, 370px\" \/><br \/>\n<strong>Figura 2. Eclipse de Sobral, no interior do Cear\u00e1, em 1919.<br \/>\n<\/strong>(Imagem: Observat\u00f3rio Nacional. Divulga\u00e7\u00e3o)<\/h6>\n<p>&nbsp;<\/p>\n<p>Meses depois, os resultados foram anunciados: as medi\u00e7\u00f5es confirmavam exatamente as previs\u00f5es de Einstein. A relatividade geral estava comprovada. O impacto foi imediato. Em poucos dias, jornais do mundo inteiro estampavam manchetes sobre a nova teoria que \u201cderrubara Newton\u201d. Einstein, at\u00e9 ent\u00e3o pouco conhecido fora dos c\u00edrculos acad\u00eamicos, tornou-se uma celebridade global.<\/p>\n<p>Curiosamente, quando recebeu o Pr\u00eamio Nobel de F\u00edsica, em 1921, n\u00e3o foi pela relatividade, considerada ainda controversa, mas pela explica\u00e7\u00e3o do efeito fotoel\u00e9trico \u2014 outra de suas contribui\u00e7\u00f5es fundamentais.<\/p>\n<h3 id=\"-4\"><strong>\u00a0<\/strong><\/h3>\n<h4 id=\"do-cosmos-ao-cotidiano\"><strong>Do cosmos ao cotidiano<\/strong><\/h4>\n<p>Desde ent\u00e3o, a relatividade se consolidou como base para a compreens\u00e3o do Universo. Ela explica a precess\u00e3o da \u00f3rbita de Merc\u00fario, prev\u00ea a exist\u00eancia de buracos negros, descreve a expans\u00e3o do cosmos e antecipou fen\u00f4menos como as ondas gravitacionais, detectadas diretamente apenas em 2015, cem anos depois de previstas.<\/p>\n<p>&nbsp;<\/p>\n<h4 id=\"mais-de-cem-anos-depois-a-relatividade-segue-governando-tanto-o-movimento-das-galaxias-quanto-o-funcionamento-do-gps-no-bolso\" style=\"text-align: center;\"><span style=\"color: #800000;\"><em>\u201cMais de cem anos depois, a relatividade segue governando tanto o movimento das gal\u00e1xias quanto o funcionamento do GPS no bolso.\u201d<\/em><\/span><\/h4>\n<p>&nbsp;<\/p>\n<p>Ao mesmo tempo, suas aplica\u00e7\u00f5es est\u00e3o profundamente integradas ao cotidiano. Al\u00e9m do GPS, a relatividade \u00e9 essencial para o estudo de part\u00edculas subat\u00f4micas em aceleradores, para o funcionamento de eletro\u00edm\u00e3s, tubos de raio cat\u00f3dico e reatores nucleares, e at\u00e9 para explicar propriedades do ouro, como sua cor e durabilidade.<\/p>\n<p>Mais de um s\u00e9culo ap\u00f3s sua formula\u00e7\u00e3o, a teoria da relatividade continua surpreendendo pela precis\u00e3o e pela eleg\u00e2ncia. Ela mostrou que o Universo \u00e9 mais estranho \u2014 e mais belo \u2014 do que o senso comum poderia imaginar. Ao curvar o espa\u00e7o e desacelerar o tempo, Einstein n\u00e3o apenas redefiniu a f\u00edsica: redefiniu os limites da pr\u00f3pria imagina\u00e7\u00e3o cient\u00edfica.<\/p>\n","protected":false},"excerpt":{"rendered":"Como a teoria da relatividade mudou nossa vis\u00e3o do Universo \u2014 e&hellip;\n","protected":false},"author":19,"featured_media":9523,"comment_status":"open","ping_status":"open","sticky":false,"template":"","format":"standard","meta":[],"categories":[1,2],"tags":[],"acf":[],"_links":{"self":[{"href":"https:\/\/revistacienciaecultura.org.br\/index.php?rest_route=\/wp\/v2\/posts\/9519"}],"collection":[{"href":"https:\/\/revistacienciaecultura.org.br\/index.php?rest_route=\/wp\/v2\/posts"}],"about":[{"href":"https:\/\/revistacienciaecultura.org.br\/index.php?rest_route=\/wp\/v2\/types\/post"}],"author":[{"embeddable":true,"href":"https:\/\/revistacienciaecultura.org.br\/index.php?rest_route=\/wp\/v2\/users\/19"}],"replies":[{"embeddable":true,"href":"https:\/\/revistacienciaecultura.org.br\/index.php?rest_route=%2Fwp%2Fv2%2Fcomments&post=9519"}],"version-history":[{"count":2,"href":"https:\/\/revistacienciaecultura.org.br\/index.php?rest_route=\/wp\/v2\/posts\/9519\/revisions"}],"predecessor-version":[{"id":9524,"href":"https:\/\/revistacienciaecultura.org.br\/index.php?rest_route=\/wp\/v2\/posts\/9519\/revisions\/9524"}],"wp:featuredmedia":[{"embeddable":true,"href":"https:\/\/revistacienciaecultura.org.br\/index.php?rest_route=\/wp\/v2\/media\/9523"}],"wp:attachment":[{"href":"https:\/\/revistacienciaecultura.org.br\/index.php?rest_route=%2Fwp%2Fv2%2Fmedia&parent=9519"}],"wp:term":[{"taxonomy":"category","embeddable":true,"href":"https:\/\/revistacienciaecultura.org.br\/index.php?rest_route=%2Fwp%2Fv2%2Fcategories&post=9519"},{"taxonomy":"post_tag","embeddable":true,"href":"https:\/\/revistacienciaecultura.org.br\/index.php?rest_route=%2Fwp%2Fv2%2Ftags&post=9519"}],"curies":[{"name":"wp","href":"https:\/\/api.w.org\/{rel}","templated":true}]}}