{"id":9525,"date":"2026-01-06T07:30:17","date_gmt":"2026-01-06T07:30:17","guid":{"rendered":"https:\/\/revistacienciaecultura.org.br\/?p=9525"},"modified":"2026-01-05T19:25:43","modified_gmt":"2026-01-05T19:25:43","slug":"sbpc-e-abc-encaminham-contribuicoes-para-a-encti-2024-2034","status":"publish","type":"post","link":"https:\/\/revistacienciaecultura.org.br\/?p=9525","title":{"rendered":"SBPC e ABC encaminham contribui\u00e7\u00f5es para a ENCTI 2024-2034"},"content":{"rendered":"<h4 id=\"no-documento-entidades-alertam-para-ausencia-de-politicas-voltadas-a-inclusao-ao-mercado-de-trabalho-falta-de-seguranca-do-financiamento-do-setor-e-carencia-de-metodologias-de-monitoramento-e-avalia\"><span style=\"color: #808080;\">No documento, entidades alertam para aus\u00eancia de pol\u00edticas voltadas \u00e0 inclus\u00e3o ao mercado de trabalho, falta de seguran\u00e7a do financiamento do setor e car\u00eancia de metodologias de monitoramento e avalia\u00e7\u00e3o das pol\u00edticas cient\u00edficas.<\/span><\/h4>\n<p>&nbsp;<\/p>\n<p>A Sociedade Brasileira para o Progresso da Ci\u00eancia (SBPC) e a Academia Brasileira de Ci\u00eancias (ABC) apresentam as suas contribui\u00e7\u00f5es ao texto da Estrat\u00e9gia Nacional de Ci\u00eancia, Tecnologia e Inova\u00e7\u00e3o (ENCTI) 2024\u20132034, atualmente em consulta p\u00fablica at\u00e9 o dia 30 de janeiro.<\/p>\n<p>As contribui\u00e7\u00f5es est\u00e3o compiladas em um documento, resultado de um processo de escuta e reflex\u00e3o coletiva envolvendo as Diretorias, o Conselho da SBPC e as Sociedades Cient\u00edficas Afiliadas (SCAs). O objetivo \u00e9 trazer pontos qualificados e ancorados nos debates da 5\u00aa Confer\u00eancia Nacional de CT&amp;I (5\u00aa CNCTI) e na avalia\u00e7\u00e3o cr\u00edtica do funcionamento do Sistema Nacional de CT&amp;I.<\/p>\n<p><strong>A SBPC convida todas as Sociedades Cient\u00edficas Afiliadas a compartilharem o documento em suas redes de divulga\u00e7\u00e3o.<\/strong><\/p>\n<p>Para as entidades, embora a ENCTI 2024\u20132034 se declare fortemente ancorada nas delibera\u00e7\u00f5es da 5\u00aa CNCTI, ainda carece de maior transpar\u00eancia quanto \u00e0 incorpora\u00e7\u00e3o efetiva de pol\u00edticas e aos crit\u00e9rios utilizados para prioriza\u00e7\u00e3o, consolida\u00e7\u00e3o ou exclus\u00e3o de propostas.<\/p>\n<p>A SBPC e a ABC tamb\u00e9m ressaltam que o documento da Estrat\u00e9gia Nacional de CT&amp;I peca por n\u00e3o trazer diretrizes em prol de uma articula\u00e7\u00e3o expl\u00edcita entre Ci\u00eancia, Tecnologia e Inova\u00e7\u00e3o e mercado de trabalho, estimulando a forma\u00e7\u00e3o profissional e gera\u00e7\u00e3o de empregos qualificados.<\/p>\n<p>Outro ponto \u00e9 a quest\u00e3o de financiamento das pol\u00edticas cient\u00edficas. Por mais que a ENCTI defenda o investimento de 2% do PIB (Produto Interno Bruto) em Pesquisa &amp; Desenvolvimento, ela n\u00e3o diferencia as fontes de financiamento p\u00fablicas e nem defende a cria\u00e7\u00e3o de mecanismos para a estabilidade dos recursos \u2013 hoje, os investimentos em CT&amp;I s\u00e3o vulner\u00e1veis a ciclos fiscais e decis\u00f5es conjunturais.<\/p>\n<p>Al\u00e9m disso, o documento chama a aten\u00e7\u00e3o para a aus\u00eancia de um modelo robusto de monitoramento, avalia\u00e7\u00e3o e revis\u00e3o das pol\u00edticas cient\u00edficas:<\/p>\n<p>\u201cA Estrat\u00e9gia reconhece a import\u00e2ncia do monitoramento, mas transfere essa responsabilidade para o futuro PACTI [Plano de A\u00e7\u00e3o em Ci\u00eancia, Tecnologia e Inova\u00e7\u00e3o], e n\u00e3o define indicadores-chave de desempenho, metas intermedi\u00e1rias, periodicidade de avalia\u00e7\u00e3o, inst\u00e2ncia respons\u00e1vel independente e mecanismos de corre\u00e7\u00e3o de rota\u201d, aponta o documento.<\/p>\n<p>As entidades concluem que a n\u00e3o incorpora\u00e7\u00e3o dos apontamentos listados no documento pode fazer com que a ENCTI 2024-2034 reproduza padr\u00f5es hist\u00f3ricos das outras Estrat\u00e9gias Nacionais de CT&amp;I elaboradas no Brasil em anos anteriores, se tornando \u201crobustas no plano ret\u00f3rico, mas fr\u00e1geis na execu\u00e7\u00e3o, e com custos elevados para a soberania cient\u00edfica, tecnol\u00f3gica e social do Pa\u00eds.\u201d<\/p>\n<p><span style=\"color: #800000;\"><strong><a style=\"color: #800000;\" href=\"http:\/\/www.jornaldaciencia.org.br\/wp-content\/uploads\/2026\/01\/Recomendac%CC%A7o%CC%83esdaABC_SBPC_ENCTI29Dez15h.pdf\" target=\"_blank\" rel=\"noopener\">Veja o documento na \u00edntegra<\/a>.<\/strong><\/span><\/p>\n<p><strong>Consulta p\u00fablica da ENCTI \u00e9 prorrogada at\u00e9 30 de janeiro<\/strong><\/p>\n<p>A consulta p\u00fablica para a Estrat\u00e9gia Nacional de Ci\u00eancia, Tecnologia e Inova\u00e7\u00e3o (ENCTI) foi\u00a0<strong>prorrogada at\u00e9 o dia 30 de janeiro<\/strong>. Por meio do portal Brasil Participativo, do Governo Federal, todo cidad\u00e3o pode consultar o documento da ENCTI e encaminhar suas contribui\u00e7\u00f5es.<\/p>\n<p>A ENCTI \u00e9 um documento que direcionar\u00e1 as pol\u00edticas cient\u00edficas nacionais durante 10 anos, considerando o per\u00edodo de 2024 a 2034. Ela nasceu dos debates e da participa\u00e7\u00e3o de mais de 100 mil pessoas no decorrer da programa\u00e7\u00e3o da 5\u00aa Confer\u00eancia Nacional de Ci\u00eancia, Tecnologia e Inova\u00e7\u00e3o (5\u00aa CNCTI).<\/p>\n<p>\u00c9 poss\u00edvel consultar o documento completo da ENCTI\u00a0<span style=\"color: #800000;\"><strong><a style=\"color: #800000;\" href=\"https:\/\/brasilparticipativo.presidencia.gov.br\/rails\/active_storage\/blobs\/redirect\/eyJfcmFpbHMiOnsibWVzc2FnZSI6IkJBaHBBOXBxQVE9PSIsImV4cCI6bnVsbCwicHVyIjoiYmxvYl9pZCJ9fQ==--9abb72f8529244fdf1c391b6b9506cea62fcbff6\/ENCTI_2024-2030_TextoBaseCompleto.pdf\" target=\"_blank\" rel=\"noopener\">neste link<\/a><\/strong><\/span>. Para enviar suas contribui\u00e7\u00f5es, \u00e9 necess\u00e1rio acessar a p\u00e1gina correspondente \u00e0\u00a0<span style=\"color: #800000;\"><strong><a style=\"color: #800000;\" href=\"https:\/\/brasilparticipativo.presidencia.gov.br\/processes\/ENCTI2024-2034\" target=\"_blank\" rel=\"noopener\">ENCTI no portal Brasil Participativo<\/a><\/strong><\/span>, que re\u00fane as consultas p\u00fablicas realizadas pelo Governo Federal \u00e0 popula\u00e7\u00e3o. Tamb\u00e9m \u00e9 importante que, ao encaminhar sua sugest\u00e3o acerca do documento, que a pessoa especifique a p\u00e1gina, o t\u00f3pico ou item a que se refere.<\/p>\n<p>A consulta p\u00fablica sobre a ENCTI est\u00e1 dividida em tr\u00eas partes. Cada pessoa pode enviar suas colabora\u00e7\u00f5es sobre os\u00a0<strong>Fundamentos e Contexto da ENCTI 2024-2034<\/strong>, os\u00a0<strong>Quatro Eixos Estruturantes da ENCTI<\/strong>\u00a0e\/ou acerca da\u00a0<strong>Governan\u00e7a e Diretrizes de Implementa\u00e7\u00e3o da ENCTI<\/strong>. Para mais informa\u00e7\u00f5es, \u00e9 poss\u00edvel consultar uma\u00a0<span style=\"color: #800000;\"><strong><a style=\"color: #800000;\" href=\"https:\/\/brasilparticipativo.presidencia.gov.br\/processes\/ENCTI2024-2034\/f\/2134\/\" target=\"_blank\" rel=\"noopener\">p\u00e1gina de passo a passo no Brasil Participativo<\/a><\/strong><\/span>.<\/p>\n<p>&nbsp;<\/p>\n<p><span style=\"color: #808080;\"><em>Jornal da Ci\u00eancia<\/em><\/span><\/p>\n","protected":false},"excerpt":{"rendered":"No documento, entidades alertam para aus\u00eancia de pol\u00edticas voltadas \u00e0 inclus\u00e3o ao&hellip;\n","protected":false},"author":19,"featured_media":8276,"comment_status":"open","ping_status":"open","sticky":false,"template":"","format":"standard","meta":[],"categories":[1,2],"tags":[],"acf":[],"_links":{"self":[{"href":"https:\/\/revistacienciaecultura.org.br\/index.php?rest_route=\/wp\/v2\/posts\/9525"}],"collection":[{"href":"https:\/\/revistacienciaecultura.org.br\/index.php?rest_route=\/wp\/v2\/posts"}],"about":[{"href":"https:\/\/revistacienciaecultura.org.br\/index.php?rest_route=\/wp\/v2\/types\/post"}],"author":[{"embeddable":true,"href":"https:\/\/revistacienciaecultura.org.br\/index.php?rest_route=\/wp\/v2\/users\/19"}],"replies":[{"embeddable":true,"href":"https:\/\/revistacienciaecultura.org.br\/index.php?rest_route=%2Fwp%2Fv2%2Fcomments&post=9525"}],"version-history":[{"count":1,"href":"https:\/\/revistacienciaecultura.org.br\/index.php?rest_route=\/wp\/v2\/posts\/9525\/revisions"}],"predecessor-version":[{"id":9526,"href":"https:\/\/revistacienciaecultura.org.br\/index.php?rest_route=\/wp\/v2\/posts\/9525\/revisions\/9526"}],"wp:featuredmedia":[{"embeddable":true,"href":"https:\/\/revistacienciaecultura.org.br\/index.php?rest_route=\/wp\/v2\/media\/8276"}],"wp:attachment":[{"href":"https:\/\/revistacienciaecultura.org.br\/index.php?rest_route=%2Fwp%2Fv2%2Fmedia&parent=9525"}],"wp:term":[{"taxonomy":"category","embeddable":true,"href":"https:\/\/revistacienciaecultura.org.br\/index.php?rest_route=%2Fwp%2Fv2%2Fcategories&post=9525"},{"taxonomy":"post_tag","embeddable":true,"href":"https:\/\/revistacienciaecultura.org.br\/index.php?rest_route=%2Fwp%2Fv2%2Ftags&post=9525"}],"curies":[{"name":"wp","href":"https:\/\/api.w.org\/{rel}","templated":true}]}}