{"id":9547,"date":"2026-01-13T07:30:59","date_gmt":"2026-01-13T07:30:59","guid":{"rendered":"https:\/\/revistacienciaecultura.org.br\/?p=9547"},"modified":"2026-02-06T18:47:35","modified_gmt":"2026-02-06T18:47:35","slug":"inscricoes-para-a-78a-reuniao-anual-da-sbpc-estao-abertas","status":"publish","type":"post","link":"https:\/\/revistacienciaecultura.org.br\/?p=9547","title":{"rendered":"Inscri\u00e7\u00f5es para a 78\u00aa Reuni\u00e3o Anual da SBPC est\u00e3o abertas!"},"content":{"rendered":"<h4 id=\"com-o-tema-ciencia-para-todos-soberania-desenvolvimento-e-inclusao-o-evento-acontece-de-26-de-julho-a-1o-de-agosto-de-2026-na-universidade-federal-fluminense-em-niteroi-submiss\"><span style=\"color: #808080;\">Com o tema \u201cCi\u00eancia para todos: soberania, desenvolvimento e inclus\u00e3o\u201d, o evento acontece de 26 de julho a 1\u00ba de agosto de 2026, na Universidade Federal Fluminense, em Niter\u00f3i. Submiss\u00f5es de trabalhos v\u00e3o at\u00e9 25 de mar\u00e7o<\/span><\/h4>\n<p>&nbsp;<\/p>\n<p>Est\u00e3o abertas as inscri\u00e7\u00f5es para a\u00a0<strong>78\u00aa Reuni\u00e3o Anual da Sociedade Brasileira para o Progresso da Ci\u00eancia (SBPC)<\/strong>, o maior evento cient\u00edfico da Am\u00e9rica Latina. Promovida em parceria com a\u00a0<strong>Universidade Federal Fluminense (UFF)<\/strong>, a Reuni\u00e3o ser\u00e1 realizada entre os dias 26 de julho e 1\u00ba de agosto de 2026, no campus da UFF, em\u00a0<strong>Niter\u00f3i (RJ)<\/strong>, e ter\u00e1 como tema central\u00a0<strong>\u201cCi\u00eancia para todos: soberania, desenvolvimento e inclus\u00e3o\u201d<\/strong>.<\/p>\n<p>Reconhecida historicamente como um espa\u00e7o plural de reflex\u00e3o, debate e formula\u00e7\u00e3o de propostas, a Reuni\u00e3o Anual da SBPC re\u00fane a comunidade cient\u00edfica, educadores, estudantes, gestores p\u00fablicos e a sociedade em torno dos grandes desafios do pa\u00eds.\u00a0<strong>Ao longo de uma semana, o evento concentrar\u00e1 centenas de atividades<\/strong>, entre confer\u00eancias, mesas-redondas, sess\u00f5es de p\u00f4steres, minicursos, atividades culturais, exposi\u00e7\u00f5es e a\u00e7\u00f5es interativas de divulga\u00e7\u00e3o cient\u00edfica, abordando temas estrat\u00e9gicos para o desenvolvimento cient\u00edfico, tecnol\u00f3gico e social do Brasil.<\/p>\n<p>A programa\u00e7\u00e3o \u00e9 voltada a estudantes e professores da educa\u00e7\u00e3o b\u00e1sica, t\u00e9cnica e superior, pesquisadores, profissionais de diferentes \u00e1reas e ao p\u00fablico em geral, reafirmando o compromisso da SBPC com a democratiza\u00e7\u00e3o do conhecimento e o fortalecimento do di\u00e1logo entre ci\u00eancia e sociedade.<\/p>\n<p><strong>A participa\u00e7\u00e3o no evento \u00e9 gratuita<\/strong>, sendo aplicadas taxas apenas para aqueles que optarem pela aquisi\u00e7\u00e3o do material oficial da Reuni\u00e3o, pela inscri\u00e7\u00e3o em minicursos e webminicursos \u2014 que oferecem aprofundamento em temas espec\u00edficos \u2014 ou para autores com trabalhos aprovados na Sess\u00e3o de P\u00f4steres.<\/p>\n<p>Os interessados em submeter trabalhos \u00e0 Sess\u00e3o de P\u00f4steres podem se inscrever at\u00e9 o dia 25 de mar\u00e7o. Esse prazo poder\u00e1 ser antecipado caso o limite de trabalhos previsto para o evento seja atingido.<\/p>\n<p>Todas as informa\u00e7\u00f5es sobre inscri\u00e7\u00f5es, submiss\u00e3o de trabalhos e a programa\u00e7\u00e3o da 78\u00aa Reuni\u00e3o Anual est\u00e3o dispon\u00edveis no site oficial do evento:\u00a0<a href=\"https:\/\/ra.sbpcnet.org.br\/78RA\/\" target=\"_blank\" rel=\"noopener\"><span style=\"color: #800000;\">https:\/\/ra.sbpcnet.org.br\/78RA\/<\/span><\/a>.<\/p>\n<p><span style=\"color: #808080;\"><em>Jornal da Ci\u00eancia<\/em><\/span><\/p>\n<p>&nbsp;<\/p>\n<h6 id=\"ciencia-cultura-2022-by-sbpc-is-licensed-under-cc-by-sa-4-0\" style=\"text-align: center;\"><span style=\"color: #808080;\"><a style=\"color: #808080;\" href=\"https:\/\/revistacienciaecultura.org.br\/\">Ci\u00eancia &amp; Cultura<\/a>\u00a0\u00a9 2022 by\u00a0<a style=\"color: #808080;\" href=\"http:\/\/www.sbpcnet.org.br\/\">SBPC<\/a>\u00a0is licensed under\u00a0<a style=\"color: #808080;\" href=\"https:\/\/creativecommons.org\/licenses\/by-sa\/4.0\/\">CC BY-SA 4.0 \u00a0 <\/a><img loading=\"lazy\" class=\"\" src=\"https:\/\/mirrors.creativecommons.org\/presskit\/icons\/cc.svg\" alt=\"\" width=\"30\" height=\"30\" \/><img loading=\"lazy\" class=\"\" src=\"https:\/\/mirrors.creativecommons.org\/presskit\/icons\/by.svg\" alt=\"\" width=\"30\" height=\"30\" \/><img loading=\"lazy\" class=\"\" src=\"https:\/\/mirrors.creativecommons.org\/presskit\/icons\/sa.svg\" alt=\"\" width=\"30\" height=\"30\" \/><\/span><\/h6>\n","protected":false},"excerpt":{"rendered":"Com o tema \u201cCi\u00eancia para todos: soberania, desenvolvimento e inclus\u00e3o\u201d, o evento&hellip;\n","protected":false},"author":19,"featured_media":9482,"comment_status":"open","ping_status":"open","sticky":false,"template":"","format":"standard","meta":[],"categories":[1,2],"tags":[],"acf":[],"_links":{"self":[{"href":"https:\/\/revistacienciaecultura.org.br\/index.php?rest_route=\/wp\/v2\/posts\/9547"}],"collection":[{"href":"https:\/\/revistacienciaecultura.org.br\/index.php?rest_route=\/wp\/v2\/posts"}],"about":[{"href":"https:\/\/revistacienciaecultura.org.br\/index.php?rest_route=\/wp\/v2\/types\/post"}],"author":[{"embeddable":true,"href":"https:\/\/revistacienciaecultura.org.br\/index.php?rest_route=\/wp\/v2\/users\/19"}],"replies":[{"embeddable":true,"href":"https:\/\/revistacienciaecultura.org.br\/index.php?rest_route=%2Fwp%2Fv2%2Fcomments&post=9547"}],"version-history":[{"count":2,"href":"https:\/\/revistacienciaecultura.org.br\/index.php?rest_route=\/wp\/v2\/posts\/9547\/revisions"}],"predecessor-version":[{"id":9707,"href":"https:\/\/revistacienciaecultura.org.br\/index.php?rest_route=\/wp\/v2\/posts\/9547\/revisions\/9707"}],"wp:featuredmedia":[{"embeddable":true,"href":"https:\/\/revistacienciaecultura.org.br\/index.php?rest_route=\/wp\/v2\/media\/9482"}],"wp:attachment":[{"href":"https:\/\/revistacienciaecultura.org.br\/index.php?rest_route=%2Fwp%2Fv2%2Fmedia&parent=9547"}],"wp:term":[{"taxonomy":"category","embeddable":true,"href":"https:\/\/revistacienciaecultura.org.br\/index.php?rest_route=%2Fwp%2Fv2%2Fcategories&post=9547"},{"taxonomy":"post_tag","embeddable":true,"href":"https:\/\/revistacienciaecultura.org.br\/index.php?rest_route=%2Fwp%2Fv2%2Ftags&post=9547"}],"curies":[{"name":"wp","href":"https:\/\/api.w.org\/{rel}","templated":true}]}}