{"id":9608,"date":"2026-01-27T07:30:38","date_gmt":"2026-01-27T07:30:38","guid":{"rendered":"https:\/\/revistacienciaecultura.org.br\/?p=9608"},"modified":"2026-01-26T18:54:02","modified_gmt":"2026-01-26T18:54:02","slug":"sbpc-aborda-importancia-da-educacao-no-5o-encontro-do-ciclo-vozes-da-ciencia-o-brasil-que-queremos","status":"publish","type":"post","link":"https:\/\/revistacienciaecultura.org.br\/?p=9608","title":{"rendered":"SBPC aborda import\u00e2ncia da educa\u00e7\u00e3o no 5\u00ba encontro do ciclo \u201cVozes da Ci\u00eancia \u2013 O Brasil que queremos\u201d"},"content":{"rendered":"<h4 id=\"trazendo-o-tema-educacao-para-a-emancipacao-da-educacao-basica-a-pos-graduacao-evento-sera-no-dia-6-de-fevereiro-as-10h-com-transmissao-pelo-canal-da-sbpc-no-youtube\"><strong><span style=\"color: #808080;\">Trazendo o tema \u201cEduca\u00e7\u00e3o para a Emancipa\u00e7\u00e3o: da Educa\u00e7\u00e3o B\u00e1sica \u00e0 P\u00f3s-Gradua\u00e7\u00e3o\u201d, evento ser\u00e1 no dia\u00a06 de fevereiro, \u00e0s 10h, com transmiss\u00e3o pelo canal da SBPC no YouTube<\/span><\/strong><\/h4>\n<p>&nbsp;<\/p>\n<p>A Sociedade Brasileira para o Progresso da Ci\u00eancia (SBPC) promove, no dia\u00a06 de fevereiro, \u00e0s 10h, o 5\u00ba encontro do ciclo\u00a0<strong>\u201cVozes da Ci\u00eancia \u2013 O Brasil que queremos\u201d<\/strong>. O evento ser\u00e1 realizado de forma virtual, com transmiss\u00e3o ao vivo pelo canal da SBPC no YouTube (<span style=\"color: #800000;\"><strong><a style=\"color: #800000;\" href=\"http:\/\/www.youtube.com\/canalsbpc\" target=\"_blank\" rel=\"noopener\">www.youtube.com\/canalsbpc<\/a><\/strong><\/span>).<\/p>\n<p>A mesa\u00a0<strong>\u201cEduca\u00e7\u00e3o para a Emancipa\u00e7\u00e3o: da Educa\u00e7\u00e3o B\u00e1sica \u00e0 P\u00f3s-Gradua\u00e7\u00e3o\u201d<\/strong>\u00a0reunir\u00e1\u00a0<strong>Malvina Tuttman<\/strong>, professora titular da Universidade Federal do Estado do Rio de Janeiro (Unirio);\u00a0<strong>Marcia Angela da Silva Aguiar<\/strong>, professora titular em\u00e9rita da Universidade Federal de Pernambuco (UFPE) e presidente da Funda\u00e7\u00e3o Joaquim Nabuco;\u00a0<strong>Luiz Davidovich<\/strong>, professor em\u00e9rito da Universidade Federal do Rio de Janeiro (UFRJ); Renato Cordeiro, pesquisador em\u00e9rito do Instituto Oswaldo Cruz e membro do Conselho da SBPC, e\u00a0<strong>Giovana Lunardi<\/strong>, professora titular da Universidade do Estado de Santa Catarina (Udesc).<\/p>\n<p>A media\u00e7\u00e3o ser\u00e1 feita por\u00a0<strong>Miriam \u00c1lves F\u00e1bia<\/strong>, diretora financeira da Associa\u00e7\u00e3o Nacional de P\u00f3s-Gradua\u00e7\u00e3o e Pesquisa em Educa\u00e7\u00e3o (Anped) .<\/p>\n<p>Ao todo, o ciclo contar\u00e1 com\u00a0<strong>12 encontros virtuais, sempre \u00e0s 10h, com programa\u00e7\u00e3o prevista at\u00e9 24 de abril<\/strong>. As discuss\u00f5es ir\u00e3o subsidiar a elabora\u00e7\u00e3o de documentos propositivos, que ser\u00e3o organizados pela SBPC e encaminhados \u00e0s candidatas e aos candidatos nas elei\u00e7\u00f5es de 2026, como contribui\u00e7\u00e3o da comunidade cient\u00edfica para uma agenda nacional orientada pela ci\u00eancia, pela educa\u00e7\u00e3o e pela justi\u00e7a social.<\/p>\n<p><strong>Perguntas e coment\u00e1rios do p\u00fablico poder\u00e3o ser enviados pelo chat durante a transmiss\u00e3o ao vivo.<\/strong><\/p>\n<p><strong>Confira abaixo a programa\u00e7\u00e3o completa:<\/strong><\/p>\n<p><strong>28\/11\/2025\u00a0\u2013\u00a0<\/strong><span style=\"color: #800000;\"><a style=\"color: #800000;\" href=\"https:\/\/www.jornaldaciencia.org.br\/se-o-brasil-nao-fortalecer-suas-politicas-de-ciencia-e-educacao-se-tornara-um-pais-vulneravel-apontam-especialistas\/\" target=\"_blank\" rel=\"noopener\"><strong>O Lugar da Ci\u00eancia no Brasil que Queremos \u2013 Democracia e Soberania Sempre\u00a0<\/strong><\/a><strong>(<\/strong><a style=\"color: #800000;\" href=\"https:\/\/www.youtube.com\/watch?v=jatG_G3Lk_M&amp;t=6s\" target=\"_blank\" rel=\"noopener\"><strong>dispon\u00edvel na \u00edntegra no canal da SBPC no YouTube<\/strong><\/a><strong>).<\/strong><\/span><\/p>\n<p><strong>12\/12\/2025\u00a0\u2013\u00a0<\/strong><span style=\"color: #800000;\"><a style=\"color: #800000;\" href=\"https:\/\/www.jornaldaciencia.org.br\/brasil-precisa-assumir-a-dianteira-politica-para-o-enfrentamento-da-emergencia-climatica-apontam-especialistas\/\" target=\"_blank\" rel=\"noopener\"><strong>Clima, Biodiversidade, Energia e Seguran\u00e7a Alimentar: Desafios da Transi\u00e7\u00e3o Sustent\u00e1vel P\u00f3s-COP30<\/strong><\/a><strong>\u00a0(<\/strong><a style=\"color: #800000;\" href=\"https:\/\/www.youtube.com\/watch?v=V0Y7PMwb6vE\" target=\"_blank\" rel=\"noopener\"><strong>dispon\u00edvel no canal da SBPC no YouYube<\/strong><\/a><strong>)<\/strong><\/span><\/p>\n<p><strong>19\/12\/2025\u00a0\u2013\u00a0<\/strong><span style=\"color: #800000;\"><a style=\"color: #800000;\" href=\"https:\/\/www.jornaldaciencia.org.br\/novos-mecanismos-de-gestao-da-inovacao-e-financiamento-em-cti-impulsionarao-crescimento-do-brasil\/\" target=\"_blank\" rel=\"noopener\"><strong>Ci\u00eancia para o Desenvolvimento e a Reindustrializa\u00e7\u00e3o Sustent\u00e1vel: qual \u00e9 a agenda de C&amp;T para o Brasil?<\/strong><\/a><strong>\u00a0(<\/strong><a style=\"color: #800000;\" href=\"https:\/\/www.youtube.com\/watch?v=ArrV4ZdZNko\" target=\"_blank\" rel=\"noopener\"><strong>dispon\u00edvel no canal da SBPC<\/strong><\/a><strong>)<\/strong><\/span><\/p>\n<p><strong>23\/01\/2026\u00a0\u2013\u00a0<\/strong><span style=\"color: #800000;\"><a style=\"color: #800000;\" href=\"http:\/\/www.jornaldaciencia.org.br\/para-especialistas-mudancas-no-modelo-de-governanca-e-novas-formas-de-fomento-sao-essenciais-no-desenvolvimento-de-cti-no-pais\/\" target=\"_blank\" rel=\"noopener\"><strong>Financiamento da C&amp;T: Perspectivas para o Crescimento do Setor<\/strong><\/a><strong>\u00a0(<a style=\"color: #800000;\" href=\"mailto:https:\/\/www.youtube.com\/watch?v=CxzfAQKd5bE\" target=\"_blank\" rel=\"noopener\">dispon\u00edvel no canal da SBPC<\/a>)<\/strong><\/span><\/p>\n<p><strong>06\/02\/2026\u00a0\u2013 Educa\u00e7\u00e3o para a Emancipa\u00e7\u00e3o: da Educa\u00e7\u00e3o B\u00e1sica \u00e0 P\u00f3s-Gradua\u00e7\u00e3o<\/strong><\/p>\n<p><strong>27\/02\/2026\u00a0\u2013 Sa\u00fade P\u00fablica, Sa\u00fade Global e Vigil\u00e2ncia 360\u00ba<\/strong><\/p>\n<p><strong>13\/03\/2026\u00a0\u2013 Intelig\u00eancia Artificial e Soberania Digital<\/strong><\/p>\n<p><strong>20\/03\/2026\u00a0\u2013 Viol\u00eancia, Direitos e Justi\u00e7a Social<\/strong><\/p>\n<p><strong>27\/03\/2026\u00a0\u2013 Arte, Ci\u00eancia, Cultura e Liberdade de Express\u00e3o na Democracia<\/strong><\/p>\n<p><strong>10\/04\/2026\u00a0\u2013 Diversidade e Inclus\u00e3o no Enfrentamento das Desigualdades<\/strong><\/p>\n<p><strong>17\/04\/2026\u00a0\u2013 Liberdade de Express\u00e3o e Verdade<\/strong><\/p>\n<p><strong>24\/04\/2026\u00a0\u2013 A Pol\u00edtica de Ci\u00eancia, Tecnologia e Inova\u00e7\u00e3o e o Brasil que queremos<\/strong><\/p>\n<p><strong>\u00a0<\/strong><\/p>\n<p><span style=\"color: #808080;\"><em>Jornal da Ci\u00eancia<\/em><\/span><\/p>\n","protected":false},"excerpt":{"rendered":"Trazendo o tema \u201cEduca\u00e7\u00e3o para a Emancipa\u00e7\u00e3o: da Educa\u00e7\u00e3o B\u00e1sica \u00e0 P\u00f3s-Gradua\u00e7\u00e3o\u201d,&hellip;\n","protected":false},"author":19,"featured_media":8714,"comment_status":"open","ping_status":"open","sticky":false,"template":"","format":"standard","meta":[],"categories":[1,2],"tags":[],"acf":[],"_links":{"self":[{"href":"https:\/\/revistacienciaecultura.org.br\/index.php?rest_route=\/wp\/v2\/posts\/9608"}],"collection":[{"href":"https:\/\/revistacienciaecultura.org.br\/index.php?rest_route=\/wp\/v2\/posts"}],"about":[{"href":"https:\/\/revistacienciaecultura.org.br\/index.php?rest_route=\/wp\/v2\/types\/post"}],"author":[{"embeddable":true,"href":"https:\/\/revistacienciaecultura.org.br\/index.php?rest_route=\/wp\/v2\/users\/19"}],"replies":[{"embeddable":true,"href":"https:\/\/revistacienciaecultura.org.br\/index.php?rest_route=%2Fwp%2Fv2%2Fcomments&post=9608"}],"version-history":[{"count":2,"href":"https:\/\/revistacienciaecultura.org.br\/index.php?rest_route=\/wp\/v2\/posts\/9608\/revisions"}],"predecessor-version":[{"id":9610,"href":"https:\/\/revistacienciaecultura.org.br\/index.php?rest_route=\/wp\/v2\/posts\/9608\/revisions\/9610"}],"wp:featuredmedia":[{"embeddable":true,"href":"https:\/\/revistacienciaecultura.org.br\/index.php?rest_route=\/wp\/v2\/media\/8714"}],"wp:attachment":[{"href":"https:\/\/revistacienciaecultura.org.br\/index.php?rest_route=%2Fwp%2Fv2%2Fmedia&parent=9608"}],"wp:term":[{"taxonomy":"category","embeddable":true,"href":"https:\/\/revistacienciaecultura.org.br\/index.php?rest_route=%2Fwp%2Fv2%2Fcategories&post=9608"},{"taxonomy":"post_tag","embeddable":true,"href":"https:\/\/revistacienciaecultura.org.br\/index.php?rest_route=%2Fwp%2Fv2%2Ftags&post=9608"}],"curies":[{"name":"wp","href":"https:\/\/api.w.org\/{rel}","templated":true}]}}