{"id":9899,"date":"2026-03-10T07:30:08","date_gmt":"2026-03-10T07:30:08","guid":{"rendered":"https:\/\/revistacienciaecultura.org.br\/?p=9899"},"modified":"2026-03-09T18:10:40","modified_gmt":"2026-03-09T18:10:40","slug":"sbpc-e-uff-lancam-a-78a-reuniao-anual-em-niteroi","status":"publish","type":"post","link":"https:\/\/revistacienciaecultura.org.br\/?p=9899","title":{"rendered":"SBPC e UFF lan\u00e7am a 78\u00aa Reuni\u00e3o Anual em Niter\u00f3i"},"content":{"rendered":"<h4 id=\"com-representantes-da-sbpc-da-uff-da-prefeitura-de-niteroi-e-da-faperj-solenidade-nesta-sexta-feira-13-de-marco-marca-inicio-da-mobilizacao-para-o-maior-evento-cientifico-da-america-latina-que-s\"><strong><span style=\"color: #808080;\">Com representantes da SBPC, da UFF, da Prefeitura de Niter\u00f3i e da Faperj, solenidade nesta sexta-feira, 13 de mar\u00e7o, marca in\u00edcio da mobiliza\u00e7\u00e3o para o maior evento cient\u00edfico da Am\u00e9rica Latina, que ser\u00e1 realizado de 26 de julho a 1\u00ba de agosto de 2026<\/span><\/strong><\/h4>\n<p>&nbsp;<\/p>\n<p>A Sociedade Brasileira para o Progresso da Ci\u00eancia (SBPC) e a Universidade Federal Fluminense (UFF) realizam no dia 13 de mar\u00e7o, \u00e0s 10h, no Audit\u00f3rio do Caminho Niemeyer, em Niter\u00f3i (RJ), o lan\u00e7amento oficial da 78\u00aa Reuni\u00e3o Anual (RA) da SBPC.<\/p>\n<p>A solenidade marca o in\u00edcio da mobiliza\u00e7\u00e3o para o evento cient\u00edfico que ser\u00e1 realizado de 26 de julho a 1\u00ba de agosto de 2026, no campus da UFF, em Niter\u00f3i.<\/p>\n<p>Reconhecida como o maior encontro cient\u00edfico da Am\u00e9rica Latina, a Reuni\u00e3o Anual da SBPC re\u00fane pesquisadores, professores, estudantes e p\u00fablico interessado em ci\u00eancia para discutir temas centrais da agenda nacional nas \u00e1reas de ci\u00eancia, educa\u00e7\u00e3o, tecnologia e inova\u00e7\u00e3o.<\/p>\n<p>A edi\u00e7\u00e3o de 2026 ter\u00e1 como tema\u00a0<strong>\u201c<\/strong><strong>Ci\u00eancia para todos: soberania, desenvolvimento e inclus\u00e3o\u201d\u00a0<\/strong>e a expectativa \u00e9 de reunir cerca de 50 mil participantes ao longo de sua programa\u00e7\u00e3o cient\u00edfica, educacional e cultural.<\/p>\n<p>A cerim\u00f4nia de lan\u00e7amento contar\u00e1 com a participa\u00e7\u00e3o de representantes da SBPC, da UFF, da Prefeitura de Niter\u00f3i e da Funda\u00e7\u00e3o Carlos Chagas Filho de Amparo \u00e0 Pesquisa do Estado do Rio de Janeiro (Faperj).<\/p>\n<p>Realizada desde 1949, a Reuni\u00e3o Anual da SBPC consolidou-se como um dos principais espa\u00e7os de encontro entre a comunidade cient\u00edfica e a sociedade, contribuindo para o debate p\u00fablico sobre os rumos da ci\u00eancia, da educa\u00e7\u00e3o e do desenvolvimento nacional.<\/p>\n<p><strong>SERVI\u00c7O<\/strong><\/p>\n<p><strong>Lan\u00e7amento da 78\u00aa Reuni\u00e3o Anual da SBPC<\/strong><\/p>\n<p>&nbsp;<\/p>\n<p>Data: 13 de mar\u00e7o de 2026<\/p>\n<p>Hor\u00e1rio: 10h<\/p>\n<p>Local: Audit\u00f3rio do Caminho Niemeyer<\/p>\n<p>Rua Jornalista Rog\u00e9rio Coelho Neto, s\/n\u00ba \u2013 Centro, Niter\u00f3i (RJ)<\/p>\n<p>&nbsp;<\/p>\n<p><span style=\"color: #808080;\"><em>Jornal da Ci\u00eancia, com informa\u00e7\u00f5es da UFF<\/em><\/span><\/p>\n","protected":false},"excerpt":{"rendered":"Com representantes da SBPC, da UFF, da Prefeitura de Niter\u00f3i e da&hellip;\n","protected":false},"author":19,"featured_media":9482,"comment_status":"open","ping_status":"open","sticky":false,"template":"","format":"standard","meta":[],"categories":[1,2],"tags":[],"acf":[],"_links":{"self":[{"href":"https:\/\/revistacienciaecultura.org.br\/index.php?rest_route=\/wp\/v2\/posts\/9899"}],"collection":[{"href":"https:\/\/revistacienciaecultura.org.br\/index.php?rest_route=\/wp\/v2\/posts"}],"about":[{"href":"https:\/\/revistacienciaecultura.org.br\/index.php?rest_route=\/wp\/v2\/types\/post"}],"author":[{"embeddable":true,"href":"https:\/\/revistacienciaecultura.org.br\/index.php?rest_route=\/wp\/v2\/users\/19"}],"replies":[{"embeddable":true,"href":"https:\/\/revistacienciaecultura.org.br\/index.php?rest_route=%2Fwp%2Fv2%2Fcomments&post=9899"}],"version-history":[{"count":2,"href":"https:\/\/revistacienciaecultura.org.br\/index.php?rest_route=\/wp\/v2\/posts\/9899\/revisions"}],"predecessor-version":[{"id":9901,"href":"https:\/\/revistacienciaecultura.org.br\/index.php?rest_route=\/wp\/v2\/posts\/9899\/revisions\/9901"}],"wp:featuredmedia":[{"embeddable":true,"href":"https:\/\/revistacienciaecultura.org.br\/index.php?rest_route=\/wp\/v2\/media\/9482"}],"wp:attachment":[{"href":"https:\/\/revistacienciaecultura.org.br\/index.php?rest_route=%2Fwp%2Fv2%2Fmedia&parent=9899"}],"wp:term":[{"taxonomy":"category","embeddable":true,"href":"https:\/\/revistacienciaecultura.org.br\/index.php?rest_route=%2Fwp%2Fv2%2Fcategories&post=9899"},{"taxonomy":"post_tag","embeddable":true,"href":"https:\/\/revistacienciaecultura.org.br\/index.php?rest_route=%2Fwp%2Fv2%2Ftags&post=9899"}],"curies":[{"name":"wp","href":"https:\/\/api.w.org\/{rel}","templated":true}]}}